{"id":12733,"date":"2023-10-17T16:21:34","date_gmt":"2023-10-17T14:21:34","guid":{"rendered":"https:\/\/semmelweis.hu\/pharmacology\/?p=12733"},"modified":"2024-01-19T11:02:42","modified_gmt":"2024-01-19T10:02:42","slug":"egysegben-az-ero-csapatokban-teljesitettuk-a-maratoni-tavot","status":"publish","type":"post","link":"https:\/\/semmelweis.hu\/pharmacology\/2023\/10\/17\/egysegben-az-ero-csapatokban-teljesitettuk-a-maratoni-tavot\/","title":{"rendered":"Egys\u00e9gben az er\u0151 \u2013 csapatokban teljes\u00edtett\u00fck a maratoni t\u00e1vot"},"content":{"rendered":"<p style=\"text-align: justify\">Rekord nevez\u00e9s \u00e9rkezett id\u00e9n int\u00e9zet\u00fcnk r\u00e9sz\u00e9r\u0151l a 38. Spar Budapest Maraton Fut\u00f3fesztiv\u00e1lra, melyet vas\u00e1rnap rendeztek meg a belv\u00e1rosban. A Tolle Mini Trappista Maratonstaf\u00e9t\u00e1n indultunk \u00e9s 4 f\u0151s csapatokban teljes\u00edtett\u00fck a maratoni t\u00e1vot. Kedv\u00fcnket az id\u0151nk\u00e9nt szemerk\u00e9l\u0151 es\u0151 \u00e9s a felt\u00e9mad\u00f3 sz\u00e9l sem szegte, igazi fut\u00f3 id\u0151ben v\u00e1gtunk neki a megm\u00e9rettet\u00e9snek, melyen a j\u00f3 hangulat, a r\u00e9szv\u00e9tel \u00e9s a csapatszellem er\u0151s\u00edt\u00e9se volt a c\u00e9l.<\/p>\n<p><figure id=\"attachment_13077\" aria-describedby=\"caption-attachment-13077\" style=\"width: 320px\" class=\"wp-caption alignleft\"><a href=\"https:\/\/semmelweis.hu\/pharmacology\/files\/2023\/10\/Oszikek-scaled.jpg\"><img loading=\"lazy\" decoding=\"async\" class=\"wp-image-13077\" src=\"https:\/\/semmelweis.hu\/pharmacology\/files\/2023\/10\/Oszikek-scaled.jpg\" alt=\"\" width=\"320\" height=\"240\" srcset=\"https:\/\/semmelweis.hu\/pharmacology\/files\/2023\/10\/Oszikek-scaled.jpg 2560w, https:\/\/semmelweis.hu\/pharmacology\/files\/2023\/10\/Oszikek-400x300.jpg 400w, https:\/\/semmelweis.hu\/pharmacology\/files\/2023\/10\/Oszikek-1024x768.jpg 1024w, https:\/\/semmelweis.hu\/pharmacology\/files\/2023\/10\/Oszikek-768x576.jpg 768w, https:\/\/semmelweis.hu\/pharmacology\/files\/2023\/10\/Oszikek-1536x1152.jpg 1536w, https:\/\/semmelweis.hu\/pharmacology\/files\/2023\/10\/Oszikek-2048x1536.jpg 2048w, https:\/\/semmelweis.hu\/pharmacology\/files\/2023\/10\/Oszikek-753x565.jpg 753w\" sizes=\"auto, (max-width: 320px) 100vw, 320px\" \/><\/a><figcaption id=\"caption-attachment-13077\" class=\"wp-caption-text\">\u0150szik\u00e9k csapat<\/figcaption><\/figure> <figure id=\"attachment_13076\" aria-describedby=\"caption-attachment-13076\" style=\"width: 320px\" class=\"wp-caption alignleft\"><a href=\"https:\/\/semmelweis.hu\/pharmacology\/files\/2023\/10\/Fussh.jpg\"><img loading=\"lazy\" decoding=\"async\" class=\"wp-image-13076 size-full\" src=\"https:\/\/semmelweis.hu\/pharmacology\/files\/2023\/10\/Fussh.jpg\" alt=\"\" width=\"320\" height=\"240\" \/><\/a><figcaption id=\"caption-attachment-13076\" class=\"wp-caption-text\">Fussh csapat<\/figcaption><\/figure> <figure id=\"attachment_13074\" aria-describedby=\"caption-attachment-13074\" style=\"width: 320px\" class=\"wp-caption alignleft\"><a href=\"https:\/\/semmelweis.hu\/pharmacology\/files\/2023\/10\/Varakozo_verek.jpg\"><img loading=\"lazy\" decoding=\"async\" class=\"wp-image-13074 size-full\" src=\"https:\/\/semmelweis.hu\/pharmacology\/files\/2023\/10\/Varakozo_verek.jpg\" alt=\"\" width=\"320\" height=\"240\" \/><\/a><figcaption id=\"caption-attachment-13074\" class=\"wp-caption-text\">V\u00e1rakoz\u00f3 v\u00e9rek csapat<\/figcaption><\/figure> <figure id=\"attachment_13078\" aria-describedby=\"caption-attachment-13078\" style=\"width: 240px\" class=\"wp-caption alignleft\"><a href=\"https:\/\/semmelweis.hu\/pharmacology\/files\/2023\/10\/Szonik.jpg\"><img loading=\"lazy\" decoding=\"async\" class=\"wp-image-13078\" src=\"https:\/\/semmelweis.hu\/pharmacology\/files\/2023\/10\/Szonik.jpg\" alt=\"\" width=\"240\" height=\"320\" srcset=\"https:\/\/semmelweis.hu\/pharmacology\/files\/2023\/10\/Szonik.jpg 1536w, https:\/\/semmelweis.hu\/pharmacology\/files\/2023\/10\/Szonik-300x400.jpg 300w, https:\/\/semmelweis.hu\/pharmacology\/files\/2023\/10\/Szonik-768x1024.jpg 768w, https:\/\/semmelweis.hu\/pharmacology\/files\/2023\/10\/Szonik-1152x1536.jpg 1152w, https:\/\/semmelweis.hu\/pharmacology\/files\/2023\/10\/Szonik-753x1004.jpg 753w\" sizes=\"auto, (max-width: 240px) 100vw, 240px\" \/><\/a><figcaption id=\"caption-attachment-13078\" class=\"wp-caption-text\">Szonik csapat<\/figcaption><\/figure><\/p>\n<p style=\"text-align: justify\"><a href=\"https:\/\/semmelweis.hu\/pharmacology\/files\/2023\/10\/Csoportkep_befuto.jpg\"><img loading=\"lazy\" decoding=\"async\" class=\"size-full wp-image-13075 alignleft\" src=\"https:\/\/semmelweis.hu\/pharmacology\/files\/2023\/10\/Csoportkep_befuto.jpg\" alt=\"\" width=\"320\" height=\"240\" \/><\/a><\/p>\n","protected":false},"excerpt":{"rendered":"<p>Rekord nevez\u00e9s \u00e9rkezett id\u00e9n int\u00e9zet\u00fcnk r\u00e9sz\u00e9r\u0151l a 38. Spar Budapest Maraton Fut\u00f3fesztiv\u00e1lra, melyet vas\u00e1rnap rendeztek meg a belv\u00e1rosban. A Tolle Mini Trappista Maratonstaf\u00e9t\u00e1n indultunk \u00e9s 4 f\u0151s csapatokban teljes\u00edtett\u00fck a maratoni t\u00e1vot. Kedv\u00fcnket az id\u0151nk\u00e9nt szemerk\u00e9l\u0151 es\u0151 \u00e9s a felt\u00e9mad\u00f3 sz\u00e9l sem szegte, igazi fut\u00f3 id\u0151ben v\u00e1gtunk neki a megm\u00e9rettet\u00e9snek, melyen a j\u00f3 hangulat, a &hellip;<\/p>\n","protected":false},"author":101941,"featured_media":12735,"comment_status":"closed","ping_status":"closed","sticky":false,"template":"","format":"standard","meta":{"_acf_changed":false,"footnotes":""},"categories":[407],"tags":[],"class_list":["post-12733","post","type-post","status-publish","format-standard","has-post-thumbnail","hentry","category-hirek"],"acf":[],"_links":{"self":[{"href":"https:\/\/semmelweis.hu\/pharmacology\/wp-json\/wp\/v2\/posts\/12733","targetHints":{"allow":["GET"]}}],"collection":[{"href":"https:\/\/semmelweis.hu\/pharmacology\/wp-json\/wp\/v2\/posts"}],"about":[{"href":"https:\/\/semmelweis.hu\/pharmacology\/wp-json\/wp\/v2\/types\/post"}],"author":[{"embeddable":true,"href":"https:\/\/semmelweis.hu\/pharmacology\/wp-json\/wp\/v2\/users\/101941"}],"replies":[{"embeddable":true,"href":"https:\/\/semmelweis.hu\/pharmacology\/wp-json\/wp\/v2\/comments?post=12733"}],"version-history":[{"count":5,"href":"https:\/\/semmelweis.hu\/pharmacology\/wp-json\/wp\/v2\/posts\/12733\/revisions"}],"predecessor-version":[{"id":13085,"href":"https:\/\/semmelweis.hu\/pharmacology\/wp-json\/wp\/v2\/posts\/12733\/revisions\/13085"}],"wp:featuredmedia":[{"embeddable":true,"href":"https:\/\/semmelweis.hu\/pharmacology\/wp-json\/wp\/v2\/media\/12735"}],"wp:attachment":[{"href":"https:\/\/semmelweis.hu\/pharmacology\/wp-json\/wp\/v2\/media?parent=12733"}],"wp:term":[{"taxonomy":"category","embeddable":true,"href":"https:\/\/semmelweis.hu\/pharmacology\/wp-json\/wp\/v2\/categories?post=12733"},{"taxonomy":"post_tag","embeddable":true,"href":"https:\/\/semmelweis.hu\/pharmacology\/wp-json\/wp\/v2\/tags?post=12733"}],"curies":[{"name":"wp","href":"https:\/\/api.w.org\/{rel}","templated":true}]}}