{"id":12322,"date":"2023-06-22T14:15:19","date_gmt":"2023-06-22T12:15:19","guid":{"rendered":"https:\/\/semmelweis.hu\/pharmacology\/?p=12322"},"modified":"2023-06-22T14:16:03","modified_gmt":"2023-06-22T12:16:03","slug":"kollegaink-is-reszt-vettek-a-nagysikeru-fame2023-konferencian","status":"publish","type":"post","link":"https:\/\/semmelweis.hu\/pharmacology\/2023\/06\/22\/kollegaink-is-reszt-vettek-a-nagysikeru-fame2023-konferencian\/","title":{"rendered":"Koll\u00e9g\u00e1ink is r\u00e9szt vettek a nagysiker\u0171 FAM\u00c92023 konferenci\u00e1n"},"content":{"rendered":"<p>Koll\u00e9g\u00e1ink is r\u00e9szt vettek a Magyar K\u00eds\u00e9rletes \u00e9s Klinikai Farmakol\u00f3giai T\u00e1rsas\u00e1g (MFT), a Magyar \u00c9lettani T\u00e1rsas\u00e1g (M\u00c9T), a Magyar Mikrocirkul\u00e1ci\u00f3s \u00e9s Vaszkul\u00e1ris Biol\u00f3giai T\u00e1rsas\u00e1g (MMVBT) szervez\u00e9s\u00e9ben \u00e9s Magyar Anat\u00f3mus T\u00e1rsas\u00e1g r\u00e9szv\u00e9tel\u00e9vel a M\u00e1tr\u00e1ban megrendezett FAM\u00c92023 konferenci\u00e1n, amely az elm\u00e9leti orvostudom\u00e1nyok legfontosabb hazai seregszeml\u00e9je.<\/p>\n<p>A FAM\u00c9 konferenci\u00e1k hagyom\u00e1ny\u00e1t k\u00f6vetve a konferencia f\u0151 c\u00e9lja a fiziol\u00f3gi\u00e1s szab\u00e1lyoz\u00f3 mechanizmusok \u00e9s a k\u00f3ros folyamatok meg\u00e9rt\u00e9se, visszaford\u00edt\u00e1si lehet\u0151s\u00e9geinek felt\u00e1r\u00e1sa sejt- \u00e9s molekul\u00e1ris \u00e9lettani-, molekul\u00e1ris biol\u00f3giai-, k\u00eds\u00e9rletes \u00e9s klinikai farmakol\u00f3giai-, immunol\u00f3giai-, anat\u00f3miai vizsg\u00e1latok sor\u00e1n. Tov\u00e1bb\u00e1 lehet\u0151s\u00e9g ny\u00edlik a tudom\u00e1nyos m\u0171helyekben foly\u00f3 mikrokering\u00e9si, a magatart\u00e1s \u00e9lettani vagy ter\u00e1pi\u00e1s c\u00e9l\u00fa transzl\u00e1ci\u00f3s kutat\u00e1sok eredm\u00e9nyeinek bemutat\u00e1s\u00e1ra is. Ezen bel\u00fcl konferenci\u00e1nk f\u0151 vonulata ebben az \u00e9vben a kutat\u00e1s \u00e9s gy\u00f3gy\u00edt\u00e1s molekul\u00e1ris eszk\u00f6zt\u00e1r\u00e1nak bemutat\u00e1sa az omik\u00e1kt\u00f3l a prec\u00edzi\u00f3s medicin\u00e1ig volt.<\/p>\n<p>Munkat\u00e1rsaink t\u00f6bb sz\u00f3beli el\u0151ad\u00e1st \u00e9s poszter prezent\u00e1ci\u00f3t is tartottak a konefernci\u00e1n.<\/p>\n<p><a href=\"https:\/\/semmelweis.hu\/pharmacology\/files\/2023\/06\/DSCN0569-scaled.jpg\"><img loading=\"lazy\" decoding=\"async\" class=\"alignleft wp-image-12325\" src=\"https:\/\/semmelweis.hu\/pharmacology\/files\/2023\/06\/DSCN0569-scaled.jpg\" alt=\"\" width=\"300\" height=\"400\" srcset=\"https:\/\/semmelweis.hu\/pharmacology\/files\/2023\/06\/DSCN0569-scaled.jpg 1920w, https:\/\/semmelweis.hu\/pharmacology\/files\/2023\/06\/DSCN0569-300x400.jpg 300w, https:\/\/semmelweis.hu\/pharmacology\/files\/2023\/06\/DSCN0569-768x1024.jpg 768w, https:\/\/semmelweis.hu\/pharmacology\/files\/2023\/06\/DSCN0569-1152x1536.jpg 1152w, https:\/\/semmelweis.hu\/pharmacology\/files\/2023\/06\/DSCN0569-1536x2048.jpg 1536w, https:\/\/semmelweis.hu\/pharmacology\/files\/2023\/06\/DSCN0569-753x1004.jpg 753w\" sizes=\"auto, (max-width: 300px) 100vw, 300px\" \/><\/a> <a href=\"https:\/\/semmelweis.hu\/pharmacology\/files\/2023\/06\/DSCN1387-scaled.jpg\"><img loading=\"lazy\" decoding=\"async\" class=\"alignleft wp-image-12324\" src=\"https:\/\/semmelweis.hu\/pharmacology\/files\/2023\/06\/DSCN1387-scaled.jpg\" alt=\"\" width=\"300\" height=\"400\" srcset=\"https:\/\/semmelweis.hu\/pharmacology\/files\/2023\/06\/DSCN1387-scaled.jpg 1920w, https:\/\/semmelweis.hu\/pharmacology\/files\/2023\/06\/DSCN1387-300x400.jpg 300w, https:\/\/semmelweis.hu\/pharmacology\/files\/2023\/06\/DSCN1387-768x1024.jpg 768w, https:\/\/semmelweis.hu\/pharmacology\/files\/2023\/06\/DSCN1387-1152x1536.jpg 1152w, https:\/\/semmelweis.hu\/pharmacology\/files\/2023\/06\/DSCN1387-1536x2048.jpg 1536w, https:\/\/semmelweis.hu\/pharmacology\/files\/2023\/06\/DSCN1387-753x1004.jpg 753w\" sizes=\"auto, (max-width: 300px) 100vw, 300px\" \/><\/a> <a href=\"https:\/\/semmelweis.hu\/pharmacology\/files\/2023\/06\/DSCN1425-scaled.jpg\"><img loading=\"lazy\" decoding=\"async\" class=\"alignnone wp-image-12323\" src=\"https:\/\/semmelweis.hu\/pharmacology\/files\/2023\/06\/DSCN1425-scaled.jpg\" alt=\"\" width=\"300\" height=\"400\" srcset=\"https:\/\/semmelweis.hu\/pharmacology\/files\/2023\/06\/DSCN1425-scaled.jpg 1920w, https:\/\/semmelweis.hu\/pharmacology\/files\/2023\/06\/DSCN1425-300x400.jpg 300w, https:\/\/semmelweis.hu\/pharmacology\/files\/2023\/06\/DSCN1425-768x1024.jpg 768w, https:\/\/semmelweis.hu\/pharmacology\/files\/2023\/06\/DSCN1425-1152x1536.jpg 1152w, https:\/\/semmelweis.hu\/pharmacology\/files\/2023\/06\/DSCN1425-1536x2048.jpg 1536w, https:\/\/semmelweis.hu\/pharmacology\/files\/2023\/06\/DSCN1425-753x1004.jpg 753w\" sizes=\"auto, (max-width: 300px) 100vw, 300px\" \/><\/a><\/p>\n","protected":false},"excerpt":{"rendered":"<p>Koll\u00e9g\u00e1ink is r\u00e9szt vettek a Magyar K\u00eds\u00e9rletes \u00e9s Klinikai Farmakol\u00f3giai T\u00e1rsas\u00e1g (MFT), a Magyar \u00c9lettani T\u00e1rsas\u00e1g (M\u00c9T), a Magyar Mikrocirkul\u00e1ci\u00f3s \u00e9s Vaszkul\u00e1ris Biol\u00f3giai T\u00e1rsas\u00e1g (MMVBT) szervez\u00e9s\u00e9ben \u00e9s Magyar Anat\u00f3mus T\u00e1rsas\u00e1g r\u00e9szv\u00e9tel\u00e9vel a M\u00e1tr\u00e1ban megrendezett FAM\u00c92023 konferenci\u00e1n, amely az elm\u00e9leti orvostudom\u00e1nyok legfontosabb hazai seregszeml\u00e9je. A FAM\u00c9 konferenci\u00e1k hagyom\u00e1ny\u00e1t k\u00f6vetve a konferencia f\u0151 c\u00e9lja a fiziol\u00f3gi\u00e1s szab\u00e1lyoz\u00f3 &hellip;<\/p>\n","protected":false},"author":101941,"featured_media":12320,"comment_status":"closed","ping_status":"closed","sticky":false,"template":"","format":"standard","meta":{"_acf_changed":false,"footnotes":""},"categories":[407],"tags":[],"class_list":["post-12322","post","type-post","status-publish","format-standard","has-post-thumbnail","hentry","category-hirek"],"acf":[],"_links":{"self":[{"href":"https:\/\/semmelweis.hu\/pharmacology\/wp-json\/wp\/v2\/posts\/12322","targetHints":{"allow":["GET"]}}],"collection":[{"href":"https:\/\/semmelweis.hu\/pharmacology\/wp-json\/wp\/v2\/posts"}],"about":[{"href":"https:\/\/semmelweis.hu\/pharmacology\/wp-json\/wp\/v2\/types\/post"}],"author":[{"embeddable":true,"href":"https:\/\/semmelweis.hu\/pharmacology\/wp-json\/wp\/v2\/users\/101941"}],"replies":[{"embeddable":true,"href":"https:\/\/semmelweis.hu\/pharmacology\/wp-json\/wp\/v2\/comments?post=12322"}],"version-history":[{"count":2,"href":"https:\/\/semmelweis.hu\/pharmacology\/wp-json\/wp\/v2\/posts\/12322\/revisions"}],"predecessor-version":[{"id":12327,"href":"https:\/\/semmelweis.hu\/pharmacology\/wp-json\/wp\/v2\/posts\/12322\/revisions\/12327"}],"wp:featuredmedia":[{"embeddable":true,"href":"https:\/\/semmelweis.hu\/pharmacology\/wp-json\/wp\/v2\/media\/12320"}],"wp:attachment":[{"href":"https:\/\/semmelweis.hu\/pharmacology\/wp-json\/wp\/v2\/media?parent=12322"}],"wp:term":[{"taxonomy":"category","embeddable":true,"href":"https:\/\/semmelweis.hu\/pharmacology\/wp-json\/wp\/v2\/categories?post=12322"},{"taxonomy":"post_tag","embeddable":true,"href":"https:\/\/semmelweis.hu\/pharmacology\/wp-json\/wp\/v2\/tags?post=12322"}],"curies":[{"name":"wp","href":"https:\/\/api.w.org\/{rel}","templated":true}]}}