{"id":12257,"date":"2023-05-17T17:28:18","date_gmt":"2023-05-17T15:28:18","guid":{"rendered":"https:\/\/semmelweis.hu\/pharmacology\/?p=12257"},"modified":"2023-05-23T10:37:02","modified_gmt":"2023-05-23T08:37:02","slug":"intezetunk-munkatarsai-is-reszt-vettek-az-mkt-2023-evi-tudomanyos-kongresszusan","status":"publish","type":"post","link":"https:\/\/semmelweis.hu\/pharmacology\/2023\/05\/17\/intezetunk-munkatarsai-is-reszt-vettek-az-mkt-2023-evi-tudomanyos-kongresszusan\/","title":{"rendered":"Int\u00e9zet\u00fcnk munkat\u00e1rsai is r\u00e9szt vettek az MKT 2023. \u00e9vi Tudom\u00e1nyos Kongresszus\u00e1n"},"content":{"rendered":"<p>Int\u00e9zet\u00fcnk munkat\u00e1rsai is r\u00e9szt vettek a 2023.05.10-14-e k\u00f6z\u00f6tt megrendezett MKT 2023. \u00e9vi Tudom\u00e1nyos Kongresszus\u00e1n. K\u00fcl\u00f6n b\u00fcszkes\u00e9g sz\u00e1munkra, hogy k\u00e9t fiatal PhD hallgat\u00f3nk, <strong>dr. Gergely Tam\u00e1s<\/strong> \u00e9s <strong>dr. Sayour Nabil Viktor<\/strong> elnyert\u00e9k a Magyar\u00a0 Kardiol\u00f3gusok T\u00e1rsas\u00e1ga\u00a0 idei\u00a0 \u00e9vi\u00a0 MKT \u00e9s\u00a0 a Richter Gedeon Nyrt. \u00e1ltal k\u00f6z\u00f6sen meghirdetett p\u00e1ly\u00e1zat\u00e1nak d\u00edj\u00e1t, melynek \u00e1tad\u00e1s\u00e1ra a Konferencia \u00fcnnep\u00e9lyes megnyit\u00f3j\u00e1n ker\u00fclt sor.<\/p>\n<p><img loading=\"lazy\" decoding=\"async\" class=\"alignleft\" src=\"https:\/\/semmelweis.hu\/pharmacology\/files\/2023\/05\/MKR_promo1-scaled.jpg\" alt=\"\" width=\"380\" height=\"285\" \/><img loading=\"lazy\" decoding=\"async\" class=\"alignleft\" src=\"https:\/\/semmelweis.hu\/pharmacology\/files\/2023\/05\/MKR_promo2-scaled.jpg\" alt=\"\" width=\"380\" height=\"285\" \/><\/p>\n","protected":false},"excerpt":{"rendered":"<p>Int\u00e9zet\u00fcnk munkat\u00e1rsai is r\u00e9szt vettek a 2023.05.10-14-e k\u00f6z\u00f6tt megrendezett MKT 2023. \u00e9vi Tudom\u00e1nyos Kongresszus\u00e1n. K\u00fcl\u00f6n b\u00fcszkes\u00e9g sz\u00e1munkra, hogy k\u00e9t fiatal PhD hallgat\u00f3nk, dr. Gergely Tam\u00e1s \u00e9s dr. Sayour Nabil Viktor elnyert\u00e9k a Magyar\u00a0 Kardiol\u00f3gusok T\u00e1rsas\u00e1ga\u00a0 idei\u00a0 \u00e9vi\u00a0 MKT \u00e9s\u00a0 a Richter Gedeon Nyrt. \u00e1ltal k\u00f6z\u00f6sen meghirdetett p\u00e1ly\u00e1zat\u00e1nak d\u00edj\u00e1t, melynek \u00e1tad\u00e1s\u00e1ra a Konferencia \u00fcnnep\u00e9lyes megnyit\u00f3j\u00e1n ker\u00fclt &hellip;<\/p>\n","protected":false},"author":101941,"featured_media":12258,"comment_status":"closed","ping_status":"closed","sticky":false,"template":"","format":"standard","meta":{"_acf_changed":false,"footnotes":""},"categories":[407],"tags":[],"class_list":["post-12257","post","type-post","status-publish","format-standard","has-post-thumbnail","hentry","category-hirek"],"acf":[],"_links":{"self":[{"href":"https:\/\/semmelweis.hu\/pharmacology\/wp-json\/wp\/v2\/posts\/12257","targetHints":{"allow":["GET"]}}],"collection":[{"href":"https:\/\/semmelweis.hu\/pharmacology\/wp-json\/wp\/v2\/posts"}],"about":[{"href":"https:\/\/semmelweis.hu\/pharmacology\/wp-json\/wp\/v2\/types\/post"}],"author":[{"embeddable":true,"href":"https:\/\/semmelweis.hu\/pharmacology\/wp-json\/wp\/v2\/users\/101941"}],"replies":[{"embeddable":true,"href":"https:\/\/semmelweis.hu\/pharmacology\/wp-json\/wp\/v2\/comments?post=12257"}],"version-history":[{"count":4,"href":"https:\/\/semmelweis.hu\/pharmacology\/wp-json\/wp\/v2\/posts\/12257\/revisions"}],"predecessor-version":[{"id":12264,"href":"https:\/\/semmelweis.hu\/pharmacology\/wp-json\/wp\/v2\/posts\/12257\/revisions\/12264"}],"wp:featuredmedia":[{"embeddable":true,"href":"https:\/\/semmelweis.hu\/pharmacology\/wp-json\/wp\/v2\/media\/12258"}],"wp:attachment":[{"href":"https:\/\/semmelweis.hu\/pharmacology\/wp-json\/wp\/v2\/media?parent=12257"}],"wp:term":[{"taxonomy":"category","embeddable":true,"href":"https:\/\/semmelweis.hu\/pharmacology\/wp-json\/wp\/v2\/categories?post=12257"},{"taxonomy":"post_tag","embeddable":true,"href":"https:\/\/semmelweis.hu\/pharmacology\/wp-json\/wp\/v2\/tags?post=12257"}],"curies":[{"name":"wp","href":"https:\/\/api.w.org\/{rel}","templated":true}]}}