{"id":10797,"date":"2021-08-25T11:39:40","date_gmt":"2021-08-25T09:39:40","guid":{"rendered":"https:\/\/semmelweis.hu\/pharmacology\/?p=10797"},"modified":"2021-08-25T11:39:40","modified_gmt":"2021-08-25T09:39:40","slug":"munkacsoportok-bemutatkozo-eloadasa","status":"publish","type":"post","link":"https:\/\/semmelweis.hu\/pharmacology\/2021\/08\/25\/munkacsoportok-bemutatkozo-eloadasa\/","title":{"rendered":"Munkacsoportok bemutatkoz\u00f3 el\u0151ad\u00e1sa"},"content":{"rendered":"<p style=\"text-align: justify\"><span style=\"font-family: arial, helvetica, sans-serif;font-size: 10pt\">Az Int\u00e9zet\u00fcnk munkacsoportjai r\u00f6vid bemutatkoz\u00f3 el\u0151ad\u00e1st tartanak, ahol az \u00e9rdekl\u0151d\u0151 hallgat\u00f3k bepillant\u00e1st nyerhetnek kutat\u00e1si t\u00e9m\u00e1inkba, megismerhetik milyen programokhoz csatlakozhatnak TDK hallgat\u00f3k\u00e9nt. Az el\u0151ad\u00e1sok ut\u00e1n lehet\u0151s\u00e9g ny\u00edlik a munkacsoportok vezet\u0151ivel \u00e9s fiatal kutat\u00f3kkal, PhD hallgat\u00f3kkal val\u00f3 szem\u00e9lyes besz\u00e9lget\u00e9sre is.<\/span><\/p>\n<p style=\"text-align: justify\"><span style=\"font-family: arial, helvetica, sans-serif;font-size: 10pt\">Az el\u0151ad\u00e1s 2021. szeptember 7.-n 17:30-t\u00f3l a NET 4. emelet\u00e9n a Knoll teremben ker\u00fcl megrendez\u00e9sre.<\/span><\/p>\n","protected":false},"excerpt":{"rendered":"<p>Az Int\u00e9zet\u00fcnk munkacsoportjai r\u00f6vid bemutatkoz\u00f3 el\u0151ad\u00e1st tartanak, ahol az \u00e9rdekl\u0151d\u0151 hallgat\u00f3k bepillant\u00e1st nyerhetnek kutat\u00e1si t\u00e9m\u00e1inkba, megismerhetik milyen programokhoz csatlakozhatnak TDK hallgat\u00f3k\u00e9nt. Az el\u0151ad\u00e1sok ut\u00e1n lehet\u0151s\u00e9g ny\u00edlik a munkacsoportok vezet\u0151ivel \u00e9s fiatal kutat\u00f3kkal, PhD hallgat\u00f3kkal val\u00f3 szem\u00e9lyes besz\u00e9lget\u00e9sre is.<br \/>\nAz el\u0151ad\u00e1s 2021. szeptember 7.-n 17:30-t\u00f3l a NET 4. emelet\u00e9n a Knoll teremben ker\u00fcl megrendez\u00e9sre.<\/p>\n","protected":false},"author":101230,"featured_media":10798,"comment_status":"closed","ping_status":"closed","sticky":false,"template":"","format":"standard","meta":{"_acf_changed":false,"footnotes":""},"categories":[407],"tags":[],"class_list":["post-10797","post","type-post","status-publish","format-standard","has-post-thumbnail","hentry","category-hirek"],"acf":[],"_links":{"self":[{"href":"https:\/\/semmelweis.hu\/pharmacology\/wp-json\/wp\/v2\/posts\/10797","targetHints":{"allow":["GET"]}}],"collection":[{"href":"https:\/\/semmelweis.hu\/pharmacology\/wp-json\/wp\/v2\/posts"}],"about":[{"href":"https:\/\/semmelweis.hu\/pharmacology\/wp-json\/wp\/v2\/types\/post"}],"author":[{"embeddable":true,"href":"https:\/\/semmelweis.hu\/pharmacology\/wp-json\/wp\/v2\/users\/101230"}],"replies":[{"embeddable":true,"href":"https:\/\/semmelweis.hu\/pharmacology\/wp-json\/wp\/v2\/comments?post=10797"}],"version-history":[{"count":1,"href":"https:\/\/semmelweis.hu\/pharmacology\/wp-json\/wp\/v2\/posts\/10797\/revisions"}],"predecessor-version":[{"id":10799,"href":"https:\/\/semmelweis.hu\/pharmacology\/wp-json\/wp\/v2\/posts\/10797\/revisions\/10799"}],"wp:featuredmedia":[{"embeddable":true,"href":"https:\/\/semmelweis.hu\/pharmacology\/wp-json\/wp\/v2\/media\/10798"}],"wp:attachment":[{"href":"https:\/\/semmelweis.hu\/pharmacology\/wp-json\/wp\/v2\/media?parent=10797"}],"wp:term":[{"taxonomy":"category","embeddable":true,"href":"https:\/\/semmelweis.hu\/pharmacology\/wp-json\/wp\/v2\/categories?post=10797"},{"taxonomy":"post_tag","embeddable":true,"href":"https:\/\/semmelweis.hu\/pharmacology\/wp-json\/wp\/v2\/tags?post=10797"}],"curies":[{"name":"wp","href":"https:\/\/api.w.org\/{rel}","templated":true}]}}