{"id":10777,"date":"2021-07-20T09:40:06","date_gmt":"2021-07-20T07:40:06","guid":{"rendered":"https:\/\/semmelweis.hu\/pharmacology\/?p=10777"},"modified":"2021-07-20T09:40:18","modified_gmt":"2021-07-20T07:40:18","slug":"dr-friedmann-tamas-baratunk-munkatarsunk-halalara","status":"publish","type":"post","link":"https:\/\/semmelweis.hu\/pharmacology\/2021\/07\/20\/dr-friedmann-tamas-baratunk-munkatarsunk-halalara\/","title":{"rendered":"Dr. Friedmann Tam\u00e1s bar\u00e1tunk, munkat\u00e1rsunk hal\u00e1l\u00e1ra"},"content":{"rendered":"<p style=\"text-align: justify\"><span style=\"font-size: 10pt;font-family: arial, helvetica, sans-serif\">Dr. Friedmann Tam\u00e1s bar\u00e1tunk, munkat\u00e1rsunk hal\u00e1l\u00e1ra.<\/span><\/p>\n<p style=\"text-align: justify\"><span style=\"font-size: 10pt;font-family: arial, helvetica, sans-serif\">Egy k\u00fcl\u00f6nlegesen \u00e9rt\u00e9kes, egyedi szem\u00e9lyis\u00e9g t\u00e1vozott k\u00f6z\u00fcl\u00fcnk hal\u00e1l\u00e1val.<\/span><\/p>\n<p style=\"text-align: justify\"><span style=\"font-size: 10pt;font-family: arial, helvetica, sans-serif\">1963-ban v\u00e9gzett a SOTE (akkor Budapesti Orvostudom\u00e1nyi Egyetem) \u00c1ltal\u00e1nos Orvostudom\u00e1nyi Kar\u00e1n. V\u00e9gz\u00e9se ut\u00e1n az Egyetem Gy\u00f3gyszertani Int\u00e9zet\u00e9ben helyezkedett el, ahonnan adjunktusk\u00e9nt ment nyugd\u00edjba.<\/span><\/p>\n<p style=\"text-align: justify\"><span style=\"font-size: 10pt;font-family: arial, helvetica, sans-serif\">Szer\u00e9ny, nagytud\u00e1s\u00fa, krist\u00e1lytiszta logik\u00e1val \u00e9rvel\u0151, rendkiv\u00fcl t\u00e1j\u00e9kozott koll\u00e9ga volt. Sohasem v\u00e1gyott karrierre, elismer\u00e9sre, d\u00edjakra, anyagiakra. A di\u00e1kok rajong\u00e1sig szerett\u00e9k, hossz\u00fa \u00e9vek ut\u00e1n is visszaj\u00e1rtak hozz\u00e1, nagyon szeretett oktatni, \u00f3r\u00e1kig el tudott m\u00e9ly\u00fclni egy problema megold\u00e1s\u00e1ba. A tudom\u00e1nyos cikkek \u00edr\u00e1sa, sz\u00e1muk b\u0171v\u00f6lete, mint a tudom\u00e1nyos karrier fontos m\u00e9r\u0151sz\u00e1ma, nem vonzotta, viszont jeles kritikai \u00e9rz\u00e9k\u00e9t nagyon j\u00f3l lehetett hasznos\u00edtani a tank\u00f6nyv, illetve a cikkek meg\u00edr\u00e1sa, disszert\u00e1ci\u00f3k k\u00e9sz\u00edt\u00e9se folyam\u00e1n. Tud\u00e1s\u00e1t, \u00f6tleteit, b\u00edr\u00e1latait \u00f6nzetlen\u00fcl adta \u00e1t a koll\u00e9g\u00e1knak.<\/span><\/p>\n<p style=\"text-align: justify\"><span style=\"font-size: 10pt;font-family: arial, helvetica, sans-serif\">Er\u0151s szoci\u00e1lis \u00e9rz\u00e9ke mind\u00edg arra k\u00e9sztette, hogy v\u00e9dje gyeng\u00e9k, h\u00e1tr\u00e1nyos helyzet\u0171ek \u00e9rdekeit. Sok\u00e1ig az Egyetem szakszervezeti bizotts\u00e1g\u00e1nak aktivist\u00e1ja volt.<\/span><\/p>\n<p style=\"text-align: justify\"><span style=\"font-size: 10pt;font-family: arial, helvetica, sans-serif\">Sajnos \u00e9lete utols\u00f3 \u00e9veit sz\u00e1mos betegs\u00e9g, k\u00fcl\u00f6n\u00f6sen l\u00e1t\u00e1s\u00e1nak elveszt\u00e9se keser\u00edtette meg.<\/span><\/p>\n<p style=\"text-align: justify\"><span style=\"font-size: 10pt;font-family: arial, helvetica, sans-serif\">Hal\u00e1la megrend\u00edtette csal\u00e1dj\u00e1n kiv\u00fcl, bar\u00e1tait, kolleg\u00e1it, volt tan\u00edtv\u00e1nyait.<\/span><\/p>\n<p style=\"text-align: justify\"><span style=\"font-size: 10pt;font-family: arial, helvetica, sans-serif\">Ha nem lenne k\u00f6zhely, azt lehetne mondani, hogy egy igaz ember t\u00e1vozott el, aki p\u00e9ld\u00e1t adott eg\u00e9sz \u00e9let\u00e9vel, szil\u00e1rd meggy\u0151z\u0151d\u00e9s\u0171, becs\u00fcletes, tiszta l\u00e9nye a mai rohan\u00f3, \u00e9rdek vez\u00e9relte vil\u00e1gban nagyon fog hi\u00e1nyozni.<\/span><\/p>\n","protected":false},"excerpt":{"rendered":"<p>Dr. Friedmann Tam\u00e1s bar\u00e1tunk, munkat\u00e1rsunk hal\u00e1l\u00e1ra. Egy k\u00fcl\u00f6nlegesen \u00e9rt\u00e9kes, egyedi szem\u00e9lyis\u00e9g t\u00e1vozott k\u00f6z\u00fcl\u00fcnk hal\u00e1l\u00e1val. 1963-ban v\u00e9gzett a SOTE (akkor Budapesti Orvostudom\u00e1nyi Egyetem) \u00c1ltal\u00e1nos Orvostudom\u00e1nyi Kar\u00e1n. V\u00e9gz\u00e9se ut\u00e1n az Egyetem Gy\u00f3gyszertani Int\u00e9zet\u00e9ben helyezkedett el, ahonnan adjunktusk\u00e9nt ment nyugd\u00edjba. Szer\u00e9ny, nagytud\u00e1s\u00fa, krist\u00e1lytiszta logik\u00e1val \u00e9rvel\u0151, rendkiv\u00fcl t\u00e1j\u00e9kozott koll\u00e9ga volt. Sohasem v\u00e1gyott karrierre, elismer\u00e9sre, d\u00edjakra, anyagiakra. A di\u00e1kok rajong\u00e1sig &hellip;<\/p>\n","protected":false},"author":101230,"featured_media":10780,"comment_status":"closed","ping_status":"closed","sticky":false,"template":"","format":"standard","meta":{"_acf_changed":false,"footnotes":""},"categories":[407],"tags":[],"class_list":["post-10777","post","type-post","status-publish","format-standard","has-post-thumbnail","hentry","category-hirek"],"acf":[],"_links":{"self":[{"href":"https:\/\/semmelweis.hu\/pharmacology\/wp-json\/wp\/v2\/posts\/10777","targetHints":{"allow":["GET"]}}],"collection":[{"href":"https:\/\/semmelweis.hu\/pharmacology\/wp-json\/wp\/v2\/posts"}],"about":[{"href":"https:\/\/semmelweis.hu\/pharmacology\/wp-json\/wp\/v2\/types\/post"}],"author":[{"embeddable":true,"href":"https:\/\/semmelweis.hu\/pharmacology\/wp-json\/wp\/v2\/users\/101230"}],"replies":[{"embeddable":true,"href":"https:\/\/semmelweis.hu\/pharmacology\/wp-json\/wp\/v2\/comments?post=10777"}],"version-history":[{"count":2,"href":"https:\/\/semmelweis.hu\/pharmacology\/wp-json\/wp\/v2\/posts\/10777\/revisions"}],"predecessor-version":[{"id":10782,"href":"https:\/\/semmelweis.hu\/pharmacology\/wp-json\/wp\/v2\/posts\/10777\/revisions\/10782"}],"wp:featuredmedia":[{"embeddable":true,"href":"https:\/\/semmelweis.hu\/pharmacology\/wp-json\/wp\/v2\/media\/10780"}],"wp:attachment":[{"href":"https:\/\/semmelweis.hu\/pharmacology\/wp-json\/wp\/v2\/media?parent=10777"}],"wp:term":[{"taxonomy":"category","embeddable":true,"href":"https:\/\/semmelweis.hu\/pharmacology\/wp-json\/wp\/v2\/categories?post=10777"},{"taxonomy":"post_tag","embeddable":true,"href":"https:\/\/semmelweis.hu\/pharmacology\/wp-json\/wp\/v2\/tags?post=10777"}],"curies":[{"name":"wp","href":"https:\/\/api.w.org\/{rel}","templated":true}]}}