{"id":982,"date":"2023-05-23T15:03:11","date_gmt":"2023-05-23T13:03:11","guid":{"rendered":"https:\/\/semmelweis.hu\/petokonyvtar\/?p=982"},"modified":"2023-05-24T11:21:16","modified_gmt":"2023-05-24T09:21:16","slug":"konpedita","status":"publish","type":"post","link":"https:\/\/semmelweis.hu\/petokonyvtar\/2023\/05\/23\/konpedita\/","title":{"rendered":"KONPEDITA"},"content":{"rendered":"<p>&nbsp;<\/p>\n<p>Ez a KONPEDITA kicsit m\u00e1s, mint a r\u00e9gi&#8230;<\/p>\n<p><a href=\"https:\/\/semmelweis.hu\/petokonyvtar\/files\/2023\/05\/Konpedita_ikonok.png\"><img loading=\"lazy\" decoding=\"async\" class=\"alignnone size-full wp-image-991\" src=\"https:\/\/semmelweis.hu\/petokonyvtar\/files\/2023\/05\/Konpedita_ikonok.png\" alt=\"\" width=\"223\" height=\"171\" \/><\/a><\/p>\n<p>&nbsp;<\/p>\n<p>Kedves Olvas\u00f3ink!<\/p>\n<p>\u00d6r\u00f6mmel adjuk h\u00edr\u00fcl, hogy a kondukt\u00edv pedag\u00f3gia digitaliz\u00e1lt tananyaga, a KONPEDITA \u00fajra kereshet\u0151 \u00e9s olvashat\u00f3 a K\u00f6nyvt\u00e1r sz\u00e1m\u00edt\u00f3g\u00e9pein.\u00a0 Az adatb\u00e1zis haszn\u00e1lata elt\u00e9r az eddig ismert m\u00f3dt\u00f3l, ez\u00e9rt egy r\u00f6vid haszn\u00e1lati \u00fatmutat\u00f3t k\u00e9sz\u00edtett\u00fcnk hozz\u00e1.<\/p>\n<ol>\n<li><strong>Hogyan \u00e9rhetj\u00fck el a Konpedita tartalm\u00e1t?<\/strong><\/li>\n<\/ol>\n<p>A K\u00f6nyvt\u00e1ri sz\u00e1m\u00edt\u00f3g\u00e9pek monitor\u00e1n, az \u201eAsztal\u201d jobb fels\u0151 sark\u00e1ban elhelyezett k\u00e9t kis ikon vezet a Konpedit\u00e1hoz.<\/p>\n<p><a href=\"https:\/\/semmelweis.hu\/petokonyvtar\/files\/2023\/05\/monitorkep_konp.jpg\"><img loading=\"lazy\" decoding=\"async\" class=\"alignnone size-large wp-image-984\" src=\"https:\/\/semmelweis.hu\/petokonyvtar\/files\/2023\/05\/monitorkep_konp-1024x576.jpg\" alt=\"\" width=\"753\" height=\"424\" srcset=\"https:\/\/semmelweis.hu\/petokonyvtar\/files\/2023\/05\/monitorkep_konp-1024x576.jpg 1024w, https:\/\/semmelweis.hu\/petokonyvtar\/files\/2023\/05\/monitorkep_konp-400x225.jpg 400w, https:\/\/semmelweis.hu\/petokonyvtar\/files\/2023\/05\/monitorkep_konp-768x432.jpg 768w, https:\/\/semmelweis.hu\/petokonyvtar\/files\/2023\/05\/monitorkep_konp-1536x864.jpg 1536w, https:\/\/semmelweis.hu\/petokonyvtar\/files\/2023\/05\/monitorkep_konp-753x424.jpg 753w, https:\/\/semmelweis.hu\/petokonyvtar\/files\/2023\/05\/monitorkep_konp.jpg 1920w\" sizes=\"auto, (max-width: 753px) 100vw, 753px\" \/><\/a><\/p>\n<p>Az egyik \u2013 amely egy html oldalra vezet \u2013 a tartalomjegyz\u00e9ket nyitja meg sz\u00e1munkra. Itt szerz\u0151i bet\u0171rendben tal\u00e1ljuk az \u00f6sszes digitaliz\u00e1lt dokumentumot. Egyszer\u0171 r\u00e1kattint\u00e1ssal megnyitja az adott k\u00f6nyvet.<\/p>\n<p>A m\u00e1sik ikon a keres\u00e9sre alkalmas, indexelt \u00e1llom\u00e1nyhoz vezet. Az ikonra kattintva el\u0151bb egy biztons\u00e1gi figyelmeztet\u00e9s jelenik meg, majd k\u00e9t ablak ny\u00edlik meg egyszerre. Sokszor csak a nagyobb, (a legut\u00f3bb megnyitott f\u00e1jlokat felsorol\u00f3) ablak l\u00e1tszik, \u00e9s a bal oldalon l\u00e9v\u0151, keskenyebb keres\u0151ablak l\u00e1that\u00f3v\u00e1 t\u00e9tel\u00e9hez m\u00e9g egy kattint\u00e1s sz\u00fcks\u00e9ges.<\/p>\n<p>&nbsp;<\/p>\n<ol start=\"2\">\n<li><strong>A keres\u0151ablak be\u00e1ll\u00edt\u00e1sai:<\/strong><\/li>\n<\/ol>\n<p>Az els\u0151 k\u00e9rd\u00e9s, hogy hol szeretn\u00e9nk keresni. A felsorol\u00e1sban az alap\u00e9rtelmezett be\u00e1ll\u00edt\u00e1s a legals\u00f3 v\u00e1lasz:<\/p>\n<p><em>\u201eA(z) PetoIntezetKonyvtara.pdx nev\u0171 indexben\u201d.<\/em> Ezt hagyjuk is \u00edgy.<\/p>\n<p>&nbsp;<\/p>\n<p>A m\u00e1sodik k\u00e9rd\u00e9s, hogy \u201eMilyen sz\u00f3ra vagy kifejez\u00e9sre szeretne r\u00e1keresni?\u201d \u00c9rtelemszer\u0171en <br \/>\na keres\u0151mez\u0151be be\u00edrjuk a keresend\u0151 kifejez\u00e9st. Ezut\u00e1n k\u00e9t lehet\u0151s\u00e9g\u00fcnk van. Amennyiben bet\u0171re pontosan a be\u00edrt kifejez\u00e9sre szeretn\u00e9nk keresni, akkor be kell pip\u00e1lnunk a keres\u0151mez\u0151 alatti kis n\u00e9gyzetek k\u00f6z\u00fcl a legfels\u0151t (l\u00e1sd a lenti \u00e1br\u00e1t).<\/p>\n<p><a href=\"https:\/\/semmelweis.hu\/petokonyvtar\/files\/2023\/05\/Kereso.jpg\"><img loading=\"lazy\" decoding=\"async\" class=\"alignnone size-large wp-image-986\" src=\"https:\/\/semmelweis.hu\/petokonyvtar\/files\/2023\/05\/Kereso-1024x576.jpg\" alt=\"\" width=\"753\" height=\"424\" srcset=\"https:\/\/semmelweis.hu\/petokonyvtar\/files\/2023\/05\/Kereso-1024x576.jpg 1024w, https:\/\/semmelweis.hu\/petokonyvtar\/files\/2023\/05\/Kereso-400x225.jpg 400w, https:\/\/semmelweis.hu\/petokonyvtar\/files\/2023\/05\/Kereso-768x432.jpg 768w, https:\/\/semmelweis.hu\/petokonyvtar\/files\/2023\/05\/Kereso-1536x864.jpg 1536w, https:\/\/semmelweis.hu\/petokonyvtar\/files\/2023\/05\/Kereso-753x424.jpg 753w, https:\/\/semmelweis.hu\/petokonyvtar\/files\/2023\/05\/Kereso.jpg 1920w\" sizes=\"auto, (max-width: 753px) 100vw, 753px\" \/><\/a><\/p>\n<p>Ha lefutott a keres\u00e9s, akkor a keres\u0151ablak als\u00f3 fel\u00e9ben felsorolja a k\u00f6nyveket, amelyekben megtal\u00e1lta a keresett kifejez\u00e9st. A k\u00f6nyvc\u00edmek el\u0151tti kis\u00a0 &gt;\u00a0 jelre kattintva leg\u00f6rd\u00fcl egy lista, amelyn\u00e9l sz\u00f6veg-k\u00f6rnyezetben l\u00e1thatjuk a keres\u0151k\u00e9rd\u00e9s\u00fcnk el\u0151fordul\u00e1sait. A kiv\u00e1lasztott sorra kattintva megny\u00edlik az a k\u00f6nyvoldal, amelyiken a keresett sz\u00f3 el\u0151fordult.<\/p>\n<p><a href=\"https:\/\/semmelweis.hu\/petokonyvtar\/files\/2023\/05\/Talalat.jpg\"><img loading=\"lazy\" decoding=\"async\" class=\"alignnone size-large wp-image-987\" src=\"https:\/\/semmelweis.hu\/petokonyvtar\/files\/2023\/05\/Talalat-1024x576.jpg\" alt=\"\" width=\"753\" height=\"424\" srcset=\"https:\/\/semmelweis.hu\/petokonyvtar\/files\/2023\/05\/Talalat-1024x576.jpg 1024w, https:\/\/semmelweis.hu\/petokonyvtar\/files\/2023\/05\/Talalat-400x225.jpg 400w, https:\/\/semmelweis.hu\/petokonyvtar\/files\/2023\/05\/Talalat-768x432.jpg 768w, https:\/\/semmelweis.hu\/petokonyvtar\/files\/2023\/05\/Talalat-1536x864.jpg 1536w, https:\/\/semmelweis.hu\/petokonyvtar\/files\/2023\/05\/Talalat-753x424.jpg 753w, https:\/\/semmelweis.hu\/petokonyvtar\/files\/2023\/05\/Talalat.jpg 1920w\" sizes=\"auto, (max-width: 753px) 100vw, 753px\" \/><\/a><\/p>\n<p>Ha \u00fagy szeretn\u00e9nk keresni, hogy a be\u00edrt keres\u0151kifejez\u00e9s (karaktersor) valahogy el\u0151forduljon, de nem baj, ha el\u0151tte-ut\u00e1na m\u00e1s karakterek is vannak, akkor ne pip\u00e1ljuk ki a fels\u0151 jel\u00f6l\u0151n\u00e9gyzetet. Ebben az esetben \u00e1ltal\u00e1ban t\u00f6bb tal\u00e1latunk lesz, de nem biztos, hogy mind relev\u00e1ns. Ez a fajta keres\u00e9s t\u00f6bb id\u0151t is ig\u00e9nyel, el\u0151fordul, hogy 1-2 percet v\u00e1rni kell a tal\u00e1latok megjelen\u00edt\u00e9s\u00e9re.<\/p>\n<p>A jel\u00f6l\u0151n\u00e9gyzetek k\u00f6z\u00fcl aj\u00e1nlott m\u00e9g bejel\u00f6lni, hogy k\u00f6nyvjelz\u0151kkel egy\u00fctt k\u00e9rj\u00fck a tal\u00e1latokat.<\/p>\n<p><a href=\"https:\/\/semmelweis.hu\/petokonyvtar\/files\/2023\/05\/Talalat_nem_pontos_szora.jpg\"><img loading=\"lazy\" decoding=\"async\" class=\"alignnone size-large wp-image-985\" src=\"https:\/\/semmelweis.hu\/petokonyvtar\/files\/2023\/05\/Talalat_nem_pontos_szora-1024x576.jpg\" alt=\"\" width=\"753\" height=\"424\" srcset=\"https:\/\/semmelweis.hu\/petokonyvtar\/files\/2023\/05\/Talalat_nem_pontos_szora-1024x576.jpg 1024w, https:\/\/semmelweis.hu\/petokonyvtar\/files\/2023\/05\/Talalat_nem_pontos_szora-400x225.jpg 400w, https:\/\/semmelweis.hu\/petokonyvtar\/files\/2023\/05\/Talalat_nem_pontos_szora-768x432.jpg 768w, https:\/\/semmelweis.hu\/petokonyvtar\/files\/2023\/05\/Talalat_nem_pontos_szora-1536x864.jpg 1536w, https:\/\/semmelweis.hu\/petokonyvtar\/files\/2023\/05\/Talalat_nem_pontos_szora-753x424.jpg 753w, https:\/\/semmelweis.hu\/petokonyvtar\/files\/2023\/05\/Talalat_nem_pontos_szora.jpg 1920w\" sizes=\"auto, (max-width: 753px) 100vw, 753px\" \/><\/a><\/p>\n<p>Amennyiben elolvastuk, ami \u00e9rdekelt, \u00e9s \u00faj keres\u00e9st szeretn\u00e9nk ind\u00edtani, akkor ne a jobb fels\u0151 sarokban lev\u0151 X-szel z\u00e1rjuk be a \u201ek\u00f6nyvet\u201d, hanem a fels\u0151 men\u00fcsorb\u00f3l a <em>F\u00e1jl-F\u00e1lj bez\u00e1r\u00e1sa<\/em> paranccsal. Ekkor a keres\u0151ablak nyitva marad, \u00e9s az \u201e\u00daj keres\u00e9s\u201d gombbal kezdhetj\u00fck el\u00f6lr\u0151l a keres\u00e9st.<\/p>\n<p><strong>\u00a0<\/strong><\/p>\n<p><strong>Fontos tudnival\u00f3<\/strong><\/p>\n<p><strong>A Konpedita rendszerben megtal\u00e1lhat\u00f3 f\u00e1jlok<\/strong> <strong>saj\u00e1t eszk\u00f6zre t\u00f6rt\u00e9n\u0151 let\u00f6lt\u00e9se, m\u00e1sol\u00e1sa, tov\u00e1bb\u00edt\u00e1sa jogellenes \u00e9s TILOS!<\/strong><\/p>\n<p><strong>Minden tev\u00e9kenys\u00e9g nyomon k\u00f6vethet\u0151, ez\u00e9rt a fentiek be nem tart\u00e1sa jogi k\u00f6vetkezm\u00e9nyeket von maga ut\u00e1n.<\/strong><\/p>\n<p><strong>\u00a0<\/strong><\/p>\n<p>Az \u201e\u00daj Konpedita\u201d hat sz\u00e1m\u00edt\u00f3g\u00e9pen \u00e9rhet\u0151 el a K\u00f6nyvt\u00e1r nyitva tart\u00e1sa alatt.<\/p>\n<p>&nbsp;<\/p>\n<p>V\u00e1rjuk Kedves Olvas\u00f3inkat!<\/p>\n","protected":false},"excerpt":{"rendered":"<p>&nbsp; Ez a KONPEDITA kicsit m\u00e1s, mint a r\u00e9gi&#8230; <a href=\"https:\/\/semmelweis.hu\/petokonyvtar\/files\/2023\/05\/Konpedita_ikonok.png\"><\/a> &nbsp; Kedves Olvas\u00f3ink! \u00d6r\u00f6mmel adjuk h\u00edr\u00fcl, hogy a kondukt\u00edv pedag\u00f3gia digitaliz\u00e1lt tananyaga, a KONPEDITA \u00fajra kereshet\u0151 \u00e9s olvashat\u00f3 a K\u00f6nyvt\u00e1r sz\u00e1m\u00edt\u00f3g\u00e9pein.\u00a0 Az adatb\u00e1zis haszn\u00e1lata elt\u00e9r az eddig ismert m\u00f3dt\u00f3l, ez\u00e9rt egy r\u00f6vid haszn\u00e1lati \u00fatmutat\u00f3t k\u00e9sz\u00edtett\u00fcnk hozz\u00e1. Hogyan \u00e9rhetj\u00fck el a Konpedita tartalm\u00e1t? A K\u00f6nyvt\u00e1ri sz\u00e1m\u00edt\u00f3g\u00e9pek monitor\u00e1n, &hellip;<\/p>\n","protected":false},"author":101866,"featured_media":991,"comment_status":"closed","ping_status":"closed","sticky":false,"template":"","format":"standard","meta":{"_acf_changed":false,"footnotes":""},"categories":[1],"tags":[39],"class_list":["post-982","post","type-post","status-publish","format-standard","has-post-thumbnail","hentry","category-hirek","tag-konpedita"],"acf":[],"_links":{"self":[{"href":"https:\/\/semmelweis.hu\/petokonyvtar\/wp-json\/wp\/v2\/posts\/982","targetHints":{"allow":["GET"]}}],"collection":[{"href":"https:\/\/semmelweis.hu\/petokonyvtar\/wp-json\/wp\/v2\/posts"}],"about":[{"href":"https:\/\/semmelweis.hu\/petokonyvtar\/wp-json\/wp\/v2\/types\/post"}],"author":[{"embeddable":true,"href":"https:\/\/semmelweis.hu\/petokonyvtar\/wp-json\/wp\/v2\/users\/101866"}],"replies":[{"embeddable":true,"href":"https:\/\/semmelweis.hu\/petokonyvtar\/wp-json\/wp\/v2\/comments?post=982"}],"version-history":[{"count":10,"href":"https:\/\/semmelweis.hu\/petokonyvtar\/wp-json\/wp\/v2\/posts\/982\/revisions"}],"predecessor-version":[{"id":1019,"href":"https:\/\/semmelweis.hu\/petokonyvtar\/wp-json\/wp\/v2\/posts\/982\/revisions\/1019"}],"wp:featuredmedia":[{"embeddable":true,"href":"https:\/\/semmelweis.hu\/petokonyvtar\/wp-json\/wp\/v2\/media\/991"}],"wp:attachment":[{"href":"https:\/\/semmelweis.hu\/petokonyvtar\/wp-json\/wp\/v2\/media?parent=982"}],"wp:term":[{"taxonomy":"category","embeddable":true,"href":"https:\/\/semmelweis.hu\/petokonyvtar\/wp-json\/wp\/v2\/categories?post=982"},{"taxonomy":"post_tag","embeddable":true,"href":"https:\/\/semmelweis.hu\/petokonyvtar\/wp-json\/wp\/v2\/tags?post=982"}],"curies":[{"name":"wp","href":"https:\/\/api.w.org\/{rel}","templated":true}]}}