{"id":613,"date":"2022-04-20T14:21:09","date_gmt":"2022-04-20T12:21:09","guid":{"rendered":"https:\/\/semmelweis.hu\/petokonyvtar\/?p=613"},"modified":"2023-09-07T11:48:15","modified_gmt":"2023-09-07T09:48:15","slug":"fold-napja","status":"publish","type":"post","link":"https:\/\/semmelweis.hu\/petokonyvtar\/2022\/04\/20\/fold-napja\/","title":{"rendered":"F\u00f6ld Napja"},"content":{"rendered":"<p>F\u00d6LD NAPJA : \u00e1prilis 22.<\/p>\n<p style=\"text-align: justify\"><a href=\"https:\/\/semmelweis.hu\/petokonyvtar\/files\/2022\/04\/earth-day.jpg\"><img loading=\"lazy\" decoding=\"async\" class=\"size-medium wp-image-607 alignleft\" src=\"https:\/\/semmelweis.hu\/petokonyvtar\/files\/2022\/04\/earth-day-400x300.jpg\" alt=\"\" width=\"400\" height=\"300\" srcset=\"https:\/\/semmelweis.hu\/petokonyvtar\/files\/2022\/04\/earth-day-400x300.jpg 400w, https:\/\/semmelweis.hu\/petokonyvtar\/files\/2022\/04\/earth-day-768x576.jpg 768w, https:\/\/semmelweis.hu\/petokonyvtar\/files\/2022\/04\/earth-day-753x565.jpg 753w, https:\/\/semmelweis.hu\/petokonyvtar\/files\/2022\/04\/earth-day.jpg 1024w\" sizes=\"auto, (max-width: 400px) 100vw, 400px\" \/><\/a>Egy nap a holnap\u00e9rt, a kl\u00edm\u00e1\u00e9rt! L\u00e9t\u00fcnk alapja az \u00e9l\u0151vil\u00e1g v\u00e1ltozatoss\u00e1g\u00e1nak meg\u0151rz\u00e9se \u2013 erre figyelmeztet a 32. magyar \u00e9s az 52. vil\u00e1gm\u00e9ret\u0171 F\u00f6ld napja, melynek kiemelt t\u00e9m\u00e1ja maradt a biol\u00f3giai sokf\u00e9les\u00e9g meg\u0151rz\u00e9se is. Az emberis\u00e9g t\u00falterjeszked\u00e9se agyonnyomja a vadvil\u00e1got, t\u00falfogyasztunk \u00e9s t\u00falterjeszked\u00fcnk, ezt jelzi \u00e9vr\u0151l \u00e9vre a WWF \u00c9l\u0151 bolyg\u00f3 jelent\u00e9se. Az emberis\u00e9g beavatkoz\u00e1sa a term\u00e9szet \u00e9vezredes egyens\u00faly\u00e1ba vesz\u00e9lyezteti a vadon\u00e9l\u0151k, k\u00f6zt\u00fck a beporz\u00f3 rovarok, n\u00f6v\u00e9nyek l\u00e9t\u00e9t. A biol\u00f3giai sokf\u00e9les\u00e9g cs\u00f6kken\u00e9s\u00e9nek 60%-\u00e1\u00e9rt \u00e9trend\u00fcnk, pontosabban az \u00e1llatok takarm\u00e1nya felel. Sebezhet\u0151s\u00e9g\u00fcnkre figyelmeztetett a koronav\u00edrussal a term\u00e9szet &#8211; legyen az idei F\u00f6ld napja is \u00f6nszervez\u0151d\u0151, k\u00f6z\u00f6ss\u00e9g\u00e9p\u00edt\u0151! Tegy\u00fcnk v\u00e9gre, kezdj\u00fck ma!<\/p>\n<p style=\"text-align: justify\">Mit tehetsz Te? Sokat. \u00c9p\u00edts k\u00f6z\u00f6ss\u00e9get, z\u00f6ld\u00edtsd k\u00f6rnyezetedet, \u00fcltess f\u00e1t, termelj haszonn\u00f6v\u00e9nyeket, komposzt\u00e1lj, \u00e9heztesd a kuk\u00e1t, szigetelj, k\u00f6zlekedj k\u00f6z\u00f6sen, ne v\u00e1s\u00e1rolj csomagoltat, \u00e9lj m\u0171anyagok n\u00e9lk\u00fcl, v\u00e1lts k\u00f6rnyezetbar\u00e1t szerekre, f\u00e9lk\u00e9sz, k\u00e9sz helyett egy\u00e9l friss hazait, egy\u00e9l kevesebb \u00e1llatit&#8230; aj\u00e1nd\u00e9k a k\u00f6rnyezetnek, eg\u00e9szs\u00e9gednek.\u00a0<\/p>\n<p>A F\u00f6ld napja m\u00e1ra a legnagyobb \u00f6nszervez\u0151d\u0151 k\u00f6rnyezeti megmozdul\u00e1ss\u00e1 v\u00e1lt Magyarorsz\u00e1gon. Cselekv\u0151 \u00fcnnep, amely mindny\u00e1junk j\u00f6v\u0151j\u00e9r\u0151l sz\u00f3l.<\/p>\n<p>Kb. 9 \u00e9v\u00fcnk maradt a cselekv\u00e9sre.<\/p>\n<p>Cselekedj Te is! A szem\u00e9tszed\u00e9s, a szelekt\u00edv gy\u0171jt\u00e9s m\u00e1r nem el\u00e9g&#8230;<\/p>\n<p>(Forr\u00e1s: F\u00f6ld Napja Alap\u00edtv\u00e1ny honlapja)<\/p>\n","protected":false},"excerpt":{"rendered":"<p>F\u00d6LD NAPJA : \u00e1prilis 22. <a href=\"https:\/\/semmelweis.hu\/petokonyvtar\/files\/2022\/04\/earth-day.jpg\"><\/a> Egy nap a holnap\u00e9rt, a kl\u00edm\u00e1\u00e9rt! L\u00e9t\u00fcnk alapja az \u00e9l\u0151vil\u00e1g v\u00e1ltozatoss\u00e1g\u00e1nak meg\u0151rz\u00e9se \u2013 erre figyelmeztet a 32. magyar \u00e9s az 52. vil\u00e1gm\u00e9ret\u0171 F\u00f6ld napja, melynek kiemelt t\u00e9m\u00e1ja maradt a biol\u00f3giai sokf\u00e9les\u00e9g meg\u0151rz\u00e9se is. Az emberis\u00e9g t\u00falterjeszked\u00e9se agyonnyomja a vadvil\u00e1got, t\u00falfogyasztunk \u00e9s t\u00falterjeszked\u00fcnk, ezt jelzi \u00e9vr\u0151l \u00e9vre a WWF \u00c9l\u0151 bolyg\u00f3 &hellip;<\/p>\n","protected":false},"author":101866,"featured_media":607,"comment_status":"closed","ping_status":"closed","sticky":false,"template":"","format":"standard","meta":{"_acf_changed":false,"footnotes":""},"categories":[1],"tags":[],"class_list":["post-613","post","type-post","status-publish","format-standard","has-post-thumbnail","hentry","category-hirek"],"acf":[],"_links":{"self":[{"href":"https:\/\/semmelweis.hu\/petokonyvtar\/wp-json\/wp\/v2\/posts\/613","targetHints":{"allow":["GET"]}}],"collection":[{"href":"https:\/\/semmelweis.hu\/petokonyvtar\/wp-json\/wp\/v2\/posts"}],"about":[{"href":"https:\/\/semmelweis.hu\/petokonyvtar\/wp-json\/wp\/v2\/types\/post"}],"author":[{"embeddable":true,"href":"https:\/\/semmelweis.hu\/petokonyvtar\/wp-json\/wp\/v2\/users\/101866"}],"replies":[{"embeddable":true,"href":"https:\/\/semmelweis.hu\/petokonyvtar\/wp-json\/wp\/v2\/comments?post=613"}],"version-history":[{"count":6,"href":"https:\/\/semmelweis.hu\/petokonyvtar\/wp-json\/wp\/v2\/posts\/613\/revisions"}],"predecessor-version":[{"id":1083,"href":"https:\/\/semmelweis.hu\/petokonyvtar\/wp-json\/wp\/v2\/posts\/613\/revisions\/1083"}],"wp:featuredmedia":[{"embeddable":true,"href":"https:\/\/semmelweis.hu\/petokonyvtar\/wp-json\/wp\/v2\/media\/607"}],"wp:attachment":[{"href":"https:\/\/semmelweis.hu\/petokonyvtar\/wp-json\/wp\/v2\/media?parent=613"}],"wp:term":[{"taxonomy":"category","embeddable":true,"href":"https:\/\/semmelweis.hu\/petokonyvtar\/wp-json\/wp\/v2\/categories?post=613"},{"taxonomy":"post_tag","embeddable":true,"href":"https:\/\/semmelweis.hu\/petokonyvtar\/wp-json\/wp\/v2\/tags?post=613"}],"curies":[{"name":"wp","href":"https:\/\/api.w.org\/{rel}","templated":true}]}}