{"id":9620,"date":"2026-04-29T09:09:54","date_gmt":"2026-04-29T07:09:54","guid":{"rendered":"https:\/\/semmelweis.hu\/peto-ekpmi\/?p=9620"},"modified":"2026-04-29T09:09:54","modified_gmt":"2026-04-29T07:09:54","slug":"digitalis-temahet-intezmenyunkben-3","status":"publish","type":"post","link":"https:\/\/semmelweis.hu\/peto-ekpmi\/2026\/04\/29\/digitalis-temahet-intezmenyunkben-3\/","title":{"rendered":"Digit\u00e1lis T\u00e9mah\u00e9t Int\u00e9zm\u00e9ny\u00fcnkben"},"content":{"rendered":"<h5 class=\"w-100 keretes\" style=\"text-align: justify\"><span style=\"font-family: Montserrat\">\u00c1ltal\u00e1nos iskol\u00e1nk \u00e9s szakiskol\u00e1nk imm\u00e1ron tizedik alkalommal csatlakozott a Digit\u00e1lis T\u00e9mah\u00e9t programsorozathoz. A Jubileumi \u00e9vre nagyszab\u00e1s\u00fa nyerem\u00e9nyj\u00e1t\u00e9kokkal k\u00e9sz\u00fclt a digit\u00e1lis t\u00e9mah\u00e9t munkacsoportja. Id\u00e9n kiemelt t\u00e9mak\u00e9nt jelent meg a cyberbullying \u00e9s a mesters\u00e9ges intelligencia. Az online zaklat\u00e1s k\u00fcl\u00f6nb\u00f6z\u0151 form\u00e1i sajnos egyre ink\u00e1bb megjelennek a vil\u00e1gban, mellyel mindenf\u00e9lek\u00e9ppen foglalkoznunk kell tanul\u00f3ink k\u00f6r\u00e9ben is. A mesters\u00e9ges intelligencia rohamos t\u00e9rnyer\u00e9se kapcs\u00e1n pedig fontosnak tartjuk a MI felel\u0151ss\u00e9gteljes haszn\u00e1lat\u00e1ra, oktat\u00e1s\u00e1ra val\u00f3 odafigyel\u00e9st.<\/span><\/h5>\n<p style=\"text-align: justify\"><span style=\"font-family: Montserrat\">Mindk\u00e9t t\u00e9ma nagyon jelent\u0151s nem csak a tanul\u00f3k k\u00f6r\u00e9ben, hanem a pedag\u00f3gusok munk\u00e1j\u00e1ban \u00e9s a sz\u00fcl\u0151k \u00e9let\u00e9ben is. Ez\u00e9rt az als\u00f3, fels\u0151 tagozatosok \u00e9s szakiskol\u00e1s tanul\u00f3k mellett a pedag\u00f3gusok \u00e9s a sz\u00fcl\u0151k is bevon\u00e1sra ker\u00fcltek a nyerem\u00e9nyj\u00e1t\u00e9kokba.<\/span><\/p>\n<p>&nbsp;<\/p>\n<div class=\"fontos_div\">\n<p><span style=\"font-family: Montserrat\"><strong>Ez\u00faton k\u00f6sz\u00f6nj\u00fck mindenkinek a kit\u00f6lt\u00e9st \u00e9s gratul\u00e1lunk a sorsol\u00e1son r\u00e9sztvev\u0151 nyerteseknek:<\/strong><\/span><\/p>\n<p><span style=\"font-family: Montserrat\"><strong>AI vagy val\u00f3s k\u00e9p j\u00e1t\u00e9k:<\/strong><\/span><br \/>\n<span style=\"font-family: Montserrat\">Tak\u00e1cs Norbertnek<\/span><\/p>\n<p><span style=\"font-family: Montserrat\"><strong>Online kv\u00edzek \/ feladatlapok:<\/strong><\/span><\/p>\n<p><span style=\"font-family: Montserrat\"><strong>Als\u00f3 tagozatos tanul\u00f3k:<\/strong><\/span><br \/>\n<span style=\"font-family: Montserrat\">Kerpely Ann\u00e1nak<\/span><br \/>\n<span style=\"font-family: Montserrat\">Kar\u00e1cson Zakari\u00e1snak<\/span><br \/>\n<span style=\"font-family: Montserrat\">Valach Imr\u00e9nek<\/span><\/p>\n<p><span style=\"font-family: Montserrat\"><strong>Fels\u0151 tagozatos tanul\u00f3k:<\/strong><\/span><br \/>\n<span style=\"font-family: Montserrat\">Gy\u0151rffy Titusznak<\/span><br \/>\n<span style=\"font-family: Montserrat\">Teizinger Cseng\u00e9nek<\/span><br \/>\n<span style=\"font-family: Montserrat\">Mayer Fanninak<\/span><\/p>\n<p><span style=\"font-family: Montserrat\"><strong>Szakiskol\u00e1s tanul\u00f3k:<\/strong><\/span><br \/>\n<span style=\"font-family: Montserrat\">Marxer Szilvinek<\/span><br \/>\n<span style=\"font-family: Montserrat\">Holics Erik\u00e1nak<\/span><br \/>\n<span style=\"font-family: Montserrat\">Lakomecz Attil\u00e1nak<\/span><\/p>\n<p>&nbsp;<\/p>\n<p><span style=\"font-family: Montserrat\"><strong>Pedag\u00f3gusok<\/strong>:<\/span><br \/>\n<span style=\"font-family: Montserrat\">Drobina Daniell\u00e1nak<\/span><br \/>\n<span style=\"font-family: Montserrat\">Cs\u00faryn\u00e9 N\u00e9meth Gabriell\u00e1nak<\/span><br \/>\n<span style=\"font-family: Montserrat\">Szalm\u00e1sn\u00e9 Szek\u00e9r Erik\u00e1nak<\/span><\/p>\n<p>&nbsp;<\/p>\n<p><span style=\"font-family: Montserrat\"><strong>Sz\u00fcl\u0151k:<\/strong><\/span><br \/>\n<span style=\"font-family: Montserrat\">Farkas Rit\u00e1nak<\/span><br \/>\n<span style=\"font-family: Montserrat\">Bang\u00f3 Helg\u00e1nak<\/span><br \/>\n<span style=\"font-family: Montserrat\">Szekeres P\u00e1lnak<\/span><\/p>\n<\/div>\n<p>&nbsp;<\/p>\n<h5 class=\"w-100 keretes\"><span style=\"font-family: Montserrat\">A Digit\u00e1lis T\u00e9mah\u00e9t keret\u00e9n bel\u00fcl ker\u00fclt meghirdet\u00e9sre egy digit\u00e1lis plak\u00e1t k\u00e9sz\u00edt\u0151 verseny, melynek a t\u00e9m\u00e1ja a cyberbullying volt. Ez\u00faton is k\u00f6sz\u00f6nj\u00fck sz\u00e9pen minden lelkes versenyz\u0151nek, hogy m\u0171v\u00e9vel is felh\u00edvta a figyelmet az online zaklat\u00e1s vesz\u00e9lyeire, a megel\u0151z\u00e9sre vagy \u00e9ppen a seg\u00edts\u00e9gad\u00e1s m\u00f3djaira.<\/span><\/h5>\n<div class=\"fontos_div\">\n<p><span style=\"font-family: Montserrat\">A k\u00f6vetkez\u0151 tanul\u00f3k munk\u00e1j\u00e1t \u00edt\u00e9lte a zs\u0171ri a legjobbnak a h\u00e1rom kateg\u00f3ri\u00e1ban:<\/span><\/p>\n<p><span style=\"font-family: Montserrat\">Als\u00f3 tagozat: Balogh Luca<\/span><\/p>\n<p><span style=\"font-family: Montserrat\">Fels\u0151 tagozat: T\u00f3th \u00c1kos<\/span><\/p>\n<p><span style=\"font-family: Montserrat\">Szakiskola: Papp Alexandra Gabriella<\/span><\/p>\n<\/div>\n<p style=\"text-align: center\"><a class=\"button\" href=\"https:\/\/photos.app.goo.gl\/APjKfoSHFWhMe2GT6\" target=\"_blank\" rel=\"noopener\">Tekintse meg az \u00f6sszes beny\u00fajtott p\u00e1lyam\u0171vet<\/a><\/p>\n<p style=\"text-align: center\"><span style=\"font-family: Montserrat\">Gratul\u00e1lunk a d\u00edjazottaknak \u00e9s az \u00f6sszes r\u00e9sztvev\u0151nek!<\/span><\/p>\n<p style=\"text-align: center\"><span style=\"font-family: Montserrat\">K\u00f6sz\u00f6nj\u00fck sz\u00e9pen a Pet\u0151 Andr\u00e1s Kondukt\u00edv Iskol\u00e1\u00e9rt K\u00f6zhaszn\u00fa Alap\u00edtv\u00e1ny t\u00e1mogat\u00e1s\u00e1t, mely \u00e1ltal a tanul\u00f3ink, a pedag\u00f3gusok \u00e9s a sz\u00fcl\u0151k is \u00e9rt\u00e9kes nyerem\u00e9nyekben r\u00e9szes\u00fclhettek!<\/span><\/p>\n","protected":false},"excerpt":{"rendered":"<p>\u00c1ltal\u00e1nos iskol\u00e1nk \u00e9s szakiskol\u00e1nk imm\u00e1ron tizedik alkalommal csatlakozott a Digit\u00e1lis T\u00e9mah\u00e9t programsorozathoz. A Jubileumi \u00e9vre nagyszab\u00e1s\u00fa nyerem\u00e9nyj\u00e1t\u00e9kokkal k\u00e9sz\u00fclt a digit\u00e1lis t\u00e9mah\u00e9t munkacsoportja. Id\u00e9n kiemelt t\u00e9mak\u00e9nt jelent meg a cyberbullying \u00e9s a mesters\u00e9ges intelligencia. Az online zaklat\u00e1s k\u00fcl\u00f6nb\u00f6z\u0151 form\u00e1i sajnos egyre ink\u00e1bb megjelennek a vil\u00e1gban, mellyel mindenf\u00e9lek\u00e9ppen foglalkoznunk kell tanul\u00f3ink k\u00f6r\u00e9ben is. A mesters\u00e9ges intelligencia rohamos &hellip;<\/p>\n","protected":false},"author":101947,"featured_media":9621,"comment_status":"closed","ping_status":"closed","sticky":false,"template":"","format":"standard","meta":{"_acf_changed":false,"footnotes":""},"categories":[193],"tags":[],"class_list":["post-9620","post","type-post","status-publish","format-standard","has-post-thumbnail","hentry","category-jo-gyakorlataink"],"acf":[],"_links":{"self":[{"href":"https:\/\/semmelweis.hu\/peto-ekpmi\/wp-json\/wp\/v2\/posts\/9620","targetHints":{"allow":["GET"]}}],"collection":[{"href":"https:\/\/semmelweis.hu\/peto-ekpmi\/wp-json\/wp\/v2\/posts"}],"about":[{"href":"https:\/\/semmelweis.hu\/peto-ekpmi\/wp-json\/wp\/v2\/types\/post"}],"author":[{"embeddable":true,"href":"https:\/\/semmelweis.hu\/peto-ekpmi\/wp-json\/wp\/v2\/users\/101947"}],"replies":[{"embeddable":true,"href":"https:\/\/semmelweis.hu\/peto-ekpmi\/wp-json\/wp\/v2\/comments?post=9620"}],"version-history":[{"count":1,"href":"https:\/\/semmelweis.hu\/peto-ekpmi\/wp-json\/wp\/v2\/posts\/9620\/revisions"}],"predecessor-version":[{"id":9622,"href":"https:\/\/semmelweis.hu\/peto-ekpmi\/wp-json\/wp\/v2\/posts\/9620\/revisions\/9622"}],"wp:featuredmedia":[{"embeddable":true,"href":"https:\/\/semmelweis.hu\/peto-ekpmi\/wp-json\/wp\/v2\/media\/9621"}],"wp:attachment":[{"href":"https:\/\/semmelweis.hu\/peto-ekpmi\/wp-json\/wp\/v2\/media?parent=9620"}],"wp:term":[{"taxonomy":"category","embeddable":true,"href":"https:\/\/semmelweis.hu\/peto-ekpmi\/wp-json\/wp\/v2\/categories?post=9620"},{"taxonomy":"post_tag","embeddable":true,"href":"https:\/\/semmelweis.hu\/peto-ekpmi\/wp-json\/wp\/v2\/tags?post=9620"}],"curies":[{"name":"wp","href":"https:\/\/api.w.org\/{rel}","templated":true}]}}