{"id":8831,"date":"2024-12-17T10:48:20","date_gmt":"2024-12-17T09:48:20","guid":{"rendered":"https:\/\/semmelweis.hu\/peto-ekpmi\/?p=8831"},"modified":"2025-01-17T11:26:20","modified_gmt":"2025-01-17T10:26:20","slug":"hulladekcsokkentesi-het-2024-december","status":"publish","type":"post","link":"https:\/\/semmelweis.hu\/peto-ekpmi\/2024\/12\/17\/hulladekcsokkentesi-het-2024-december\/","title":{"rendered":"Legyen z\u00f6ldebb a Kar\u00e1csony!"},"content":{"rendered":"<h6 class=\"w-100 keretes\">A Hullad\u00e9kcs\u00f6kkent\u00e9si H\u00e9tre a \u201eLegyen z\u00f6ldebb a Kar\u00e1csony!\u201d akci\u00f3n\u00e9vvel regisztr\u00e1lt az int\u00e9zm\u00e9ny\u00fcnk. Ezen a h\u00e9ten jubil\u00e1lt a 20 \u00e9ves Kar\u00e1csonyi M\u0171hely, \u00edgy id\u00e9n fokozottan figyelt\u00fcnk a csoportokban arra, hogy szelekt\u00edven gy\u0171jt\u00f6tt alapanyagokat, ill. az \u00e9vek \u00f3ta felhalmoz\u00f3dott f\u00e9lk\u00e9sz munk\u00e1kat haszn\u00e1ljuk fel.<\/h6>\n<p>Nagy lelkesed\u00e9ssel k\u00e9sz\u00fclt\u00fcnk, \u00e9s iskol\u00e1ink \u00f6sszes tanul\u00f3ja, konduktora, egyetemi hallgat\u00f3ja, pedag\u00f3giai asszisztense \u00e9s az \u00e9rkez\u0151 vend\u00e9geink (Cofidis Magyarorsz\u00e1g, InterContinental Budapest, NN Biztos\u00edt\u00f3 Zrt \u00f6nk\u00e9ntesei \u00e9s a BME egyetemist\u00e1i) mindny\u00e1jan r\u00e9szt vettek a h\u00e9t akci\u00f3j\u00e1ban.<\/p>\n<p><img loading=\"lazy\" decoding=\"async\" class=\" wp-image-8835 alignleft\" src=\"https:\/\/semmelweis.hu\/peto-ekpmi\/files\/2025\/01\/agyagcsipke-300x400.jpeg\" alt=\"\" width=\"158\" height=\"211\" srcset=\"https:\/\/semmelweis.hu\/peto-ekpmi\/files\/2025\/01\/agyagcsipke-300x400.jpeg 300w, https:\/\/semmelweis.hu\/peto-ekpmi\/files\/2025\/01\/agyagcsipke-768x1024.jpeg 768w, https:\/\/semmelweis.hu\/peto-ekpmi\/files\/2025\/01\/agyagcsipke-1152x1536.jpeg 1152w, https:\/\/semmelweis.hu\/peto-ekpmi\/files\/2025\/01\/agyagcsipke-753x1004.jpeg 753w, https:\/\/semmelweis.hu\/peto-ekpmi\/files\/2025\/01\/agyagcsipke.jpeg 1536w\" sizes=\"auto, (max-width: 158px) 100vw, 158px\" \/>Oszt\u00e1lyaink t\u00f6bbs\u00e9ge kar\u00e1csonyi d\u00edszt, dekor\u00e1ci\u00f3t, \u00fcdv\u00f6zl\u0151k\u00e1rty\u00e1t, gyerty\u00e1t, adventi koszor\u00fat \u00e9s megrendel\u00e9sre man\u00f3kat k\u00e9sz\u00edtett. Sokf\u00e9le hullad\u00e9k anyago haszn\u00e1ltunk fel: j\u00e9gkr\u00e9mp\u00e1lcika, alma, r\u00e9gi szalv\u00e9t\u00e1k, g\u00f6mb\u00f6k, marad\u00e9k text\u00edli\u00e1k, k\u00e1v\u00e9kapszula, marad\u00e9k m\u00e9hviaszlapok, term\u00e9sek, fagoly\u00f3, szalagok, gy\u00f6ngy\u00f6k, kupakok, fakorongok kaptak \u00faj funkci\u00f3t \u00e9s v\u00e1ltak gy\u00f6ny\u00f6r\u0171 d\u00edszt\u00e1rgyak r\u00e9szeseiv\u00e9.<\/p>\n<p><img loading=\"lazy\" decoding=\"async\" class=\" wp-image-8832 alignright\" src=\"https:\/\/semmelweis.hu\/peto-ekpmi\/files\/2025\/01\/hcsh-400x300.jpg\" alt=\"\" width=\"325\" height=\"244\" srcset=\"https:\/\/semmelweis.hu\/peto-ekpmi\/files\/2025\/01\/hcsh-400x300.jpg 400w, https:\/\/semmelweis.hu\/peto-ekpmi\/files\/2025\/01\/hcsh-1024x768.jpg 1024w, https:\/\/semmelweis.hu\/peto-ekpmi\/files\/2025\/01\/hcsh-768x576.jpg 768w, https:\/\/semmelweis.hu\/peto-ekpmi\/files\/2025\/01\/hcsh-1536x1152.jpg 1536w, https:\/\/semmelweis.hu\/peto-ekpmi\/files\/2025\/01\/hcsh-2048x1536.jpg 2048w, https:\/\/semmelweis.hu\/peto-ekpmi\/files\/2025\/01\/hcsh-753x565.jpg 753w\" sizes=\"auto, (max-width: 325px) 100vw, 325px\" \/>Term\u00e9szetesen az \u00e9lelmiszerpazarl\u00e1s elleni teend\u0151k is felmer\u00fcltek. Interakt\u00edv j\u00e1t\u00e9kokok, \u00e9rdekes t\u00f6rt\u00e9netek \u00e1ltal szereztek hasznos inform\u00e1ci\u00f3kat a tanul\u00f3ink. A k\u00fcl\u00f6nb\u00f6z\u0151 foglalkoz\u00e1sok motiv\u00e1ci\u00f3s t\u00e9m\u00e1ja \u00e1ltal \u00e9s a tan\u00f3r\u00e1kon \u00fajabb ismereteket kaptak. S\u00fctem\u00e9nyeket, \u00e9teleket k\u00e9sz\u00edtett\u00fcnk egyszer\u0171 \u00e9s k\u00f6lts\u00e9ghat\u00e9kony alapanyagokb\u00f3l.<\/p>\n<p>Szakiskol\u00e1s koll\u00e9gista di\u00e1kjaink az eg\u00e9sz iskol\u00e1nak k\u00e9sz\u00edtett el\u0151 r\u00e9gi fonalakb\u00f3l man\u00f3testet \u00e9s filcsz\u0151nyeg marad\u00e9kb\u00f3l sapk\u00e1kat. Szappant \u00f6nt\u00f6tt\u00fcnk, m\u00e9zeskal\u00e1csot d\u00edsz\u00edtett\u00fcnk \u00e9s agyagform\u00e1kat k\u00e9sz\u00edtett\u00fcnk csipk\u00e9vel. Az alkot\u00e1sokkal az iskolai kar\u00e1csonyi v\u00e1s\u00e1rhoz j\u00e1rultunk hozz\u00e1.<\/p>\n<p>A Sz\u00fcl\u0151i Munkak\u00f6z\u00f6ss\u00e9g m\u00e1r hagyom\u00e1nyszer\u0171en erre a h\u00e9tre hirdette meg a Pet\u0151-H\u00e1da ruhacsere programot, ami mindig nagy sikerrel zajlik a gyerekek, sz\u00fcl\u0151k \u00e9s a munkat\u00e1rsak k\u00f6r\u00e9ben is!<\/p>\n<p>Nagyon term\u00e9keny \u00e9s hasznos \u00e9s \u00e9lm\u00e9nyd\u00fas h\u00e9t volt!<\/p>\n<p>&nbsp;<\/p>\n","protected":false},"excerpt":{"rendered":"<p>A Hullad\u00e9kcs\u00f6kkent\u00e9si H\u00e9tre a \u201eLegyen z\u00f6ldebb a Kar\u00e1csony!\u201d akci\u00f3n\u00e9vvel regisztr\u00e1lt az int\u00e9zm\u00e9ny\u00fcnk. Ezen a h\u00e9ten jubil\u00e1lt a 20 \u00e9ves Kar\u00e1csonyi M\u0171hely, \u00edgy id\u00e9n fokozottan figyelt\u00fcnk a csoportokban arra, hogy szelekt\u00edven gy\u0171jt\u00f6tt alapanyagokat, ill. az \u00e9vek \u00f3ta felhalmoz\u00f3dott f\u00e9lk\u00e9sz munk\u00e1kat haszn\u00e1ljuk fel. Nagy lelkesed\u00e9ssel k\u00e9sz\u00fclt\u00fcnk, \u00e9s iskol\u00e1ink \u00f6sszes tanul\u00f3ja, konduktora, egyetemi hallgat\u00f3ja, pedag\u00f3giai asszisztense \u00e9s az &hellip;<\/p>\n","protected":false},"author":101947,"featured_media":8832,"comment_status":"closed","ping_status":"closed","sticky":false,"template":"","format":"standard","meta":{"_acf_changed":false,"footnotes":""},"categories":[83],"tags":[153,92,124],"class_list":["post-8831","post","type-post","status-publish","format-standard","has-post-thumbnail","hentry","category-okoiskolai-hirek-se-pa-ekpmi-hirei","tag-hcsh","tag-okoiskola","tag-peto-okoiskola"],"acf":[],"_links":{"self":[{"href":"https:\/\/semmelweis.hu\/peto-ekpmi\/wp-json\/wp\/v2\/posts\/8831","targetHints":{"allow":["GET"]}}],"collection":[{"href":"https:\/\/semmelweis.hu\/peto-ekpmi\/wp-json\/wp\/v2\/posts"}],"about":[{"href":"https:\/\/semmelweis.hu\/peto-ekpmi\/wp-json\/wp\/v2\/types\/post"}],"author":[{"embeddable":true,"href":"https:\/\/semmelweis.hu\/peto-ekpmi\/wp-json\/wp\/v2\/users\/101947"}],"replies":[{"embeddable":true,"href":"https:\/\/semmelweis.hu\/peto-ekpmi\/wp-json\/wp\/v2\/comments?post=8831"}],"version-history":[{"count":3,"href":"https:\/\/semmelweis.hu\/peto-ekpmi\/wp-json\/wp\/v2\/posts\/8831\/revisions"}],"predecessor-version":[{"id":8838,"href":"https:\/\/semmelweis.hu\/peto-ekpmi\/wp-json\/wp\/v2\/posts\/8831\/revisions\/8838"}],"wp:featuredmedia":[{"embeddable":true,"href":"https:\/\/semmelweis.hu\/peto-ekpmi\/wp-json\/wp\/v2\/media\/8832"}],"wp:attachment":[{"href":"https:\/\/semmelweis.hu\/peto-ekpmi\/wp-json\/wp\/v2\/media?parent=8831"}],"wp:term":[{"taxonomy":"category","embeddable":true,"href":"https:\/\/semmelweis.hu\/peto-ekpmi\/wp-json\/wp\/v2\/categories?post=8831"},{"taxonomy":"post_tag","embeddable":true,"href":"https:\/\/semmelweis.hu\/peto-ekpmi\/wp-json\/wp\/v2\/tags?post=8831"}],"curies":[{"name":"wp","href":"https:\/\/api.w.org\/{rel}","templated":true}]}}