{"id":5115,"date":"2020-07-20T21:48:28","date_gmt":"2020-07-20T19:48:28","guid":{"rendered":"https:\/\/semmelweis.hu\/peto-ekpmi\/?p=5115"},"modified":"2020-07-21T15:11:54","modified_gmt":"2020-07-21T13:11:54","slug":"munkatarsak-kotelezo-de-teritesmentes-pcr-szurese-amennyiben-kulfoldrol-ternek-haza","status":"publish","type":"post","link":"https:\/\/semmelweis.hu\/peto-ekpmi\/2020\/07\/20\/munkatarsak-kotelezo-de-teritesmentes-pcr-szurese-amennyiben-kulfoldrol-ternek-haza\/","title":{"rendered":"Munkat\u00e1rsak k\u00f6telez\u0151, de t\u00e9r\u00edt\u00e9smentes PCR sz\u0171r\u00e9se, amennyiben k\u00fclf\u00f6ldr\u0151l t\u00e9rnek haza."},"content":{"rendered":"<div id=\"GroupWiseSection_1595334985000_makk.adam@semmelweis-univ.hu_E0A663881C8C0000B4706F6437396132_\" class=\"GroupWiseMessageBody active\">\n<div>Kedves Koll\u00e9g\u00e1k!<\/div>\n<div>\u00a0<\/div>\n<div>A Semmelweis Egyetem rektora \u00e9s kancell\u00e1rja 2020. j\u00falius 16-\u00e1n az al\u00e1bbi szab\u00e1lyok alkalmaz\u00e1s\u00e1t rendeli el utas\u00edt\u00e1s form\u00e1j\u00e1ban.<\/div>\n<div>\u00a0<\/div>\n<div><a href=\"https:\/\/semmelweis.hu\/jogigfoig\/2020\/07\/16\/e-16-2020-vii-16-sz-rektori-kancellari-utasitas-a-veszelyhelyzettel-osszefuggo-egyes-rendelkezesek-hatalyon-kivul-helyezeserol-a-veszelyhelyzet-megszunesevel-osszefuggo-egyes-atmeneti-rendelke\/\">E\/16\/2020 (VII. 16.). SZ. REKTORI-KANCELL\u00c1RI UTAS\u00cdT\u00c1S<\/a><\/div>\n<div>\u00a0<\/div>\n<div>A k\u00fclf\u00f6ldi utaz\u00e1sok eset\u00e9n, a Semmelweis Egyetem munkav\u00e1llal\u00f3ira vonatkoz\u00f3 elj\u00e1r\u00e1si rend:<\/div>\n<div>\u00a0<\/div>\n<div><em>&#8222;14.\u00a7 (4) A dolgoz\u00f3nak a tervezett k\u00fclf\u00f6ldi utaz\u00e1st \u00e9s a (2) bekezd\u00e9s b) \u2013 c) pontjai szerinti PCR-teszt ig\u00e9nyt el\u0151zetesen a munk\u00e1ltat\u00f3i jogk\u00f6r gyakorl\u00f3j\u00e1nak az 5. sz. mell\u00e9klet szerinti form\u00e1ban sz\u00fcks\u00e9ges jelezni, amely vizsg\u00e1latot az egyetem t\u00e9r\u00edt\u00e9smentesen biztos\u00edt. A PCR-vizsg\u00e1latot az adott egyetemi dolgoz\u00f3 felett munk\u00e1ltat\u00f3i jogk\u00f6rt gyakorl\u00f3 vezet\u0151 k\u00e9rv\u00e9nyezheti a Klinikai K\u00f6zponton kereszt\u00fcl. A vizsg\u00e1latok eredm\u00e9ny\u00e9re val\u00f3 v\u00e1rakoz\u00e1s a szabads\u00e1gkeret terh\u00e9re t\u00f6rt\u00e9nhet.\u201d<\/em><\/div>\n<div>\u00a0<\/div>\n<div>1. felh\u00edvom a sz\u00edves figyelmet arra, hogy az utas\u00edt\u00e1sban az orsz\u00e1gok kock\u00e1zati besorol\u00e1sa elt\u00e9r\u0151 lehet a magyar korm\u00e1ny aktu\u00e1lis besorol\u00e1s\u00e1t\u00f3l. Amennyiben a vissza\u00e9rkez\u00e9shez k\u00e9pest 2 h\u00e9ten bel\u00fcl \u00e1llna munk\u00e1ba a munkav\u00e1llal\u00f3, \u00fagy az utas\u00edt\u00e1s \u00e9rtelm\u00e9ben sz\u00fcks\u00e9ges mennyis\u00e9g\u0171 negat\u00edv COVID PCR teszttel kell rendelkezni, melyek Semmelweis dolgoz\u00f3k sz\u00e1m\u00e1ra ingyenesek.<br \/><a href=\"https:\/\/semmelweis.hu\/jogigfoig\/files\/2020\/07\/E_16_2020_VII_16_sz_rektori_kancellari_utasitas_4_sz_melleklet.pdf\">https:\/\/semmelweis.hu\/jogigfoig\/files\/2020\/07\/E_16_2020_VII_16_sz_rektori_kancellari_utasitas_4_sz_melleklet.pdf<\/a><\/div>\n<div>\u00a0<\/div>\n<div>2. Amennyiben a vissza\u00e9rkez\u00e9shez k\u00e9pest 2 hetet meghalad\u00f3an \u00e1llna munk\u00e1ba a munkav\u00e1llal\u00f3, \u00fagy\u00a0 a magyar korm\u00e1ny \u00e1ltal meghat\u00e1rozott protokoll alapj\u00e1n sz\u00fcks\u00e9ges elj\u00e1rni:<br \/><a href=\"https:\/\/koronavirus.gov.hu\/cikkek\/terkepen-piros-sarga-es-zold-jelzesu-orszagok\">https:\/\/koronavirus.gov.hu\/cikkek\/terkepen-piros-sarga-es-zold-jelzesu-orszagok<\/a><\/div>\n<div>\u00a0<\/div>\n<div>3. A PCR vizsg\u00e1lat\u00e1t a munk\u00e1ltat\u00f3i jogk\u00f6r gyakorl\u00f3ja int\u00e9zi.<\/div>\n<div>\u00a0<\/div>\n<div>4. A munkav\u00e1llal\u00f3k sz\u00edves egy\u00fcttm\u0171k\u00f6d\u00e9st k\u00e9rem az el\u0151zetes adatszolg\u00e1ltat\u00e1si k\u00f6telezetts\u00e9gek betart\u00e1s\u00e1ban:<br \/>A k\u00fclf\u00f6ldre utaz\u00f3 koll\u00e9g\u00e1nak az al\u00e1bbi <a href=\"https:\/\/docs.google.com\/forms\/d\/e\/1FAIpQLScIu2stsT0bEA4U2D1ycM4SqLLuf2Ig_EfimrqgHaqpp59ISA\/viewform\">online \u0171rlapot<\/a> sz\u00fcks\u00e9ges kit\u00f6lteni, valamint az E\/16\/2020 (VII. 16.). SZ. REKTORI-KANCELL\u00c1RI UTAS\u00cdT\u00c1S <a href=\"https:\/\/semmelweis.hu\/jogigfoig\/files\/2020\/07\/E_16_2020_VII_16_sz_rektori_kancellari_utasitas_5_sz_melleklet.docx\">5. sz\u00e1m\u00fa mell\u00e9klet\u00e9t <\/a>kit\u00f6ltve, szem\u00e9lyes al\u00e1\u00edr\u00e1s\u00e1val eljuttatni a munk\u00e1ltat\u00f3i jogk\u00f6r gyakorl\u00f3j\u00e1hoz.<\/div>\n<div>\u00a0<\/div>\n<div>Ez \u00faton is k\u00f6sz\u00f6n\u00f6m a fentiek sz\u00edves tudom\u00e1sul v\u00e9tel\u00e9t.<\/div>\n<div>\u00a0<\/div>\n<\/div>\n<p><a class=\"button-big\" href=\"https:\/\/docs.google.com\/forms\/d\/e\/1FAIpQLScIu2stsT0bEA4U2D1ycM4SqLLuf2Ig_EfimrqgHaqpp59ISA\/viewform?usp=sf_link\" target=\"_blank\" rel=\"noopener noreferrer\">online \u0170RLAP<\/a><\/p>\n<p><a class=\"button-big\" href=\"https:\/\/semmelweis.hu\/jogigfoig\/files\/2020\/07\/E_16_2020_VII_16_sz_rektori_kancellari_utasitas_5_sz_melleklet.docx\" target=\"_blank\" rel=\"noopener noreferrer\">Let\u00f6lthet\u0151 \u0171rlap<\/a><span id=\"cch_f270f3a881b2986\" class=\"_mh6 _wsc\"><\/span><\/p>\n<p><span id=\"cch_f270f3a881b2986\" class=\"_mh6 _wsc\"><span class=\"_3oh- _58nk\">2020. j\u00falius 20. <\/span><\/span><\/p>\n<p><span id=\"cch_f270f3a881b2986\" class=\"_mh6 _wsc\"><span class=\"_3oh- _58nk\">K\u00f6sz\u00f6nettel: <br \/><\/span><\/span><span id=\"cch_f270f3a881b2986\" class=\"_mh6 _wsc\"><span class=\"_3oh- _58nk\">Makk \u00c1d\u00e1m munk\u00e1ltat\u00f3i jogk\u00f6r gyakorl\u00f3ja <br \/><\/span><\/span><span id=\"cch_f270f3a881b2986\" class=\"_mh6 _wsc\"><span class=\"_3oh- _58nk\">Semmelweis Egyetem Pet\u0151 Andr\u00e1s EKPMI int\u00e9zm\u00e9ny<\/span><\/span><\/p>\n","protected":false},"excerpt":{"rendered":"<p>Kedves Koll\u00e9g\u00e1k! \u00a0 A Semmelweis Egyetem rektora \u00e9s kancell\u00e1rja 2020. j\u00falius 16-\u00e1n az al\u00e1bbi szab\u00e1lyok alkalmaz\u00e1s\u00e1t rendeli el utas\u00edt\u00e1s form\u00e1j\u00e1ban. \u00a0 <a href=\"https:\/\/semmelweis.hu\/jogigfoig\/2020\/07\/16\/e-16-2020-vii-16-sz-rektori-kancellari-utasitas-a-veszelyhelyzettel-osszefuggo-egyes-rendelkezesek-hatalyon-kivul-helyezeserol-a-veszelyhelyzet-megszunesevel-osszefuggo-egyes-atmeneti-rendelke\/\">E\/16\/2020 (VII. 16.). SZ. REKTORI-KANCELL\u00c1RI UTAS\u00cdT\u00c1S<\/a> \u00a0 A k\u00fclf\u00f6ldi utaz\u00e1sok eset\u00e9n, a Semmelweis Egyetem munkav\u00e1llal\u00f3ira vonatkoz\u00f3 elj\u00e1r\u00e1si rend: \u00a0 &#8222;14.\u00a7 (4) A dolgoz\u00f3nak a tervezett k\u00fclf\u00f6ldi utaz\u00e1st \u00e9s a (2) bekezd\u00e9s b) \u2013 c) pontjai szerinti PCR-teszt ig\u00e9nyt el\u0151zetesen a &hellip;<\/p>\n","protected":false},"author":101410,"featured_media":0,"comment_status":"closed","ping_status":"closed","sticky":false,"template":"","format":"standard","meta":{"_acf_changed":false,"footnotes":""},"categories":[17,1,12,29,13],"tags":[],"class_list":["post-5115","post","type-post","status-publish","format-standard","hentry","category-se-pa-ekpmi-hirei","category-iskolai-hirek","category-a-pedagogiai-szakszolgalat-hirei","category-szakiskola-hirei","category-az-utazo-konduktori-szolgalat-hirei"],"acf":[],"_links":{"self":[{"href":"https:\/\/semmelweis.hu\/peto-ekpmi\/wp-json\/wp\/v2\/posts\/5115","targetHints":{"allow":["GET"]}}],"collection":[{"href":"https:\/\/semmelweis.hu\/peto-ekpmi\/wp-json\/wp\/v2\/posts"}],"about":[{"href":"https:\/\/semmelweis.hu\/peto-ekpmi\/wp-json\/wp\/v2\/types\/post"}],"author":[{"embeddable":true,"href":"https:\/\/semmelweis.hu\/peto-ekpmi\/wp-json\/wp\/v2\/users\/101410"}],"replies":[{"embeddable":true,"href":"https:\/\/semmelweis.hu\/peto-ekpmi\/wp-json\/wp\/v2\/comments?post=5115"}],"version-history":[{"count":10,"href":"https:\/\/semmelweis.hu\/peto-ekpmi\/wp-json\/wp\/v2\/posts\/5115\/revisions"}],"predecessor-version":[{"id":5134,"href":"https:\/\/semmelweis.hu\/peto-ekpmi\/wp-json\/wp\/v2\/posts\/5115\/revisions\/5134"}],"wp:attachment":[{"href":"https:\/\/semmelweis.hu\/peto-ekpmi\/wp-json\/wp\/v2\/media?parent=5115"}],"wp:term":[{"taxonomy":"category","embeddable":true,"href":"https:\/\/semmelweis.hu\/peto-ekpmi\/wp-json\/wp\/v2\/categories?post=5115"},{"taxonomy":"post_tag","embeddable":true,"href":"https:\/\/semmelweis.hu\/peto-ekpmi\/wp-json\/wp\/v2\/tags?post=5115"}],"curies":[{"name":"wp","href":"https:\/\/api.w.org\/{rel}","templated":true}]}}