{"id":4464,"date":"2019-12-05T08:31:45","date_gmt":"2019-12-05T07:31:45","guid":{"rendered":"http:\/\/semmelweis.hu\/peto-ekpmi\/?p=4464"},"modified":"2019-12-05T08:47:06","modified_gmt":"2019-12-05T07:47:06","slug":"vendegsegben-jartunk-a-sofi-szakiskolajaban","status":"publish","type":"post","link":"https:\/\/semmelweis.hu\/peto-ekpmi\/2019\/12\/05\/vendegsegben-jartunk-a-sofi-szakiskolajaban\/","title":{"rendered":"Vend\u00e9gs\u00e9gben j\u00e1rtunk a SOFI Szakiskol\u00e1j\u00e1ban"},"content":{"rendered":"<blockquote>\n<p style=\"text-align: right\">\u2026\u00d6r\u00f6k bar\u00e1ts\u00e1g csak ott lehets\u00e9ges, ahol \u00f6r\u00f6k j\u00f3s\u00e1g lakik\u2026.<br \/>\n<span style=\"font-size: 14pt\">Brunszvik Ter\u00e9z<\/span><\/p>\n<\/blockquote>\n<p style=\"text-align: justify\">Vend\u00e9gs\u00e9gben j\u00e1rtunk szakiskol\u00e1nk tanul\u00f3ival \u00e9s pedag\u00f3gusaival a XVIII. ker\u00fcleti SOFI \u00d3voda, \u00c1ltal\u00e1nos Iskola, Szakiskola, K\u00e9szs\u00e9gfejleszt\u0151 Iskola \u00e9s EGYMI int\u00e9zm\u00e9ny\u00e9ben.<a href=\"https:\/\/semmelweis.hu\/peto-ekpmi\/files\/2019\/12\/2.jpg\"><img loading=\"lazy\" decoding=\"async\" class=\"size-medium wp-image-4466 aligncenter\" src=\"https:\/\/semmelweis.hu\/peto-ekpmi\/files\/2019\/12\/2-400x300.jpg\" alt=\"\" width=\"400\" height=\"300\" \/><\/a><\/p>\n<p style=\"text-align: justify\">Kis aj\u00e1nd\u00e9kkal is k\u00e9sz\u00fclt\u00fcnk, nagy \u00f6r\u00f6mmel s\u00fct\u00f6tt\u00fcnk \u00e9s d\u00edsz\u00edtett\u00fcnk m\u00e9zeskal\u00e1csot a vend\u00e9gl\u00e1t\u00f3inknak&#8230;<a href=\"https:\/\/semmelweis.hu\/peto-ekpmi\/files\/2019\/12\/1.jpg\"><img loading=\"lazy\" decoding=\"async\" class=\"size-medium wp-image-4465 aligncenter\" src=\"https:\/\/semmelweis.hu\/peto-ekpmi\/files\/2019\/12\/1-300x400.jpg\" alt=\"\" width=\"300\" height=\"400\" \/><\/a>K\u00f6sz\u00f6nj\u00fck az iskola vezet\u0151inek, pedag\u00f3gusainak \u00e9s tanul\u00f3inak, hogy megl\u00e1togathattuk a k\u00fcl\u00f6nb\u00f6z\u0151 foglalkoz\u00e1sokat, betekint\u00e9st nyerhett\u00fcnk a gyakorlati oktat\u00e1sba, a tanul\u00f3k munk\u00e1iba \u00e9s egy nagyon, kedves csal\u00e1di hangulat\u00fa szakmai besz\u00e9lget\u00e9sen, k\u00f6z\u00f6s gondolkod\u00e1son vehett\u00fcnk r\u00e9szt az ott dolgoz\u00f3 pedag\u00f3gusokkal. <a href=\"https:\/\/semmelweis.hu\/peto-ekpmi\/files\/2019\/12\/4.jpg\"><img loading=\"lazy\" decoding=\"async\" class=\"size-medium wp-image-4467 aligncenter\" src=\"https:\/\/semmelweis.hu\/peto-ekpmi\/files\/2019\/12\/4-400x225.jpg\" alt=\"\" width=\"400\" height=\"225\" \/><\/a><\/p>\n","protected":false},"excerpt":{"rendered":"<p>Vend\u00e9gs\u00e9gben j\u00e1rtunk szakiskol\u00e1nk tanul\u00f3ival \u00e9s pedag\u00f3gusaival a XVIII. ker\u00fcleti SOFI \u00d3voda, \u00c1ltal\u00e1nos Iskola, Szakiskola, K\u00e9szs\u00e9gfejleszt\u0151 Iskola \u00e9s EGYMI int\u00e9zm\u00e9ny\u00e9ben.<\/p>\n","protected":false},"author":101410,"featured_media":0,"comment_status":"closed","ping_status":"closed","sticky":false,"template":"","format":"standard","meta":{"_acf_changed":false,"footnotes":""},"categories":[17,29],"tags":[],"class_list":["post-4464","post","type-post","status-publish","format-standard","hentry","category-se-pa-ekpmi-hirei","category-szakiskola-hirei"],"acf":[],"_links":{"self":[{"href":"https:\/\/semmelweis.hu\/peto-ekpmi\/wp-json\/wp\/v2\/posts\/4464","targetHints":{"allow":["GET"]}}],"collection":[{"href":"https:\/\/semmelweis.hu\/peto-ekpmi\/wp-json\/wp\/v2\/posts"}],"about":[{"href":"https:\/\/semmelweis.hu\/peto-ekpmi\/wp-json\/wp\/v2\/types\/post"}],"author":[{"embeddable":true,"href":"https:\/\/semmelweis.hu\/peto-ekpmi\/wp-json\/wp\/v2\/users\/101410"}],"replies":[{"embeddable":true,"href":"https:\/\/semmelweis.hu\/peto-ekpmi\/wp-json\/wp\/v2\/comments?post=4464"}],"version-history":[{"count":4,"href":"https:\/\/semmelweis.hu\/peto-ekpmi\/wp-json\/wp\/v2\/posts\/4464\/revisions"}],"predecessor-version":[{"id":4471,"href":"https:\/\/semmelweis.hu\/peto-ekpmi\/wp-json\/wp\/v2\/posts\/4464\/revisions\/4471"}],"wp:attachment":[{"href":"https:\/\/semmelweis.hu\/peto-ekpmi\/wp-json\/wp\/v2\/media?parent=4464"}],"wp:term":[{"taxonomy":"category","embeddable":true,"href":"https:\/\/semmelweis.hu\/peto-ekpmi\/wp-json\/wp\/v2\/categories?post=4464"},{"taxonomy":"post_tag","embeddable":true,"href":"https:\/\/semmelweis.hu\/peto-ekpmi\/wp-json\/wp\/v2\/tags?post=4464"}],"curies":[{"name":"wp","href":"https:\/\/api.w.org\/{rel}","templated":true}]}}