{"id":3801,"date":"2019-01-13T10:00:55","date_gmt":"2019-01-13T09:00:55","guid":{"rendered":"http:\/\/semmelweis.hu\/peto-ekpmi\/?p=3801"},"modified":"2019-06-29T18:34:17","modified_gmt":"2019-06-29T16:34:17","slug":"korai-intervencio-lehetosegei","status":"publish","type":"post","link":"https:\/\/semmelweis.hu\/peto-ekpmi\/2019\/01\/13\/korai-intervencio-lehetosegei\/","title":{"rendered":"Korai intervenci\u00f3 lehet\u0151s\u00e9gei"},"content":{"rendered":"<p style=\"text-align: justify\">Tisztelt Sz\u00fcl\u0151k, Seg\u00edt\u0151 Szakemberek!<\/p>\n<p>Tov\u00e1bbra is fontos sz\u00e1munkra a partner kapcsolat, a k\u00f6lcs\u00f6n\u00f6s bizalom ki\u00e9p\u00edt\u00e9se, ez\u00e9rt folyamatosan tervezz\u00fck \u00d6n\u00f6kkel az interakt\u00edv tal\u00e1lkoz\u00e1sokat, az egy\u00fcttm\u0171k\u00f6d\u00e9s k\u00fcl\u00f6nb\u00f6z\u0151 form\u00e1it! Az els\u0151, bemutatkoz\u00f3 tal\u00e1lkoz\u00e1s ut\u00e1n ahol felvil\u00e1gos\u00edt\u00e1st kaptak a Pet\u0151 nevel\u00e9si rendszer, a kondukt\u00edv pedag\u00f3gia alapelveir\u0151l, most \u00e1tfog\u00f3 t\u00e9m\u00e1t k\u00edn\u00e1lunk arr\u00f3l az orsz\u00e1gos kiemelt projektr\u0151l, ami az\u00e9rt j\u00f6tt l\u00e9tre, hogy t\u00e1mogassa az egys\u00e9ges gyermek\u00fat optimaliz\u00e1l\u00e1s\u00e1t, amelyben a k\u00fcl\u00f6nb\u00f6z\u0151 szakter\u00fcletekhez tartoz\u00f3 szakemberek egy\u00fcttm\u0171k\u00f6d\u00e9se pontosan szab\u00e1lyozott. Saj\u00e1t sz\u00fcl\u0151i k\u00f6z\u00f6ss\u00e9g\u00fcnk mellett k\u00f6vetkez\u0151 tal\u00e1lkoz\u00e1sunkat aj\u00e1nljuk a kisgyermekeket nevel\u0151 csal\u00e1doknak, valamint a seg\u00edt\u0151 szakembereknek is!<\/p>\n<p>A r\u00e9sztvev\u0151k inform\u00e1ci\u00f3t kapnak a febru\u00e1rt\u00f3l folyamatosan indul\u00f3 ingyenes \u00e9s akkredit\u00e1lt k\u00e9pz\u00e9sekr\u0151l a szakemberek \u00e9s sz\u00fcl\u0151k r\u00e9sz\u00e9re.<\/p>\n<p>A rendezv\u00e9ny ingyenes, de regisztr\u00e1ci\u00f3-k\u00f6teles:<br \/>\n<a href=\"https:\/\/goo.gl\/forms\/pJoyPo1DNmazigJf1?fbclid=IwAR2tjVGBGdAzUPfCy9s2qak9mal-G__Ugvyob0m_AJfIoHawZ9gJ-o0S0cU\" target=\"_blank\" rel=\"nofollow noopener noreferrer\">https:\/\/goo.gl\/forms\/pJoyPo1DNmazigJf1<\/a><\/p>\n<p>Saj\u00e1t sz\u00fcl\u0151i k\u00f6z\u00f6ss\u00e9g\u00fcnk mellett k\u00f6vetkez\u0151 tal\u00e1lkoz\u00e1sunk t\u00e9m\u00e1j\u00e1t aj\u00e1nljuk a kisgyermekeket nevel\u0151 csal\u00e1doknak, valamint a seg\u00edt\u0151 szakembereknek is!<\/p>\n<p>2019.janu\u00e1r 23-\u00e1n, szerd\u00e1n Kereki Judit szakmai vezet\u0151 el\u0151ad\u00e1s\u00e1n kereszt\u00fcl t\u00e1j\u00e9koz\u00f3dhatnak a k\u00edn\u00e1lt programokr\u00f3l, szakmai tartalmakr\u00f3l, ami egyar\u00e1nt fontos a k\u00fcl\u00f6nb\u00f6z\u0151 \u00e1gazatokban dolgoz\u00f3 szakembereknek \u00e9s az \u00e9rdekl\u0151d\u0151 csal\u00e1dtagoknak.<\/p>\n<p>2017. febru\u00e1r 1-\u00e9n indult el a \u201eKoragyermekkori intervenci\u00f3 \u00e1gazatk\u00f6zi fejleszt\u00e9se\u201d c\u00edm\u0171 kiemelt uni\u00f3s program (EFOP-1.9.5-VEKOP-16-2016-00001). A komplex fejleszt\u00e9s c\u00e9lja az iskol\u00e1skor el\u0151tti gyermekek \u00e9s csal\u00e1djaik hat\u00e9konyabb, magasabb sz\u00ednvonal\u00fa ell\u00e1t\u00e1shoz, a sz\u00fcks\u00e9gletekhez igazod\u00f3 szolg\u00e1ltat\u00e1sokhoz val\u00f3 hozz\u00e1jut\u00e1s\u00e1nak biztos\u00edt\u00e1sa, k\u00fcl\u00f6n\u00f6s tekintettel a speci\u00e1lis ell\u00e1t\u00e1si sz\u00fcks\u00e9gletekre. A kiemelt projekt egyik fontos feladata a kora gyermekkori intervenci\u00f3s ell\u00e1t\u00e1sban r\u00e9szt vev\u0151 szakemberek \u00e9s az \u00e9rintett gyermekek sz\u00fclei, hozz\u00e1tartoz\u00f3i sz\u00e1m\u00e1ra k\u00e9pz\u00e9sek, tov\u00e1bbk\u00e9pz\u00e9sek fejleszt\u00e9se, szervez\u00e9se \u00e9s megtart\u00e1sa.<\/p>\n<p>Szeretettel v\u00e1rjuk \u00d6n\u00f6ket az \u00e9vind\u00edt\u00f3 el\u0151ad\u00e1sra!<\/p>\n","protected":false},"excerpt":{"rendered":"<p>Ingyenes sz\u00fcl\u0151i f\u00f3rum<\/p>\n","protected":false},"author":101410,"featured_media":0,"comment_status":"closed","ping_status":"closed","sticky":false,"template":"","format":"standard","meta":{"_acf_changed":false,"footnotes":""},"categories":[17,12],"tags":[],"class_list":["post-3801","post","type-post","status-publish","format-standard","hentry","category-se-pa-ekpmi-hirei","category-a-pedagogiai-szakszolgalat-hirei"],"acf":[],"_links":{"self":[{"href":"https:\/\/semmelweis.hu\/peto-ekpmi\/wp-json\/wp\/v2\/posts\/3801","targetHints":{"allow":["GET"]}}],"collection":[{"href":"https:\/\/semmelweis.hu\/peto-ekpmi\/wp-json\/wp\/v2\/posts"}],"about":[{"href":"https:\/\/semmelweis.hu\/peto-ekpmi\/wp-json\/wp\/v2\/types\/post"}],"author":[{"embeddable":true,"href":"https:\/\/semmelweis.hu\/peto-ekpmi\/wp-json\/wp\/v2\/users\/101410"}],"replies":[{"embeddable":true,"href":"https:\/\/semmelweis.hu\/peto-ekpmi\/wp-json\/wp\/v2\/comments?post=3801"}],"version-history":[{"count":2,"href":"https:\/\/semmelweis.hu\/peto-ekpmi\/wp-json\/wp\/v2\/posts\/3801\/revisions"}],"predecessor-version":[{"id":4188,"href":"https:\/\/semmelweis.hu\/peto-ekpmi\/wp-json\/wp\/v2\/posts\/3801\/revisions\/4188"}],"wp:attachment":[{"href":"https:\/\/semmelweis.hu\/peto-ekpmi\/wp-json\/wp\/v2\/media?parent=3801"}],"wp:term":[{"taxonomy":"category","embeddable":true,"href":"https:\/\/semmelweis.hu\/peto-ekpmi\/wp-json\/wp\/v2\/categories?post=3801"},{"taxonomy":"post_tag","embeddable":true,"href":"https:\/\/semmelweis.hu\/peto-ekpmi\/wp-json\/wp\/v2\/tags?post=3801"}],"curies":[{"name":"wp","href":"https:\/\/api.w.org\/{rel}","templated":true}]}}