{"id":2375,"date":"2018-03-23T16:59:02","date_gmt":"2018-03-23T15:59:02","guid":{"rendered":"http:\/\/semmelweis.hu\/peto-ekpmi\/?p=2375"},"modified":"2018-03-23T17:01:44","modified_gmt":"2018-03-23T16:01:44","slug":"2375","status":"publish","type":"post","link":"https:\/\/semmelweis.hu\/peto-ekpmi\/2018\/03\/23\/2375\/","title":{"rendered":"A v\u00edz vil\u00e1gnapja"},"content":{"rendered":"<div style=\"text-align: justify\"><b>A v\u00edz vil\u00e1gnapj\u00e1n,\u00a0<\/b>1993 \u00f3ta minden \u00e9v\u00a0<b>m\u00e1rcius 22<\/b>-\u00e9n tartjuk. A vil\u00e1gnap c\u00e9lja, hogy r\u00e1ir\u00e1ny\u00edtsa a figyelmet a mindenki sz\u00e1m\u00e1ra el\u00e9rhet\u0151, tiszta\u00a0v\u00edz\u00a0fontoss\u00e1g\u00e1ra \u00e9s az\u00a0\u00e9desv\u00edzk\u00e9szletek\u00a0vesz\u00e9lyeztetetts\u00e9g\u00e9re.<\/div>\n<div style=\"text-align: justify\">A Semmelweis Egyetem Pet\u0151 Andr\u00e1s Gyakorl\u00f3 \u00c1ltal\u00e1nos Iskol\u00e1j\u00e1ban\u00a0tehets\u00e9ggondoz\u00f3 programon a v\u00edz t\u00e9m\u00e1val foglalkoztunk. Kov\u00e1cs Adrienn fot\u00f3blogj\u00e1n n\u00e9zt\u00fck meg a v\u00edzfel\u00fcletek fot\u00f3it,\u00a0<a href=\"http:\/\/kovadrifoto.blogger.hu\/cimke\/tenger\" target=\"_blank\" rel=\"noopener\">http:\/\/kovadrifoto.blogger.hu\/cimke\/tenger<\/a>. Majd \u00fajs\u00e1gpap\u00edr foltokat felragasztva, saj\u00e1t elk\u00e9pzel\u00e9s\u00fck szerint k\u00e9sz\u00edtett\u00e9k el a k\u00e9p alapj\u00e1t a gyerekek. Ut\u00e1na olajpasztellel, a v\u00edz l\u00e1that\u00f3 fel\u00fclet\u00e9t, a megjelen\u0151 cs\u00edkokat, vonalakat rajzolt\u00e1k meg. Utols\u00f3 mozzanat, a k\u00e9p v\u00edzfest\u00e9kkel, vagy temper\u00e1val t\u00f6rt\u00e9n\u0151 kieg\u00e9sz\u00edt\u00e9se volt. 90 perc \u00e1llt rendelkez\u00e9sre, ami 2 gyermeknek kev\u00e9s volt, 5 k\u00e9p lett teljesen k\u00e9sz.<\/div>\n<div><\/div>\n<div style=\"text-align: right\">Vad\u00e1sz Zsuzsanna ( konduktor-m\u0171v\u00e9szetterapeuta (programvezet\u0151))<\/div>\n<div style=\"text-align: justify\"><\/div>\n<div>\n[slb_exclude][\/slb_exclude]\n<\/div>\n<div><\/div>\n","protected":false},"excerpt":{"rendered":"<p>A vil\u00e1gnap c\u00e9lja, hogy r\u00e1ir\u00e1ny\u00edtsa a figyelmet a mindenki sz\u00e1m\u00e1ra el\u00e9rhet\u0151, tiszta\u00a0v\u00edz\u00a0fontoss\u00e1g\u00e1ra \u00e9s az\u00a0\u00e9desv\u00edzk\u00e9szletek\u00a0vesz\u00e9lyeztetetts\u00e9g\u00e9re.<\/p>\n","protected":false},"author":101410,"featured_media":0,"comment_status":"closed","ping_status":"closed","sticky":false,"template":"","format":"standard","meta":{"_acf_changed":false,"footnotes":""},"categories":[1],"tags":[],"class_list":["post-2375","post","type-post","status-publish","format-standard","hentry","category-iskolai-hirek"],"acf":[],"_links":{"self":[{"href":"https:\/\/semmelweis.hu\/peto-ekpmi\/wp-json\/wp\/v2\/posts\/2375","targetHints":{"allow":["GET"]}}],"collection":[{"href":"https:\/\/semmelweis.hu\/peto-ekpmi\/wp-json\/wp\/v2\/posts"}],"about":[{"href":"https:\/\/semmelweis.hu\/peto-ekpmi\/wp-json\/wp\/v2\/types\/post"}],"author":[{"embeddable":true,"href":"https:\/\/semmelweis.hu\/peto-ekpmi\/wp-json\/wp\/v2\/users\/101410"}],"replies":[{"embeddable":true,"href":"https:\/\/semmelweis.hu\/peto-ekpmi\/wp-json\/wp\/v2\/comments?post=2375"}],"version-history":[{"count":3,"href":"https:\/\/semmelweis.hu\/peto-ekpmi\/wp-json\/wp\/v2\/posts\/2375\/revisions"}],"predecessor-version":[{"id":2403,"href":"https:\/\/semmelweis.hu\/peto-ekpmi\/wp-json\/wp\/v2\/posts\/2375\/revisions\/2403"}],"wp:attachment":[{"href":"https:\/\/semmelweis.hu\/peto-ekpmi\/wp-json\/wp\/v2\/media?parent=2375"}],"wp:term":[{"taxonomy":"category","embeddable":true,"href":"https:\/\/semmelweis.hu\/peto-ekpmi\/wp-json\/wp\/v2\/categories?post=2375"},{"taxonomy":"post_tag","embeddable":true,"href":"https:\/\/semmelweis.hu\/peto-ekpmi\/wp-json\/wp\/v2\/tags?post=2375"}],"curies":[{"name":"wp","href":"https:\/\/api.w.org\/{rel}","templated":true}]}}