{"id":8723,"date":"2025-08-18T11:29:48","date_gmt":"2025-08-18T09:29:48","guid":{"rendered":"https:\/\/semmelweis.hu\/patologia1\/?p=8723"},"modified":"2026-08-26T12:27:39","modified_gmt":"2026-08-26T10:27:39","slug":"aramlasi-citometriai-nap-2025-november-14-6th-flow-cytometry-day","status":"publish","type":"post","link":"https:\/\/semmelweis.hu\/patologia1\/2025\/08\/18\/aramlasi-citometriai-nap-2025-november-14-6th-flow-cytometry-day\/","title":{"rendered":"7. \u00c1raml\u00e1si citometriai nap &#8211; 2026. november 6 &#8211; 7th Flow cytometry day"},"content":{"rendered":"<p>Id\u00e9n novemberben ism\u00e9t megrendez\u00e9sre ker\u00fcl az \u00c1raml\u00e1si citometriai nap. Imm\u00e1r hetedik alkalommal v\u00e1rjuk az \u00e1raml\u00e1si citometri\u00e1val foglalkoz\u00f3 szakembereket, hogy megvitathassuk az \u00faj kutat\u00e1si \u00e9s diagnosztikai eredm\u00e9nyek, probl\u00e9m\u00e1kat. Ebben az \u00e9vben is lesznek k\u00fclf\u00f6ldi \u00e1raml\u00e1si citmetriai szakemberek, akik bemutatj\u00e1k munk\u00e1jukat az esem\u00e9ny\u00fcnk\u00f6n. Emellett pedig egy t\u00e1rs tudom\u00e1ny, a fluoreszcens mikroszk\u00f3pia ter\u00fclt\u00e9r\u0151l is hallhatunk egy el\u0151ad\u00e1st.<\/p>\n<p>Szeretettel v\u00e1runk minden \u00e9rdekl\u0151d\u0151t, kutat\u00f3t, diagnoszt\u00e1t el\u0151ad\u00f3k\u00e9nt vagy csak r\u00e9sztvev\u0151k\u00e9nt!<\/p>\n<p>&nbsp;<\/p>\n<p>The Flow Cytometry Day will be held again this November. Now in its sixth year, we look forward to welcoming flow cytometry professionals to discuss new research, diagnostic advances, and challenges. Experts from abroad will also present their work at our event again. Furthermore, we will hear a presentation from the field of fluorescence microscopy.<\/p>\n<p>We welcome all interested researchers, diagnostic speakers, or participants!<\/p>\n<pre id=\"tw-target-text\" class=\"tw-data-text tw-text-large tw-ta\" dir=\"ltr\" role=\"text\" data-placeholder=\"Ford\u00edt\u00e1s\" data-ved=\"2ahUKEwjV3q34lcSQAxUD_7sIHdWWB9wQ3ewLegQICxAU\" aria-label=\"Leford\u00edtott sz\u00f6veg: application deadline has passed\"><a href=\"https:\/\/forms.cloud.microsoft\/Pages\/ResponsePage.aspx?id=uJCuuvE5TUOrpmTr1YljV_vtWOAMVZtIhuTTSSb-q8lUMzRHR0tUUUNBTzlPVlNCVjE0Qk9TV0tQQS4u\"><img loading=\"lazy\" decoding=\"async\" class=\"size-medium wp-image-9084 aligncenter\" src=\"https:\/\/semmelweis.hu\/patologia1\/files\/2026\/08\/facs-angol-jelent-400x243.jpg\" alt=\"\" width=\"400\" height=\"243\" srcset=\"https:\/\/semmelweis.hu\/patologia1\/files\/2026\/08\/facs-angol-jelent-400x243.jpg 400w, https:\/\/semmelweis.hu\/patologia1\/files\/2026\/08\/facs-angol-jelent-1024x621.jpg 1024w, https:\/\/semmelweis.hu\/patologia1\/files\/2026\/08\/facs-angol-jelent-768x466.jpg 768w, https:\/\/semmelweis.hu\/patologia1\/files\/2026\/08\/facs-angol-jelent-753x457.jpg 753w, https:\/\/semmelweis.hu\/patologia1\/files\/2026\/08\/facs-angol-jelent.jpg 1410w\" sizes=\"auto, (max-width: 400px) 100vw, 400px\" \/><\/a><\/pre>\n","protected":false},"excerpt":{"rendered":"<p>Id\u00e9n novemberben ism\u00e9t megrendez\u00e9sre ker\u00fcl az \u00c1raml\u00e1si citometriai nap. Imm\u00e1r hetedik alkalommal v\u00e1rjuk az \u00e1raml\u00e1si citometri\u00e1val foglalkoz\u00f3 szakembereket, hogy megvitathassuk az \u00faj kutat\u00e1si \u00e9s diagnosztikai eredm\u00e9nyek, probl\u00e9m\u00e1kat. Ebben az \u00e9vben is lesznek k\u00fclf\u00f6ldi \u00e1raml\u00e1si citmetriai szakemberek, akik bemutatj\u00e1k munk\u00e1jukat az esem\u00e9ny\u00fcnk\u00f6n. Emellett pedig egy t\u00e1rs tudom\u00e1ny, a fluoreszcens mikroszk\u00f3pia ter\u00fclt\u00e9r\u0151l is hallhatunk egy el\u0151ad\u00e1st. Szeretettel &hellip;<\/p>\n","protected":false},"author":157,"featured_media":8469,"comment_status":"closed","ping_status":"closed","sticky":false,"template":"","format":"standard","meta":{"_acf_changed":false,"footnotes":""},"categories":[131],"tags":[],"class_list":["post-8723","post","type-post","status-publish","format-standard","has-post-thumbnail","hentry","category-hirek"],"acf":[],"_links":{"self":[{"href":"https:\/\/semmelweis.hu\/patologia1\/wp-json\/wp\/v2\/posts\/8723","targetHints":{"allow":["GET"]}}],"collection":[{"href":"https:\/\/semmelweis.hu\/patologia1\/wp-json\/wp\/v2\/posts"}],"about":[{"href":"https:\/\/semmelweis.hu\/patologia1\/wp-json\/wp\/v2\/types\/post"}],"author":[{"embeddable":true,"href":"https:\/\/semmelweis.hu\/patologia1\/wp-json\/wp\/v2\/users\/157"}],"replies":[{"embeddable":true,"href":"https:\/\/semmelweis.hu\/patologia1\/wp-json\/wp\/v2\/comments?post=8723"}],"version-history":[{"count":9,"href":"https:\/\/semmelweis.hu\/patologia1\/wp-json\/wp\/v2\/posts\/8723\/revisions"}],"predecessor-version":[{"id":9086,"href":"https:\/\/semmelweis.hu\/patologia1\/wp-json\/wp\/v2\/posts\/8723\/revisions\/9086"}],"wp:featuredmedia":[{"embeddable":true,"href":"https:\/\/semmelweis.hu\/patologia1\/wp-json\/wp\/v2\/media\/8469"}],"wp:attachment":[{"href":"https:\/\/semmelweis.hu\/patologia1\/wp-json\/wp\/v2\/media?parent=8723"}],"wp:term":[{"taxonomy":"category","embeddable":true,"href":"https:\/\/semmelweis.hu\/patologia1\/wp-json\/wp\/v2\/categories?post=8723"},{"taxonomy":"post_tag","embeddable":true,"href":"https:\/\/semmelweis.hu\/patologia1\/wp-json\/wp\/v2\/tags?post=8723"}],"curies":[{"name":"wp","href":"https:\/\/api.w.org\/{rel}","templated":true}]}}