{"id":2719,"date":"2019-11-25T08:57:04","date_gmt":"2019-11-25T07:57:04","guid":{"rendered":"http:\/\/semmelweis.hu\/parodontologia\/?p=2719"},"modified":"2019-11-25T08:58:24","modified_gmt":"2019-11-25T07:58:24","slug":"eletmudijat-kapott-gera-istvan-professzor-ur-bernben-egy-konferencia-kereteben-ahova-a-klinika-szamos-kollegaja-is-elkiserhette","status":"publish","type":"post","link":"https:\/\/semmelweis.hu\/parodontologia\/2019\/11\/25\/eletmudijat-kapott-gera-istvan-professzor-ur-bernben-egy-konferencia-kereteben-ahova-a-klinika-szamos-kollegaja-is-elkiserhette\/","title":{"rendered":"\u00c9letm\u0171d\u00edjat kapott Gera Istv\u00e1n Professzor \u00dar Bernben egy konferencia keret\u00e9ben, ahov\u00e1 a klinika sz\u00e1mos koll\u00e9g\u00e1ja is elkis\u00e9rhette"},"content":{"rendered":"<p>\u00d6r\u00f6m\u00fcnkre szolg\u00e1lt r\u00e9szt venni Bern v\u00e1ros\u00e1ban megrendezett 3. nemzetk\u00f6zi szimp\u00f3ziumon, mely a parodont\u00e1lis regener\u00e1ci\u00f3 mellett a fogak \u00e9s implant\u00e1tumok k\u00f6r\u00fcli l\u00e1gyr\u00e9sz korrekci\u00f3k modern technik\u00e1it mutatta be.<\/p>\n<p>Tizenk\u00e9t koll\u00e9g\u00e1nk szem\u00e9lyesen \u00fcnnepelhette klinik\u00e1nk kiemelked\u0151 alakj\u00e1t, Prof. Dr. Gera Istv\u00e1nt a konferenci\u00e1n, hiszen annak keret\u00e9ben Dr. Anton Sculean professzort\u00f3l, a berni egyetem parodontol\u00f3giai klinika igazgat\u00f3j\u00e1t\u00f3l, vehetett \u00e1t \u00e9letm\u0171d\u00edjat meghat\u00e1roz\u00f3 p\u00e1lyafut\u00e1sa \u00e9s 70. sz\u00fclet\u00e9snapja alkalm\u00e1b\u00f3l.<\/p>\n<p>B\u00fcszkes\u00e9ggel t\u00f6lt el minket Professzor \u00dar sikere, \u00e9s ez\u00faton is gratul\u00e1lunk Neki.<\/p>\n<p><a href=\"https:\/\/semmelweis.hu\/parodontologia\/files\/2019\/11\/20191116_160652.jpg\"><img loading=\"lazy\" decoding=\"async\" class=\"alignnone size-medium wp-image-2716\" src=\"https:\/\/semmelweis.hu\/parodontologia\/files\/2019\/11\/20191116_160652-300x135.jpg\" alt=\"\" width=\"300\" height=\"135\" srcset=\"https:\/\/semmelweis.hu\/parodontologia\/files\/2019\/11\/20191116_160652-300x135.jpg 300w, https:\/\/semmelweis.hu\/parodontologia\/files\/2019\/11\/20191116_160652-768x346.jpg 768w, https:\/\/semmelweis.hu\/parodontologia\/files\/2019\/11\/20191116_160652-1024x461.jpg 1024w, https:\/\/semmelweis.hu\/parodontologia\/files\/2019\/11\/20191116_160652-753x339.jpg 753w\" sizes=\"auto, (max-width: 300px) 100vw, 300px\" \/><\/a><a href=\"https:\/\/semmelweis.hu\/parodontologia\/files\/2019\/11\/20191115_210903.jpg\"><img loading=\"lazy\" decoding=\"async\" class=\"alignnone size-medium wp-image-2714\" src=\"https:\/\/semmelweis.hu\/parodontologia\/files\/2019\/11\/20191115_210903-300x135.jpg\" alt=\"\" width=\"300\" height=\"135\" srcset=\"https:\/\/semmelweis.hu\/parodontologia\/files\/2019\/11\/20191115_210903-300x135.jpg 300w, https:\/\/semmelweis.hu\/parodontologia\/files\/2019\/11\/20191115_210903-768x345.jpg 768w, https:\/\/semmelweis.hu\/parodontologia\/files\/2019\/11\/20191115_210903-1024x461.jpg 1024w, https:\/\/semmelweis.hu\/parodontologia\/files\/2019\/11\/20191115_210903-753x339.jpg 753w\" sizes=\"auto, (max-width: 300px) 100vw, 300px\" \/><\/a><\/p>\n<p><a href=\"https:\/\/semmelweis.hu\/parodontologia\/files\/2019\/11\/20191116_123135.jpg\"><img loading=\"lazy\" decoding=\"async\" class=\"alignnone size-medium wp-image-2717\" src=\"https:\/\/semmelweis.hu\/parodontologia\/files\/2019\/11\/20191116_123135-300x225.jpg\" alt=\"\" width=\"300\" height=\"225\" srcset=\"https:\/\/semmelweis.hu\/parodontologia\/files\/2019\/11\/20191116_123135-300x225.jpg 300w, https:\/\/semmelweis.hu\/parodontologia\/files\/2019\/11\/20191116_123135-768x576.jpg 768w, https:\/\/semmelweis.hu\/parodontologia\/files\/2019\/11\/20191116_123135-1024x768.jpg 1024w, https:\/\/semmelweis.hu\/parodontologia\/files\/2019\/11\/20191116_123135-753x565.jpg 753w\" sizes=\"auto, (max-width: 300px) 100vw, 300px\" \/><\/a><a href=\"https:\/\/semmelweis.hu\/parodontologia\/files\/2019\/11\/20191116_124048.jpg\"><img loading=\"lazy\" decoding=\"async\" class=\"alignnone size-medium wp-image-2718\" src=\"https:\/\/semmelweis.hu\/parodontologia\/files\/2019\/11\/20191116_124048-300x225.jpg\" alt=\"\" width=\"300\" height=\"225\" srcset=\"https:\/\/semmelweis.hu\/parodontologia\/files\/2019\/11\/20191116_124048-300x225.jpg 300w, https:\/\/semmelweis.hu\/parodontologia\/files\/2019\/11\/20191116_124048-768x576.jpg 768w, https:\/\/semmelweis.hu\/parodontologia\/files\/2019\/11\/20191116_124048-1024x768.jpg 1024w, https:\/\/semmelweis.hu\/parodontologia\/files\/2019\/11\/20191116_124048-753x565.jpg 753w\" sizes=\"auto, (max-width: 300px) 100vw, 300px\" \/><\/a><\/p>\n","protected":false},"excerpt":{"rendered":"<p>\u00d6r\u00f6m\u00fcnkre szolg\u00e1lt r\u00e9szt venni Bern v\u00e1ros\u00e1ban megrendezett 3. nemzetk\u00f6zi szimp\u00f3ziumon, mely a parodont\u00e1lis regener\u00e1ci\u00f3 mellett a fogak \u00e9s implant\u00e1tumok k\u00f6r\u00fcli l\u00e1gyr\u00e9sz korrekci\u00f3k modern technik\u00e1it mutatta be. Tizenk\u00e9t koll\u00e9g\u00e1nk szem\u00e9lyesen \u00fcnnepelhette klinik\u00e1nk kiemelked\u0151 alakj\u00e1t, Prof. Dr. Gera Istv\u00e1nt a konferenci\u00e1n, hiszen annak keret\u00e9ben Dr. Anton Sculean professzort\u00f3l, a berni egyetem parodontol\u00f3giai klinika igazgat\u00f3j\u00e1t\u00f3l, vehetett \u00e1t \u00e9letm\u0171d\u00edjat &hellip;<\/p>\n","protected":false},"author":101509,"featured_media":0,"comment_status":"closed","ping_status":"closed","sticky":false,"template":"","format":"image","meta":{"_acf_changed":false,"footnotes":""},"categories":[1],"tags":[],"class_list":["post-2719","post","type-post","status-publish","format-image","hentry","category-hirek","post_format-post-format-image"],"acf":[],"_links":{"self":[{"href":"https:\/\/semmelweis.hu\/parodontologia\/wp-json\/wp\/v2\/posts\/2719","targetHints":{"allow":["GET"]}}],"collection":[{"href":"https:\/\/semmelweis.hu\/parodontologia\/wp-json\/wp\/v2\/posts"}],"about":[{"href":"https:\/\/semmelweis.hu\/parodontologia\/wp-json\/wp\/v2\/types\/post"}],"author":[{"embeddable":true,"href":"https:\/\/semmelweis.hu\/parodontologia\/wp-json\/wp\/v2\/users\/101509"}],"replies":[{"embeddable":true,"href":"https:\/\/semmelweis.hu\/parodontologia\/wp-json\/wp\/v2\/comments?post=2719"}],"version-history":[{"count":7,"href":"https:\/\/semmelweis.hu\/parodontologia\/wp-json\/wp\/v2\/posts\/2719\/revisions"}],"predecessor-version":[{"id":2726,"href":"https:\/\/semmelweis.hu\/parodontologia\/wp-json\/wp\/v2\/posts\/2719\/revisions\/2726"}],"wp:attachment":[{"href":"https:\/\/semmelweis.hu\/parodontologia\/wp-json\/wp\/v2\/media?parent=2719"}],"wp:term":[{"taxonomy":"category","embeddable":true,"href":"https:\/\/semmelweis.hu\/parodontologia\/wp-json\/wp\/v2\/categories?post=2719"},{"taxonomy":"post_tag","embeddable":true,"href":"https:\/\/semmelweis.hu\/parodontologia\/wp-json\/wp\/v2\/tags?post=2719"}],"curies":[{"name":"wp","href":"https:\/\/api.w.org\/{rel}","templated":true}]}}