{"id":1736,"date":"2018-10-08T11:26:40","date_gmt":"2018-10-08T09:26:40","guid":{"rendered":"http:\/\/semmelweis.hu\/parodontologia\/?p=1736"},"modified":"2018-10-08T21:41:22","modified_gmt":"2018-10-08T19:41:22","slug":"fogodzok-eloadas-sorozatok","status":"publish","type":"post","link":"https:\/\/semmelweis.hu\/parodontologia\/2018\/10\/08\/fogodzok-eloadas-sorozatok\/","title":{"rendered":"FOG\u00f3dz\u00f3k el\u0151ad\u00e1ssorozatok"},"content":{"rendered":"<p><strong><a href=\"https:\/\/semmelweis.hu\/parodontologia\/files\/2018\/10\/Color_Logo_v2-021.jpg\"><img loading=\"lazy\" decoding=\"async\" class=\"wp-image-1740 aligncenter\" src=\"https:\/\/semmelweis.hu\/parodontologia\/files\/2018\/10\/Color_Logo_v2-021-300x168.jpg\" alt=\"\" width=\"554\" height=\"310\" \/><\/a><br \/>\nFOG\u00f3dz\u00f3k<\/strong><\/p>\n<p>&nbsp;<\/p>\n<p>-amit a fogakr\u00f3l \u00e9s betegs\u00e9geikr\u0151l tudni \u00e9rdemes-<\/p>\n<p>&nbsp;<\/p>\n<p>A Magyar Parodontol\u00f3giai T\u00e1rsas\u00e1g c\u00e9lkit\u0171z\u00e9se nem csup\u00e1n sz\u00ednvonalas szakmai k\u00e9pz\u00e9sek rendez\u00e9se, hanem t\u00e1rsadalmi szerepv\u00e1llal\u00e1s is. Fontos feladatunknak tartjuk felh\u00edvni a lakoss\u00e1g figyelm\u00e9t a fog\u00e1gybetegs\u00e9gre: t\u00fcneteire \u00e9s gy\u00f3gy\u00edthat\u00f3s\u00e1g\u00e1nak t\u00e9ny\u00e9re. Ennek kapcs\u00e1n nem lehet el\u00e9gg\u00e9 hangs\u00falyozni a fog\u00e1szati prevenci\u00f3 jelent\u0151s\u00e9g\u00e9t. Megfelel\u0151 otthoni sz\u00e1j\u00e1pol\u00e1ssal \u00e9s rendszeres sz\u0171r\u0151vizsg\u00e1lattal meg\u0151rizhet\u0151 a fogazat \u00e9ps\u00e9ge \u00e9s elker\u00fclhet\u0151 a k\u00f6vetkezm\u00e9nyes megbeteged\u00e9sek kialakul\u00e1sa.<\/p>\n<p>&nbsp;<\/p>\n<p>Az elk\u00f6vetkezend\u0151 h\u00f3napokban a Magyar Parodontol\u00f3giai T\u00e1rsas\u00e1g \u00e9s a Semmelweis Egyetem egy\u00fcttm\u0171k\u00f6d\u00e9se r\u00e9v\u00e9n ismeretterjeszt\u0151 \u00e9s interakt\u00edv el\u0151ad\u00e1sokra invit\u00e1lja a fog\u00e1szat ir\u00e1nt \u00e9rdekl\u0151d\u0151ket. Minden alkalommal olyan k\u00f6z\u00e9rdek\u0171 fog\u00e1szati t\u00e9ma ker\u00fcl bemutat\u00e1sra, mely a k\u00f6zv\u00e9lem\u00e9nyt kifejezetten foglalkoztatja.<\/p>\n<p>&nbsp;<\/p>\n<p>Okt\u00f3beri el\u0151ad\u00e1sunk a fog\u00e1gyat \u00e9rint\u0151 megbeteged\u00e9seket ismerteti. Kider\u00fcl, hogy mi is pontosan maga a fog\u00e1gy \u00e9s hogy mi okozza gyullad\u00e1sos elv\u00e1ltoz\u00e1sait. Megtudhatjuk, milyen t\u00fcnetek alapj\u00e1n ismerhet\u0151 fel a probl\u00e9ma \u00e9s mi\u00e9rt baj, ha v\u00e9rzik az \u00edny. Mennyit jelent a genetika: befoly\u00e1solhat\u00f3-e a betegs\u00e9g kialakul\u00e1sa, ha \u00f6r\u00f6kl\u00f6tt hajlamunk van r\u00e1? F\u00e9ny der\u00fcl arra is, hogy a fog\u00edny visszah\u00faz\u00f3d\u00e1sa minden esetben egyet jelent-e a fog elveszt\u00e9s\u00e9nek vesz\u00e9ly\u00e9vel.<\/p>\n<p>&nbsp;<\/p>\n<p>A m\u00e1sodik ismertet\u0151nk az implant\u00e1ci\u00f3 &#8211; magyarul: a fogakat p\u00f3tl\u00f3 m\u0171gy\u00f6k\u00e9r be\u00fcltet\u00e9s &#8211; t\u00e9mak\u00f6r\u00e9t j\u00e1rja k\u00f6rbe. Gyakori k\u00e9rd\u00e9s, hogy mindenki alkalmas-e implant\u00e1ci\u00f3ra. Milyen sikeress\u00e9gi r\u00e1t\u00e1ja van ezeknek a kezel\u00e9seknek? Mennyi id\u0151re sz\u00f3l egy implant\u00e1tum? Az el\u0151ad\u00e1son ismertetj\u00fck, hogy milyen vizsg\u00e1latok \u00e9s el\u0151kezel\u00e9sek lehetnek sz\u00fcks\u00e9gesek az ilyen t\u00edpus\u00fa beavatkoz\u00e1sokkal kapcsolatosan \u00e9s eloszlatunk minden k\u00f6ztudatban kering\u0151 t\u00e9vhitet.<\/p>\n<p>&nbsp;<\/p>\n<p>Decemberi el\u0151ad\u00e1sunk t\u00e9m\u00e1ja a fogszab\u00e1lyoz\u00e1s \u00e9s a fog\u00e1gy kapcsolata. Sokan k\u00e9telkedve fogadj\u00e1k, pedig feln\u0151tt korban is v\u00e9gezhet\u0151 fogszab\u00e1lyz\u00f3 kezel\u00e9s. Kinek aj\u00e1nlott \u00e9s milyen felt\u00e9telek betart\u00e1s\u00e1val javasolt? Megtudhatjuk, hogy mi\u00e9rt probl\u00e9ma a torl\u00f3dott fogazat \u00e9s hogy mire kell kifejezett figyelmet ford\u00edtani a kezel\u00e9s el\u0151tt-alatt-ut\u00e1n.<\/p>\n<p>&nbsp;<\/p>\n<p>Az el\u0151ad\u00e1sokat k\u00f6vet\u0151en interakt\u00edv m\u00f3don ker\u00fcl bemutat\u00e1sra a szakemberek \u00e1ltal aj\u00e1nlott, helyes fogmos\u00e1si technika. Ennek ismerete minden sz\u00e1j\u00fcregi betegs\u00e9g tekintet\u00e9ben a megel\u0151z\u00e9s alapja. Ezen fel\u00fcl azokat a kedves r\u00e9sztvev\u0151ket, akik m\u00e9g t\u00f6bbet szeretn\u00e9nek megtudni a helyes sz\u00e1j\u00e1pol\u00e1ssal \u00e9s annak speci\u00e1lis eszk\u00f6zeivel kapcsolatosan, gyakorlat orient\u00e1lt sz\u00e1jhigi\u00e9n\u00e9s tan\u00e1csad\u00e1sra v\u00e1rjuk az el\u0151ad\u00e1sok v\u00e9gezt\u00e9vel.<\/p>\n<p>Garant\u00e1ltan nem marad megv\u00e1laszolatlan k\u00e9rd\u00e9s!<\/p>\n<p>&nbsp;<\/p>\n<p>Szeretettel v\u00e1runk minden kedves \u00c9rdekl\u0151d\u0151t!<\/p>\n<p>Michailovits Georgina<\/p>\n<p>a Magyar Parodontol\u00f3giai T\u00e1rsas\u00e1g \u00e9s a Fog\u00f3dz\u00f3k rendezv\u00e9ny szervez\u0151i nev\u00e9ben<\/p>\n<p style=\"text-align: center\">\n<p><span style=\"font-size: 24pt;color: #ff0000\"><a href=\"https:\/\/semmelweis.hu\/parodontologia\/fogodzo\/\">TUDJ MEG T\u00d6BBET AZ EL\u0150AD\u00c1SOKR\u00d3L!<\/a><\/span><\/p>\n<p>&nbsp;<\/p>\n","protected":false},"excerpt":{"rendered":"<p><a href=\"https:\/\/semmelweis.hu\/parodontologia\/files\/2018\/10\/Color_Logo_v2-021.jpg\"><\/a> FOG\u00f3dz\u00f3k &nbsp; -amit a fogakr\u00f3l \u00e9s betegs\u00e9geikr\u0151l tudni \u00e9rdemes- &nbsp; A Magyar Parodontol\u00f3giai T\u00e1rsas\u00e1g c\u00e9lkit\u0171z\u00e9se nem csup\u00e1n sz\u00ednvonalas szakmai k\u00e9pz\u00e9sek rendez\u00e9se, hanem t\u00e1rsadalmi szerepv\u00e1llal\u00e1s is. Fontos feladatunknak tartjuk felh\u00edvni a lakoss\u00e1g figyelm\u00e9t a fog\u00e1gybetegs\u00e9gre: t\u00fcneteire \u00e9s gy\u00f3gy\u00edthat\u00f3s\u00e1g\u00e1nak t\u00e9ny\u00e9re. Ennek kapcs\u00e1n nem lehet el\u00e9gg\u00e9 hangs\u00falyozni a fog\u00e1szati prevenci\u00f3 jelent\u0151s\u00e9g\u00e9t. Megfelel\u0151 otthoni sz\u00e1j\u00e1pol\u00e1ssal \u00e9s rendszeres sz\u0171r\u0151vizsg\u00e1lattal meg\u0151rizhet\u0151 &hellip;<\/p>\n","protected":false},"author":101509,"featured_media":0,"comment_status":"closed","ping_status":"closed","sticky":false,"template":"","format":"standard","meta":{"_acf_changed":false,"footnotes":""},"categories":[1],"tags":[],"class_list":["post-1736","post","type-post","status-publish","format-standard","hentry","category-hirek"],"acf":[],"_links":{"self":[{"href":"https:\/\/semmelweis.hu\/parodontologia\/wp-json\/wp\/v2\/posts\/1736","targetHints":{"allow":["GET"]}}],"collection":[{"href":"https:\/\/semmelweis.hu\/parodontologia\/wp-json\/wp\/v2\/posts"}],"about":[{"href":"https:\/\/semmelweis.hu\/parodontologia\/wp-json\/wp\/v2\/types\/post"}],"author":[{"embeddable":true,"href":"https:\/\/semmelweis.hu\/parodontologia\/wp-json\/wp\/v2\/users\/101509"}],"replies":[{"embeddable":true,"href":"https:\/\/semmelweis.hu\/parodontologia\/wp-json\/wp\/v2\/comments?post=1736"}],"version-history":[{"count":8,"href":"https:\/\/semmelweis.hu\/parodontologia\/wp-json\/wp\/v2\/posts\/1736\/revisions"}],"predecessor-version":[{"id":1773,"href":"https:\/\/semmelweis.hu\/parodontologia\/wp-json\/wp\/v2\/posts\/1736\/revisions\/1773"}],"wp:attachment":[{"href":"https:\/\/semmelweis.hu\/parodontologia\/wp-json\/wp\/v2\/media?parent=1736"}],"wp:term":[{"taxonomy":"category","embeddable":true,"href":"https:\/\/semmelweis.hu\/parodontologia\/wp-json\/wp\/v2\/categories?post=1736"},{"taxonomy":"post_tag","embeddable":true,"href":"https:\/\/semmelweis.hu\/parodontologia\/wp-json\/wp\/v2\/tags?post=1736"}],"curies":[{"name":"wp","href":"https:\/\/api.w.org\/{rel}","templated":true}]}}