{"id":8891,"date":"2023-08-26T11:15:10","date_gmt":"2023-08-26T09:15:10","guid":{"rendered":"https:\/\/semmelweis.hu\/pak\/?p=8891"},"modified":"2023-09-15T10:51:37","modified_gmt":"2023-09-15T08:51:37","slug":"dr-maria-hari-was-born-100-years-ago","status":"publish","type":"post","link":"https:\/\/semmelweis.hu\/pak\/en\/2023\/08\/26\/dr-maria-hari-was-born-100-years-ago\/","title":{"rendered":"Dr. M\u00e1ria H\u00e1ri was born 100 years ago"},"content":{"rendered":"<p><span class=\"break-words\n      \"><span dir=\"ltr\">26th August 1923 \u2013 \u201eH\u00e1ri 100\u201d<br \/>\n<\/span><\/span><\/p>\n<p><span class=\"break-words\n      \"><span dir=\"ltr\">Dr. M\u00e1ria H\u00e1ri was born exactly 100 years ago, on 26th August 1923. She was a physician who continued the work and legacy of Andr\u00e1s Pet\u0151, a former director of our institution, also a tireless advocate and representative of conductive educational research and profession, both nationally and internationally.<\/span><\/span><\/p>\n<p><span class=\"break-words\n      \"><span dir=\"ltr\"><img loading=\"lazy\" decoding=\"async\" class=\"size-medium wp-image-8888 aligncenter\" src=\"https:\/\/semmelweis.hu\/pak\/files\/2023\/08\/1692967166007-400x339.jpg\" alt=\"\" width=\"400\" height=\"339\" srcset=\"https:\/\/semmelweis.hu\/pak\/files\/2023\/08\/1692967166007-400x339.jpg 400w, https:\/\/semmelweis.hu\/pak\/files\/2023\/08\/1692967166007.jpg 591w\" sizes=\"auto, (max-width: 400px) 100vw, 400px\" \/><\/p>\n<p>To mark the occasion, we celebrate a &#8222;H\u00e1ri 100&#8221; commemorative year, with a series of professional, educational and cultural events.\u00a0Details of the &#8222;H\u00e1ri 100&#8221; programme will soon be available on our website.<\/span><\/span><\/p>\n","protected":false},"excerpt":{"rendered":"<p>26th August 1923 \u2013 \u201eH\u00e1ri 100\u201d Dr. M\u00e1ria H\u00e1ri was born exactly 100 years ago, on 26th August 1923. She was a physician who continued the work and legacy of Andr\u00e1s Pet\u0151, a former director of our institution, also a tireless advocate and representative of conductive educational research and profession, both nationally and internationally. To &hellip;<\/p>\n","protected":false},"author":102056,"featured_media":8888,"comment_status":"closed","ping_status":"closed","sticky":false,"template":"","format":"standard","meta":{"_acf_changed":false,"footnotes":""},"categories":[209],"tags":[454,452,450],"class_list":["post-8891","post","type-post","status-publish","format-standard","has-post-thumbnail","hentry","category-news","tag-hari-en","tag-jubelee","tag-maria-hari"],"acf":[],"_links":{"self":[{"href":"https:\/\/semmelweis.hu\/pak\/wp-json\/wp\/v2\/posts\/8891","targetHints":{"allow":["GET"]}}],"collection":[{"href":"https:\/\/semmelweis.hu\/pak\/wp-json\/wp\/v2\/posts"}],"about":[{"href":"https:\/\/semmelweis.hu\/pak\/wp-json\/wp\/v2\/types\/post"}],"author":[{"embeddable":true,"href":"https:\/\/semmelweis.hu\/pak\/wp-json\/wp\/v2\/users\/102056"}],"replies":[{"embeddable":true,"href":"https:\/\/semmelweis.hu\/pak\/wp-json\/wp\/v2\/comments?post=8891"}],"version-history":[{"count":2,"href":"https:\/\/semmelweis.hu\/pak\/wp-json\/wp\/v2\/posts\/8891\/revisions"}],"predecessor-version":[{"id":8893,"href":"https:\/\/semmelweis.hu\/pak\/wp-json\/wp\/v2\/posts\/8891\/revisions\/8893"}],"wp:featuredmedia":[{"embeddable":true,"href":"https:\/\/semmelweis.hu\/pak\/wp-json\/wp\/v2\/media\/8888"}],"wp:attachment":[{"href":"https:\/\/semmelweis.hu\/pak\/wp-json\/wp\/v2\/media?parent=8891"}],"wp:term":[{"taxonomy":"category","embeddable":true,"href":"https:\/\/semmelweis.hu\/pak\/wp-json\/wp\/v2\/categories?post=8891"},{"taxonomy":"post_tag","embeddable":true,"href":"https:\/\/semmelweis.hu\/pak\/wp-json\/wp\/v2\/tags?post=8891"}],"curies":[{"name":"wp","href":"https:\/\/api.w.org\/{rel}","templated":true}]}}