{"id":7339,"date":"2022-07-08T14:15:59","date_gmt":"2022-07-08T12:15:59","guid":{"rendered":"https:\/\/semmelweis.hu\/pak\/?p=7339"},"modified":"2022-07-08T14:15:59","modified_gmt":"2022-07-08T12:15:59","slug":"summer-camp-by-andras-peto-faculty","status":"publish","type":"post","link":"https:\/\/semmelweis.hu\/pak\/en\/2022\/07\/08\/summer-camp-by-andras-peto-faculty\/","title":{"rendered":"Summer Camp by Andr\u00e1s Pet\u0151 Faculty"},"content":{"rendered":"<p style=\"text-align: justify\">As part of the Family Friendly University project of the Semmelweis University, the colleagues of the Andr\u00e1s Pet\u0151 Faculty have organised a series of summer camps for the children of the colleagues of the university.<\/p>\n<p style=\"text-align: justify\"><img loading=\"lazy\" decoding=\"async\" class=\"size-medium wp-image-7344 aligncenter\" src=\"https:\/\/semmelweis.hu\/pak\/files\/2022\/07\/IMG_20220705_133032-400x300.jpg\" alt=\"\" width=\"400\" height=\"300\" srcset=\"https:\/\/semmelweis.hu\/pak\/files\/2022\/07\/IMG_20220705_133032-400x300.jpg 400w, https:\/\/semmelweis.hu\/pak\/files\/2022\/07\/IMG_20220705_133032-1024x768.jpg 1024w, https:\/\/semmelweis.hu\/pak\/files\/2022\/07\/IMG_20220705_133032-768x576.jpg 768w, https:\/\/semmelweis.hu\/pak\/files\/2022\/07\/IMG_20220705_133032-1536x1152.jpg 1536w, https:\/\/semmelweis.hu\/pak\/files\/2022\/07\/IMG_20220705_133032-2048x1536.jpg 2048w, https:\/\/semmelweis.hu\/pak\/files\/2022\/07\/IMG_20220705_133032-753x565.jpg 753w\" sizes=\"auto, (max-width: 400px) 100vw, 400px\" \/>\u00a0\u00a0\u00a0\u00a0\u00a0\u00a0\u00a0\u00a0\u00a0 <\/p>\n<p style=\"text-align: justify\">The programme started with great success and full houses both in the Elm\u00e9leti T\u00f6mb Building, where a classic summer camp offers quality time for the kids and in the Vill\u00e1nyi Building where an art focused camp helps the children to express themselves. In the groups of 18-25 children from the age between 6-14 the participants take part in many different and exciting programmes organized and executed by the conductors and teachers of the Andr\u00e1s Pet\u0151 Faculty.<\/p>\n<p><img loading=\"lazy\" decoding=\"async\" class=\"size-medium wp-image-7346 aligncenter\" src=\"https:\/\/semmelweis.hu\/pak\/files\/2022\/07\/IMG_20220705_134607-400x300.jpg\" alt=\"\" width=\"400\" height=\"300\" srcset=\"https:\/\/semmelweis.hu\/pak\/files\/2022\/07\/IMG_20220705_134607-400x300.jpg 400w, https:\/\/semmelweis.hu\/pak\/files\/2022\/07\/IMG_20220705_134607-1024x768.jpg 1024w, https:\/\/semmelweis.hu\/pak\/files\/2022\/07\/IMG_20220705_134607-768x576.jpg 768w, https:\/\/semmelweis.hu\/pak\/files\/2022\/07\/IMG_20220705_134607-1536x1152.jpg 1536w, https:\/\/semmelweis.hu\/pak\/files\/2022\/07\/IMG_20220705_134607-2048x1536.jpg 2048w, https:\/\/semmelweis.hu\/pak\/files\/2022\/07\/IMG_20220705_134607-753x565.jpg 753w\" sizes=\"auto, (max-width: 400px) 100vw, 400px\" \/><\/p>\n<p style=\"text-align: justify\">In the art camp &#8211; led by Zsuzsanna Vad\u00e1sz, conductor and art therapist &#8211; cooperation, the joy and freedoom of joint creation is a priority goal so the children create the illustration of jointly invented fairy tale. At the end of the camp, a storybook will be created from their work which will be presented to the parents. &#8211; said Dr. Andrea Dr. Tenk Mikl\u00f3sn\u00e9 Zsebe, Dean of the faculty who visited the camp to see the programmes.<\/p>\n\r\n        [slb_exclude]\r\n        <div class=\"row galeria-wrapper mx-0 h-auto\">\r\n            <div class=\"col-9 pl-0 pr-2\">\r\n            <span class=\"gallery-item frame\">\r\n\t\t\t\t<div class=\"galeria-left-img\"><a href=\"https:\/\/semmelweis.hu\/pak\/files\/2022\/07\/IMG_20220705_133013-scaled.jpg\"><img src=https:\/\/semmelweis.hu\/pak\/files\/2022\/07\/IMG_20220705_133013-scaled.jpg  \r\n                            alt=\"\" \r\n                            class=\"attachment-sote-gallery-big size-sote-gallery-big\" \r\n                            srcset=\"https:\/\/semmelweis.hu\/pak\/files\/2022\/07\/IMG_20220705_133013-400x300.jpg 400w, https:\/\/semmelweis.hu\/pak\/files\/2022\/07\/IMG_20220705_133013-1024x768.jpg 1024w, https:\/\/semmelweis.hu\/pak\/files\/2022\/07\/IMG_20220705_133013-768x576.jpg 768w, https:\/\/semmelweis.hu\/pak\/files\/2022\/07\/IMG_20220705_133013-1536x1152.jpg 1536w, https:\/\/semmelweis.hu\/pak\/files\/2022\/07\/IMG_20220705_133013-2048x1536.jpg 2048w, https:\/\/semmelweis.hu\/pak\/files\/2022\/07\/IMG_20220705_133013-753x565.jpg 753w\" ><\/a><\/div>\r\n            <\/span>\r\n\r\n            <\/div>\r\n\r\n\t\t\t<div class=\"col-3 pl-0 pr-0\">\r\n\t\t\t\t<div class=\"galeria-right-img d-flex justify-content-between flex-column h-100 w-100 px-0 mx-0 \">\r\n                <div class=\"galeria-box\">\r\n\t\t\t\t\t<h3 class=\"galeria-title\">Gal\u00e9ria<\/h3>\r\n\t\t\t\t\t<div class=\"galeria-subtitle\">\r\n\r\n\t\t\t\t\t\t<div class=\"galeria-page-counter\"><span>9<\/span>k\u00e9p<\/div>\r\n                    <\/div> <\/div>\r\n                    <span class=\"gallery-item frame d-none d-md-flex\">\r\n\t\t\t\t\t<div class=\"galeria-small-img mt-0\"><a href=\"https:\/\/semmelweis.hu\/pak\/files\/2022\/07\/IMG_20220705_132924-scaled.jpg\"><img src=https:\/\/semmelweis.hu\/pak\/files\/2022\/07\/IMG_20220705_132924-scaled.jpg \r\n                                alt=\"\"  \r\n                                class=\"attachment-sote-gallery-small size-sote-gallery-small\" \r\n                                srcset=\"https:\/\/semmelweis.hu\/pak\/files\/2022\/07\/IMG_20220705_132924-400x300.jpg 400w, https:\/\/semmelweis.hu\/pak\/files\/2022\/07\/IMG_20220705_132924-1024x768.jpg 1024w, https:\/\/semmelweis.hu\/pak\/files\/2022\/07\/IMG_20220705_132924-768x576.jpg 768w, https:\/\/semmelweis.hu\/pak\/files\/2022\/07\/IMG_20220705_132924-1536x1152.jpg 1536w, https:\/\/semmelweis.hu\/pak\/files\/2022\/07\/IMG_20220705_132924-2048x1536.jpg 2048w, https:\/\/semmelweis.hu\/pak\/files\/2022\/07\/IMG_20220705_132924-753x565.jpg 753w\" ><\/a><\/div>\r\n                    <\/span>\r\n                    <span class=\"gallery-item frame d-none d-md-flex\">\r\n\t\t\t\t\t<div class=\"galeria-small-img mt-0\"><a href=\"https:\/\/semmelweis.hu\/pak\/files\/2022\/07\/IMG_20220705_132821-scaled.jpg\"><img src=https:\/\/semmelweis.hu\/pak\/files\/2022\/07\/IMG_20220705_132821-scaled.jpg \r\n                                alt=\"\" \r\n                                class=\"attachment-sote-gallery-small size-sote-gallery-small\" \r\n                                srcset=\"https:\/\/semmelweis.hu\/pak\/files\/2022\/07\/IMG_20220705_132821-400x300.jpg 400w, https:\/\/semmelweis.hu\/pak\/files\/2022\/07\/IMG_20220705_132821-1024x768.jpg 1024w, https:\/\/semmelweis.hu\/pak\/files\/2022\/07\/IMG_20220705_132821-768x576.jpg 768w, https:\/\/semmelweis.hu\/pak\/files\/2022\/07\/IMG_20220705_132821-1536x1152.jpg 1536w, https:\/\/semmelweis.hu\/pak\/files\/2022\/07\/IMG_20220705_132821-2048x1536.jpg 2048w, https:\/\/semmelweis.hu\/pak\/files\/2022\/07\/IMG_20220705_132821-753x565.jpg 753w\" ><\/a><\/div>\r\n                    <\/span>\r\n\r\n                <\/div>\r\n\r\n            <\/div>\r\n\r\n            <span class=\"gallery-item\"><div class=\"hidden\"><a href=\"https:\/\/semmelweis.hu\/pak\/files\/2022\/07\/IMG_20220705_134607-scaled.jpg\">\r\n        <img src=https:\/\/semmelweis.hu\/pak\/files\/2022\/07\/IMG_20220705_134607-scaled.jpg alt=\"\" class=\"attachment-sote-gallery-big size-sote-gallery-big\" srcset=\"https:\/\/semmelweis.hu\/pak\/files\/2022\/07\/IMG_20220705_134607-400x300.jpg 400w, https:\/\/semmelweis.hu\/pak\/files\/2022\/07\/IMG_20220705_134607-1024x768.jpg 1024w, https:\/\/semmelweis.hu\/pak\/files\/2022\/07\/IMG_20220705_134607-768x576.jpg 768w, https:\/\/semmelweis.hu\/pak\/files\/2022\/07\/IMG_20220705_134607-1536x1152.jpg 1536w, https:\/\/semmelweis.hu\/pak\/files\/2022\/07\/IMG_20220705_134607-2048x1536.jpg 2048w, https:\/\/semmelweis.hu\/pak\/files\/2022\/07\/IMG_20220705_134607-753x565.jpg 753w\" >\r\n        <\/a><\/div><\/span><span class=\"gallery-item\"><div class=\"hidden\"><a href=\"https:\/\/semmelweis.hu\/pak\/files\/2022\/07\/IMG_20220705_133909-scaled.jpg\">\r\n        <img src=https:\/\/semmelweis.hu\/pak\/files\/2022\/07\/IMG_20220705_133909-scaled.jpg alt=\"\" class=\"attachment-sote-gallery-big size-sote-gallery-big\" srcset=\"https:\/\/semmelweis.hu\/pak\/files\/2022\/07\/IMG_20220705_133909-400x300.jpg 400w, https:\/\/semmelweis.hu\/pak\/files\/2022\/07\/IMG_20220705_133909-1024x768.jpg 1024w, https:\/\/semmelweis.hu\/pak\/files\/2022\/07\/IMG_20220705_133909-768x576.jpg 768w, https:\/\/semmelweis.hu\/pak\/files\/2022\/07\/IMG_20220705_133909-1536x1152.jpg 1536w, https:\/\/semmelweis.hu\/pak\/files\/2022\/07\/IMG_20220705_133909-2048x1536.jpg 2048w, https:\/\/semmelweis.hu\/pak\/files\/2022\/07\/IMG_20220705_133909-753x565.jpg 753w\" >\r\n        <\/a><\/div><\/span><span class=\"gallery-item\"><div class=\"hidden\"><a href=\"https:\/\/semmelweis.hu\/pak\/files\/2022\/07\/IMG_20220705_133032-scaled.jpg\">\r\n        <img src=https:\/\/semmelweis.hu\/pak\/files\/2022\/07\/IMG_20220705_133032-scaled.jpg alt=\"\" class=\"attachment-sote-gallery-big size-sote-gallery-big\" srcset=\"https:\/\/semmelweis.hu\/pak\/files\/2022\/07\/IMG_20220705_133032-400x300.jpg 400w, https:\/\/semmelweis.hu\/pak\/files\/2022\/07\/IMG_20220705_133032-1024x768.jpg 1024w, https:\/\/semmelweis.hu\/pak\/files\/2022\/07\/IMG_20220705_133032-768x576.jpg 768w, https:\/\/semmelweis.hu\/pak\/files\/2022\/07\/IMG_20220705_133032-1536x1152.jpg 1536w, https:\/\/semmelweis.hu\/pak\/files\/2022\/07\/IMG_20220705_133032-2048x1536.jpg 2048w, https:\/\/semmelweis.hu\/pak\/files\/2022\/07\/IMG_20220705_133032-753x565.jpg 753w\" >\r\n        <\/a><\/div><\/span><span class=\"gallery-item\"><div class=\"hidden\"><a href=\"https:\/\/semmelweis.hu\/pak\/files\/2022\/07\/IMG_20220705_134009-scaled.jpg\">\r\n        <img src=https:\/\/semmelweis.hu\/pak\/files\/2022\/07\/IMG_20220705_134009-scaled.jpg alt=\"\" class=\"attachment-sote-gallery-big size-sote-gallery-big\" srcset=\"https:\/\/semmelweis.hu\/pak\/files\/2022\/07\/IMG_20220705_134009-400x300.jpg 400w, https:\/\/semmelweis.hu\/pak\/files\/2022\/07\/IMG_20220705_134009-1024x768.jpg 1024w, https:\/\/semmelweis.hu\/pak\/files\/2022\/07\/IMG_20220705_134009-768x576.jpg 768w, https:\/\/semmelweis.hu\/pak\/files\/2022\/07\/IMG_20220705_134009-1536x1152.jpg 1536w, https:\/\/semmelweis.hu\/pak\/files\/2022\/07\/IMG_20220705_134009-2048x1536.jpg 2048w, https:\/\/semmelweis.hu\/pak\/files\/2022\/07\/IMG_20220705_134009-753x565.jpg 753w\" >\r\n        <\/a><\/div><\/span><span class=\"gallery-item\"><div class=\"hidden\"><a href=\"https:\/\/semmelweis.hu\/pak\/files\/2022\/07\/IMG_20220705_133023-scaled.jpg\">\r\n        <img src=https:\/\/semmelweis.hu\/pak\/files\/2022\/07\/IMG_20220705_133023-scaled.jpg alt=\"\" class=\"attachment-sote-gallery-big size-sote-gallery-big\" srcset=\"https:\/\/semmelweis.hu\/pak\/files\/2022\/07\/IMG_20220705_133023-400x300.jpg 400w, https:\/\/semmelweis.hu\/pak\/files\/2022\/07\/IMG_20220705_133023-1024x768.jpg 1024w, https:\/\/semmelweis.hu\/pak\/files\/2022\/07\/IMG_20220705_133023-768x576.jpg 768w, https:\/\/semmelweis.hu\/pak\/files\/2022\/07\/IMG_20220705_133023-1536x1152.jpg 1536w, https:\/\/semmelweis.hu\/pak\/files\/2022\/07\/IMG_20220705_133023-2048x1536.jpg 2048w, https:\/\/semmelweis.hu\/pak\/files\/2022\/07\/IMG_20220705_133023-753x565.jpg 753w\" >\r\n        <\/a><\/div><\/span><span class=\"gallery-item\"><div class=\"hidden\"><a href=\"https:\/\/semmelweis.hu\/pak\/files\/2022\/07\/IMG_20220705_133845-scaled.jpg\">\r\n        <img src=https:\/\/semmelweis.hu\/pak\/files\/2022\/07\/IMG_20220705_133845-scaled.jpg alt=\"\" class=\"attachment-sote-gallery-big size-sote-gallery-big\" srcset=\"https:\/\/semmelweis.hu\/pak\/files\/2022\/07\/IMG_20220705_133845-400x300.jpg 400w, https:\/\/semmelweis.hu\/pak\/files\/2022\/07\/IMG_20220705_133845-1024x768.jpg 1024w, https:\/\/semmelweis.hu\/pak\/files\/2022\/07\/IMG_20220705_133845-768x576.jpg 768w, https:\/\/semmelweis.hu\/pak\/files\/2022\/07\/IMG_20220705_133845-1536x1152.jpg 1536w, https:\/\/semmelweis.hu\/pak\/files\/2022\/07\/IMG_20220705_133845-2048x1536.jpg 2048w, https:\/\/semmelweis.hu\/pak\/files\/2022\/07\/IMG_20220705_133845-753x565.jpg 753w\" >\r\n        <\/a><\/div><\/span>\r\n            <\/div>\r\n\r\n            [\/slb_exclude]\r\n\t\n","protected":false},"excerpt":{"rendered":"<p>As part of the Family Friendly University project of the Semmelweis University, the colleagues of the Andr\u00e1s Pet\u0151 Faculty have organised a series of summer camps for the children of the colleagues of the university. \u00a0\u00a0\u00a0\u00a0\u00a0\u00a0\u00a0\u00a0\u00a0 The programme started with great success and full houses both in the Elm\u00e9leti T\u00f6mb Building, where a classic summer &hellip;<\/p>\n","protected":false},"author":102056,"featured_media":7348,"comment_status":"closed","ping_status":"closed","sticky":false,"template":"","format":"standard","meta":{"_acf_changed":false,"footnotes":""},"categories":[209],"tags":[305,307,189,309,303],"class_list":["post-7339","post","type-post","status-publish","format-standard","has-post-thumbnail","hentry","category-news","tag-art","tag-art-camp","tag-children","tag-conductor","tag-summer-camp"],"acf":[],"_links":{"self":[{"href":"https:\/\/semmelweis.hu\/pak\/wp-json\/wp\/v2\/posts\/7339","targetHints":{"allow":["GET"]}}],"collection":[{"href":"https:\/\/semmelweis.hu\/pak\/wp-json\/wp\/v2\/posts"}],"about":[{"href":"https:\/\/semmelweis.hu\/pak\/wp-json\/wp\/v2\/types\/post"}],"author":[{"embeddable":true,"href":"https:\/\/semmelweis.hu\/pak\/wp-json\/wp\/v2\/users\/102056"}],"replies":[{"embeddable":true,"href":"https:\/\/semmelweis.hu\/pak\/wp-json\/wp\/v2\/comments?post=7339"}],"version-history":[{"count":3,"href":"https:\/\/semmelweis.hu\/pak\/wp-json\/wp\/v2\/posts\/7339\/revisions"}],"predecessor-version":[{"id":7353,"href":"https:\/\/semmelweis.hu\/pak\/wp-json\/wp\/v2\/posts\/7339\/revisions\/7353"}],"wp:featuredmedia":[{"embeddable":true,"href":"https:\/\/semmelweis.hu\/pak\/wp-json\/wp\/v2\/media\/7348"}],"wp:attachment":[{"href":"https:\/\/semmelweis.hu\/pak\/wp-json\/wp\/v2\/media?parent=7339"}],"wp:term":[{"taxonomy":"category","embeddable":true,"href":"https:\/\/semmelweis.hu\/pak\/wp-json\/wp\/v2\/categories?post=7339"},{"taxonomy":"post_tag","embeddable":true,"href":"https:\/\/semmelweis.hu\/pak\/wp-json\/wp\/v2\/tags?post=7339"}],"curies":[{"name":"wp","href":"https:\/\/api.w.org\/{rel}","templated":true}]}}