{"id":13626,"date":"2026-04-30T09:11:56","date_gmt":"2026-04-30T07:11:56","guid":{"rendered":"https:\/\/semmelweis.hu\/pak\/?p=13626"},"modified":"2026-04-30T09:11:56","modified_gmt":"2026-04-30T07:11:56","slug":"az-anyanyelvi-nevelest-es-kommunikaciot-tamogato-kutatasi-muhely-reszvetele-a-pedagogiai-ertekelesi-konferencian","status":"publish","type":"post","link":"https:\/\/semmelweis.hu\/pak\/2026\/04\/30\/az-anyanyelvi-nevelest-es-kommunikaciot-tamogato-kutatasi-muhely-reszvetele-a-pedagogiai-ertekelesi-konferencian\/","title":{"rendered":"Az Anyanyelvi Nevel\u00e9st \u00e9s Kommunik\u00e1ci\u00f3t T\u00e1mogat\u00f3 Kutat\u00e1si M\u0171hely r\u00e9szv\u00e9tele a Pedag\u00f3giai \u00c9rt\u00e9kel\u00e9si Konferenci\u00e1n"},"content":{"rendered":"<p style=\"text-align: justify\"><img loading=\"lazy\" decoding=\"async\" class=\"wp-image-13628 size-medium alignright\" src=\"https:\/\/semmelweis.hu\/pak\/files\/2026\/04\/IMG_3336-scaled-e1777532833439-400x253.jpeg\" alt=\"\" width=\"400\" height=\"253\" srcset=\"https:\/\/semmelweis.hu\/pak\/files\/2026\/04\/IMG_3336-scaled-e1777532833439-400x253.jpeg 400w, https:\/\/semmelweis.hu\/pak\/files\/2026\/04\/IMG_3336-scaled-e1777532833439-1024x646.jpeg 1024w, https:\/\/semmelweis.hu\/pak\/files\/2026\/04\/IMG_3336-scaled-e1777532833439-768x485.jpeg 768w, https:\/\/semmelweis.hu\/pak\/files\/2026\/04\/IMG_3336-scaled-e1777532833439-1536x970.jpeg 1536w, https:\/\/semmelweis.hu\/pak\/files\/2026\/04\/IMG_3336-scaled-e1777532833439-753x475.jpeg 753w, https:\/\/semmelweis.hu\/pak\/files\/2026\/04\/IMG_3336-scaled-e1777532833439.jpeg 1920w\" sizes=\"auto, (max-width: 400px) 100vw, 400px\" \/>A Szegedi Tudom\u00e1nyegyetem Nevel\u00e9studom\u00e1nyi Int\u00e9zete \u00e9s Nevel\u00e9studom\u00e1nyi Doktori Iskol\u00e1ja, valamint az MTA Szegedi Akad\u00e9miai Bizotts\u00e1g\u00e1nak Oktat\u00e1selm\u00e9leti Munkabizotts\u00e1ga \u00e1ltal 2026. \u00e1prilis 23-25-\u00e9n szervezett XXII. Pedag\u00f3giai \u00c9rt\u00e9kel\u00e9si Konferenci\u00e1n a <em>Saj\u00e1tos nevel\u00e9si ig\u00e9ny: m\u00e9r\u00e9s \u00e9s intervenci\u00f3 szekci\u00f3ban<\/em> Pik\u00f3 Bettina vezet\u00e9s\u00e9vel Pint\u00e9r Henriett, Kapcs\u00e1ndy Gabriella, Moln\u00e1r P\u00e1l \u00e9s G\u00e1l Franciska <em>Mese- \u00e9s besz\u00e9dintervenci\u00f3 protokoll elj\u00e1r\u00e1s-validit\u00e1sa<\/em> c\u00edmmel adott el\u0151.<\/p>\n<p style=\"text-align: justify\">\u00a0<\/p>\n<p style=\"text-align: justify\"><img loading=\"lazy\" decoding=\"async\" class=\"wp-image-13627 size-medium alignleft\" src=\"https:\/\/semmelweis.hu\/pak\/files\/2026\/04\/IMG_0927-scaled-e1777532782842-400x310.jpeg\" alt=\"\" width=\"400\" height=\"310\" srcset=\"https:\/\/semmelweis.hu\/pak\/files\/2026\/04\/IMG_0927-scaled-e1777532782842-400x310.jpeg 400w, https:\/\/semmelweis.hu\/pak\/files\/2026\/04\/IMG_0927-scaled-e1777532782842-1024x795.jpeg 1024w, https:\/\/semmelweis.hu\/pak\/files\/2026\/04\/IMG_0927-scaled-e1777532782842-768x596.jpeg 768w, https:\/\/semmelweis.hu\/pak\/files\/2026\/04\/IMG_0927-scaled-e1777532782842-1536x1192.jpeg 1536w, https:\/\/semmelweis.hu\/pak\/files\/2026\/04\/IMG_0927-scaled-e1777532782842-753x584.jpeg 753w, https:\/\/semmelweis.hu\/pak\/files\/2026\/04\/IMG_0927-scaled-e1777532782842.jpeg 1920w\" sizes=\"auto, (max-width: 400px) 100vw, 400px\" \/><span style=\"font-size: 1rem\">A szekci\u00f3ban az el\u0151ad\u00f3k \u00e9s a k\u00f6z\u00f6ns\u00e9g t\u00f6bb szakmai k\u00e9rd\u00e9st vitattak meg, els\u0151sorban a gy\u00f3gypedag\u00f3gia \u00e9s kondukt\u00edv pedag\u00f3gia ter\u00fclet\u00e9r\u0151l.<\/span><\/p>\n<p style=\"text-align: justify\"><span style=\"font-size: 1rem\">A konferenci\u00e1n val\u00f3 r\u00e9szv\u00e9tel lehet\u0151s\u00e9get biztos\u00edtott a szakmai p\u00e1rbesz\u00e9d elm\u00e9ly\u00edt\u00e9s\u00e9re \u00e9s a legfrissebb kutat\u00e1si eredm\u00e9nyek megoszt\u00e1s\u00e1ra a hazai nevel\u00e9studom\u00e1nyi k\u00f6z\u00f6ss\u00e9gben.<\/span><\/p>\n<section class=\"text-token-text-primary w-full focus:outline-none [--shadow-height:45px] has-data-writing-block:pointer-events-none has-data-writing-block:-mt-(--shadow-height) has-data-writing-block:pt-(--shadow-height) [&amp;:has([data-writing-block])&gt;*]:pointer-events-auto [content-visibility:auto] supports-[content-visibility:auto]:[contain-intrinsic-size:auto_100lvh] R6Vx5W_threadScrollVars scroll-mb-[calc(var(--scroll-root-safe-area-inset-bottom,0px)+var(--thread-response-height))] scroll-mt-[calc(var(--header-height)+min(200px,max(70px,20svh)))]\" dir=\"auto\" data-turn-id=\"request-WEB:ac56a151-84fc-4f84-b490-f8c9ef82759a-0\" data-testid=\"conversation-turn-2\" data-scroll-anchor=\"false\" data-turn=\"assistant\">\n<div class=\"text-base my-auto mx-auto pb-10 [--thread-content-margin:var(--thread-content-margin-xs,calc(var(--spacing)*4))] @w-sm\/main:[--thread-content-margin:var(--thread-content-margin-sm,calc(var(--spacing)*6))] @w-lg\/main:[--thread-content-margin:var(--thread-content-margin-lg,calc(var(--spacing)*16))] px-(--thread-content-margin)\">\n<div class=\"[--thread-content-max-width:40rem] @w-lg\/main:[--thread-content-max-width:48rem] mx-auto max-w-(--thread-content-max-width) flex-1 group\/turn-messages focus-visible:outline-hidden relative flex w-full min-w-0 flex-col agent-turn\">\n<div class=\"z-0 flex min-h-[46px] justify-start\" style=\"text-align: justify\">\u00a0<\/div>\n<\/div>\n<\/div>\n<\/section>\n","protected":false},"excerpt":{"rendered":"<p>A Szegedi Tudom\u00e1nyegyetem Nevel\u00e9studom\u00e1nyi Int\u00e9zete \u00e9s Nevel\u00e9studom\u00e1nyi Doktori Iskol\u00e1ja, valamint az MTA Szegedi Akad\u00e9miai Bizotts\u00e1g\u00e1nak Oktat\u00e1selm\u00e9leti Munkabizotts\u00e1ga \u00e1ltal 2026. \u00e1prilis 23-25-\u00e9n szervezett XXII. Pedag\u00f3giai \u00c9rt\u00e9kel\u00e9si Konferenci\u00e1n a Saj\u00e1tos nevel\u00e9si ig\u00e9ny: m\u00e9r\u00e9s \u00e9s intervenci\u00f3 szekci\u00f3ban Pik\u00f3 Bettina vezet\u00e9s\u00e9vel Pint\u00e9r Henriett, Kapcs\u00e1ndy Gabriella, Moln\u00e1r P\u00e1l \u00e9s G\u00e1l Franciska Mese- \u00e9s besz\u00e9dintervenci\u00f3 protokoll elj\u00e1r\u00e1s-validit\u00e1sa c\u00edmmel adott el\u0151. \u00a0 &hellip;<\/p>\n","protected":false},"author":102433,"featured_media":13628,"comment_status":"closed","ping_status":"closed","sticky":false,"template":"","format":"standard","meta":{"_acf_changed":false,"footnotes":""},"categories":[1],"tags":[519],"class_list":["post-13626","post","type-post","status-publish","format-standard","has-post-thumbnail","hentry","category-hirek","tag-tudomanyos-hirek"],"acf":[],"_links":{"self":[{"href":"https:\/\/semmelweis.hu\/pak\/wp-json\/wp\/v2\/posts\/13626","targetHints":{"allow":["GET"]}}],"collection":[{"href":"https:\/\/semmelweis.hu\/pak\/wp-json\/wp\/v2\/posts"}],"about":[{"href":"https:\/\/semmelweis.hu\/pak\/wp-json\/wp\/v2\/types\/post"}],"author":[{"embeddable":true,"href":"https:\/\/semmelweis.hu\/pak\/wp-json\/wp\/v2\/users\/102433"}],"replies":[{"embeddable":true,"href":"https:\/\/semmelweis.hu\/pak\/wp-json\/wp\/v2\/comments?post=13626"}],"version-history":[{"count":8,"href":"https:\/\/semmelweis.hu\/pak\/wp-json\/wp\/v2\/posts\/13626\/revisions"}],"predecessor-version":[{"id":13636,"href":"https:\/\/semmelweis.hu\/pak\/wp-json\/wp\/v2\/posts\/13626\/revisions\/13636"}],"wp:featuredmedia":[{"embeddable":true,"href":"https:\/\/semmelweis.hu\/pak\/wp-json\/wp\/v2\/media\/13628"}],"wp:attachment":[{"href":"https:\/\/semmelweis.hu\/pak\/wp-json\/wp\/v2\/media?parent=13626"}],"wp:term":[{"taxonomy":"category","embeddable":true,"href":"https:\/\/semmelweis.hu\/pak\/wp-json\/wp\/v2\/categories?post=13626"},{"taxonomy":"post_tag","embeddable":true,"href":"https:\/\/semmelweis.hu\/pak\/wp-json\/wp\/v2\/tags?post=13626"}],"curies":[{"name":"wp","href":"https:\/\/api.w.org\/{rel}","templated":true}]}}