{"id":13576,"date":"2026-04-26T12:03:51","date_gmt":"2026-04-26T10:03:51","guid":{"rendered":"https:\/\/semmelweis.hu\/pak\/?p=13576"},"modified":"2026-04-27T12:07:22","modified_gmt":"2026-04-27T10:07:22","slug":"oktatonk-reszvetele-a-magyar-gyermekneurologiai-tarsasag-50-jubileumi-kongresszusan","status":"publish","type":"post","link":"https:\/\/semmelweis.hu\/pak\/2026\/04\/26\/oktatonk-reszvetele-a-magyar-gyermekneurologiai-tarsasag-50-jubileumi-kongresszusan\/","title":{"rendered":"Oktat\u00f3nk r\u00e9szv\u00e9tele a Magyar Gyermekneurol\u00f3giai T\u00e1rsas\u00e1g 50. jubileumi kongresszus\u00e1n"},"content":{"rendered":"<p><img loading=\"lazy\" decoding=\"async\" class=\"size-medium wp-image-13577 alignleft\" style=\"font-size: 1rem\" src=\"https:\/\/semmelweis.hu\/pak\/files\/2026\/04\/KolumbanE-MGYNT2026-316x400.jpg\" alt=\"\" width=\"316\" height=\"400\" srcset=\"https:\/\/semmelweis.hu\/pak\/files\/2026\/04\/KolumbanE-MGYNT2026-316x400.jpg 316w, https:\/\/semmelweis.hu\/pak\/files\/2026\/04\/KolumbanE-MGYNT2026-810x1024.jpg 810w, https:\/\/semmelweis.hu\/pak\/files\/2026\/04\/KolumbanE-MGYNT2026-768x971.jpg 768w, https:\/\/semmelweis.hu\/pak\/files\/2026\/04\/KolumbanE-MGYNT2026-1214x1536.jpg 1214w, https:\/\/semmelweis.hu\/pak\/files\/2026\/04\/KolumbanE-MGYNT2026-753x952.jpg 753w, https:\/\/semmelweis.hu\/pak\/files\/2026\/04\/KolumbanE-MGYNT2026.jpg 1405w\" sizes=\"auto, (max-width: 316px) 100vw, 316px\" \/>Kolumb\u00e1n Erika el\u0151ad\u00f3k\u00e9nt vett r\u00e9szt a Magyar Gyermekneurol\u00f3giai T\u00e1rsas\u00e1g 50. jubileumi kongresszus\u00e1n, amelyet 2026. \u00e1prilis 16-\u00e1n rendeztek meg Szegeden. El\u0151ad\u00e1s\u00e1ban a cerebr\u00e1lis par\u00e9zissel \u00e9l\u0151 serd\u00fcl\u0151k l\u00e9gz\u0151feladatainak hat\u00e9konys\u00e1g\u00e1t vizsg\u00e1l\u00f3, vill\u00e1nyi \u00faton lezajlott kutat\u00e1s eredm\u00e9nyeit ismertette.<\/p>\n<p>A kongresszus az el\u0151ad\u00e1sokon t\u00fal lehet\u0151s\u00e9get biztos\u00edtott a kondukt\u00edv nevel\u00e9s sz\u00e9lesebb k\u00f6r\u0171 megismertet\u00e9s\u00e9re \u00e9s n\u00e9pszer\u0171s\u00edt\u00e9s\u00e9re is. A tal\u00e1lkoz\u00f3 kiv\u00e1l\u00f3 alkalmat teremtett a szakmai p\u00e1rbesz\u00e9d er\u0151s\u00edt\u00e9s\u00e9re \u00e9s az egy\u00fcttm\u0171k\u00f6d\u00e9sek b\u0151v\u00edt\u00e9s\u00e9re a gyermekneurol\u00f3gusok \u00e9s konduktorok k\u00f6z\u00f6tt.<\/p>\n<p>Tov\u00e1bbi inform\u00e1ci\u00f3 a kongresszusr\u00f3l: <a href=\"https:\/\/mgynt2026.congressline.hu\/\" target=\"_blank\" rel=\"noopener\">https:\/\/mgynt2026.congressline.hu\/<\/a><\/p>\n","protected":false},"excerpt":{"rendered":"<p>Kolumb\u00e1n Erika el\u0151ad\u00f3k\u00e9nt vett r\u00e9szt a Magyar Gyermekneurol\u00f3giai T\u00e1rsas\u00e1g 50. jubileumi kongresszus\u00e1n, amelyet 2026. \u00e1prilis 16-\u00e1n rendeztek meg Szegeden. El\u0151ad\u00e1s\u00e1ban a cerebr\u00e1lis par\u00e9zissel \u00e9l\u0151 serd\u00fcl\u0151k l\u00e9gz\u0151feladatainak hat\u00e9konys\u00e1g\u00e1t vizsg\u00e1l\u00f3, vill\u00e1nyi \u00faton lezajlott kutat\u00e1s eredm\u00e9nyeit ismertette. A kongresszus az el\u0151ad\u00e1sokon t\u00fal lehet\u0151s\u00e9get biztos\u00edtott a kondukt\u00edv nevel\u00e9s sz\u00e9lesebb k\u00f6r\u0171 megismertet\u00e9s\u00e9re \u00e9s n\u00e9pszer\u0171s\u00edt\u00e9s\u00e9re is. A tal\u00e1lkoz\u00f3 kiv\u00e1l\u00f3 alkalmat teremtett &hellip;<\/p>\n","protected":false},"author":102433,"featured_media":13577,"comment_status":"closed","ping_status":"closed","sticky":false,"template":"","format":"standard","meta":{"_acf_changed":false,"footnotes":""},"categories":[1],"tags":[519],"class_list":["post-13576","post","type-post","status-publish","format-standard","has-post-thumbnail","hentry","category-hirek","tag-tudomanyos-hirek"],"acf":[],"_links":{"self":[{"href":"https:\/\/semmelweis.hu\/pak\/wp-json\/wp\/v2\/posts\/13576","targetHints":{"allow":["GET"]}}],"collection":[{"href":"https:\/\/semmelweis.hu\/pak\/wp-json\/wp\/v2\/posts"}],"about":[{"href":"https:\/\/semmelweis.hu\/pak\/wp-json\/wp\/v2\/types\/post"}],"author":[{"embeddable":true,"href":"https:\/\/semmelweis.hu\/pak\/wp-json\/wp\/v2\/users\/102433"}],"replies":[{"embeddable":true,"href":"https:\/\/semmelweis.hu\/pak\/wp-json\/wp\/v2\/comments?post=13576"}],"version-history":[{"count":1,"href":"https:\/\/semmelweis.hu\/pak\/wp-json\/wp\/v2\/posts\/13576\/revisions"}],"predecessor-version":[{"id":13578,"href":"https:\/\/semmelweis.hu\/pak\/wp-json\/wp\/v2\/posts\/13576\/revisions\/13578"}],"wp:featuredmedia":[{"embeddable":true,"href":"https:\/\/semmelweis.hu\/pak\/wp-json\/wp\/v2\/media\/13577"}],"wp:attachment":[{"href":"https:\/\/semmelweis.hu\/pak\/wp-json\/wp\/v2\/media?parent=13576"}],"wp:term":[{"taxonomy":"category","embeddable":true,"href":"https:\/\/semmelweis.hu\/pak\/wp-json\/wp\/v2\/categories?post=13576"},{"taxonomy":"post_tag","embeddable":true,"href":"https:\/\/semmelweis.hu\/pak\/wp-json\/wp\/v2\/tags?post=13576"}],"curies":[{"name":"wp","href":"https:\/\/api.w.org\/{rel}","templated":true}]}}