{"id":13557,"date":"2026-04-27T12:03:38","date_gmt":"2026-04-27T10:03:38","guid":{"rendered":"https:\/\/semmelweis.hu\/pak\/?p=13557"},"modified":"2026-04-27T14:19:22","modified_gmt":"2026-04-27T12:19:22","slug":"oktatoink-a-xi-kulonleges-banasmod-nemzetkozi-interdiszciplinaris-konferencian","status":"publish","type":"post","link":"https:\/\/semmelweis.hu\/pak\/2026\/04\/27\/oktatoink-a-xi-kulonleges-banasmod-nemzetkozi-interdiszciplinaris-konferencian\/","title":{"rendered":"Oktat\u00f3ink a XI. K\u00fcl\u00f6nleges B\u00e1n\u00e1sm\u00f3d Nemzetk\u00f6zi Interdiszciplin\u00e1ris Konferenci\u00e1n"},"content":{"rendered":"<p style=\"text-align: justify\">A Semmelweis Egyetem Pet\u0151 Andr\u00e1s Kart k\u00e9pviselt\u00e9k oktat\u00f3ink a XI. K\u00fcl\u00f6nleges B\u00e1n\u00e1sm\u00f3d Nemzetk\u00f6zi Interdiszciplin\u00e1ris Konferenci\u00e1n, mely 2026.04.24-25-\u00e9n ker\u00fcl megrendez\u00e9sre a Debreceni Egyetem Gyermeknevel\u00e9si \u00e9s Gy\u00f3gypedag\u00f3giai Kar\u00e1n.<\/p>\n<p style=\"text-align: justify\" data-start=\"284\" data-end=\"568\">A rangos szakmai esem\u00e9ny lehet\u0151s\u00e9get biztos\u00edtott a gy\u00f3gypedag\u00f3gia, a kondukt\u00edv nevel\u00e9s \u00e9s a kapcsol\u00f3d\u00f3 tudom\u00e1nyter\u00fcletek legfrissebb kutat\u00e1si eredm\u00e9nyeinek \u00e9s m\u00f3dszertani innov\u00e1ci\u00f3inak bemutat\u00e1s\u00e1ra. A Pet\u0151 Andr\u00e1s Kar oktat\u00f3i h\u00e1rom el\u0151ad\u00e1ssal j\u00e1rultak hozz\u00e1 a konferencia programj\u00e1hoz.<\/p>\n<p style=\"text-align: justify\" data-start=\"570\" data-end=\"858\"><span class=\"hover:entity-accent entity-underline inline cursor-pointer align-baseline\"><span class=\"whitespace-normal\"><img loading=\"lazy\" decoding=\"async\" class=\"alignright wp-image-13581\" style=\"font-size: 1rem\" src=\"https:\/\/semmelweis.hu\/pak\/files\/2026\/04\/1000008190-150x150.jpg\" alt=\"\" width=\"200\" height=\"197\" srcset=\"https:\/\/semmelweis.hu\/pak\/files\/2026\/04\/1000008190-400x395.jpg 400w, https:\/\/semmelweis.hu\/pak\/files\/2026\/04\/1000008190-1024x1011.jpg 1024w, https:\/\/semmelweis.hu\/pak\/files\/2026\/04\/1000008190-768x758.jpg 768w, https:\/\/semmelweis.hu\/pak\/files\/2026\/04\/1000008190-1536x1516.jpg 1536w, https:\/\/semmelweis.hu\/pak\/files\/2026\/04\/1000008190-2048x2022.jpg 2048w, https:\/\/semmelweis.hu\/pak\/files\/2026\/04\/1000008190-753x743.jpg 753w\" sizes=\"auto, (max-width: 200px) 100vw, 200px\" \/><\/span><\/span><\/p>\n<p data-start=\"570\" data-end=\"858\">\u00a0<\/p>\n<p style=\"text-align: justify\" data-start=\"570\" data-end=\"858\"><span class=\"hover:entity-accent entity-underline inline cursor-pointer align-baseline\"><span class=\"whitespace-normal\">Dr. Frank Tam\u00e1s<\/span><\/span> el\u0151ad\u00e1s\u00e1ban Dr. Pet\u0151 Andr\u00e1s \u00e9s a kondukt\u00edv pedag\u00f3gia sajt\u00f3reprezent\u00e1ci\u00f3j\u00e1t vizsg\u00e1lta az <em data-start=\"696\" data-end=\"712\">Orvosi Hetilap<\/em>, a <em data-start=\"716\" data-end=\"728\">K\u00f6znevel\u00e9s<\/em> \u00e9s a <em data-start=\"734\" data-end=\"742\">Tan\u00edt\u00f3<\/em> c\u00edm\u0171 szakmai periodik\u00e1k t\u00fckr\u00e9ben.<\/p>\n<p data-start=\"570\" data-end=\"858\">\u00a0<\/p>\n<p><img loading=\"lazy\" decoding=\"async\" class=\"size-medium wp-image-13558 alignleft\" style=\"font-size: 1rem;text-align: justify\" src=\"https:\/\/semmelweis.hu\/pak\/files\/2026\/04\/foto_kulonleges-400x225.jpg\" alt=\"\" width=\"400\" height=\"225\" srcset=\"https:\/\/semmelweis.hu\/pak\/files\/2026\/04\/foto_kulonleges-400x225.jpg 400w, https:\/\/semmelweis.hu\/pak\/files\/2026\/04\/foto_kulonleges-1024x576.jpg 1024w, https:\/\/semmelweis.hu\/pak\/files\/2026\/04\/foto_kulonleges-768x432.jpg 768w, https:\/\/semmelweis.hu\/pak\/files\/2026\/04\/foto_kulonleges-1536x864.jpg 1536w, https:\/\/semmelweis.hu\/pak\/files\/2026\/04\/foto_kulonleges-753x424.jpg 753w, https:\/\/semmelweis.hu\/pak\/files\/2026\/04\/foto_kulonleges.jpg 2048w\" sizes=\"auto, (max-width: 400px) 100vw, 400px\" \/><\/p>\n<p data-start=\"860\" data-end=\"1113\">\u00a0<\/p>\n<p style=\"text-align: justify\" data-start=\"860\" data-end=\"1113\"><span class=\"hover:entity-accent entity-underline inline cursor-pointer align-baseline\"><span class=\"whitespace-normal\">Elek \u00c1gnes<\/span><\/span> \u201eM\u0171v\u00e9szett\u00f6rt\u00e9net hat\u00e1rok n\u00e9lk\u00fcl\u201d c\u00edm\u0171 prezent\u00e1ci\u00f3j\u00e1ban egy komplex vizu\u00e1lis alkot\u00f3m\u0171hely tapasztalatainak kondukt\u00edv pedag\u00f3gi\u00e1ban val\u00f3 adapt\u00e1l\u00e1s\u00e1t mutatta be.<\/p>\n<p data-start=\"860\" data-end=\"1113\">\u00a0<\/p>\n<p><img loading=\"lazy\" decoding=\"async\" class=\"wp-image-13560 size-medium alignright\" style=\"font-size: 1rem\" src=\"https:\/\/semmelweis.hu\/pak\/files\/2026\/04\/foto-kulonleges-scaled-e1777283723353-400x269.jpg\" alt=\"\" width=\"400\" height=\"269\" srcset=\"https:\/\/semmelweis.hu\/pak\/files\/2026\/04\/foto-kulonleges-scaled-e1777283723353-400x269.jpg 400w, https:\/\/semmelweis.hu\/pak\/files\/2026\/04\/foto-kulonleges-scaled-e1777283723353-1024x688.jpg 1024w, https:\/\/semmelweis.hu\/pak\/files\/2026\/04\/foto-kulonleges-scaled-e1777283723353-768x516.jpg 768w, https:\/\/semmelweis.hu\/pak\/files\/2026\/04\/foto-kulonleges-scaled-e1777283723353-1536x1032.jpg 1536w, https:\/\/semmelweis.hu\/pak\/files\/2026\/04\/foto-kulonleges-scaled-e1777283723353-2048x1376.jpg 2048w, https:\/\/semmelweis.hu\/pak\/files\/2026\/04\/foto-kulonleges-scaled-e1777283723353-753x506.jpg 753w\" sizes=\"auto, (max-width: 400px) 100vw, 400px\" \/><\/p>\n<p data-start=\"1115\" data-end=\"1345\">\u00a0<\/p>\n<p style=\"text-align: justify\" data-start=\"1115\" data-end=\"1345\"><span class=\"hover:entity-accent entity-underline inline cursor-pointer align-baseline\"><span class=\"whitespace-normal\">Dr. T\u00fari Ibolya<\/span><\/span> el\u0151ad\u00e1s\u00e1ban a j\u00e1t\u00e9kos tanul\u00e1s \u00e9s a digit\u00e1lis kompetenci\u00e1k kondukt\u00edv nevel\u00e9sben bet\u00f6lt\u00f6tt szerep\u00e9t elemezte, \u00faj m\u00f3dszertani perspekt\u00edv\u00e1kat k\u00edn\u00e1lva a fejleszt\u00e9s \u00e9s a konduktork\u00e9pz\u00e9s sz\u00e1m\u00e1ra.<\/p>\n<p>&nbsp;<\/p>\n<p>&nbsp;<\/p>\n<p><img loading=\"lazy\" decoding=\"async\" class=\"aligncenter wp-image-13559 size-full\" src=\"https:\/\/semmelweis.hu\/pak\/files\/2026\/04\/foto_kulonleges3.jpg\" alt=\"\" width=\"2048\" height=\"1152\" srcset=\"https:\/\/semmelweis.hu\/pak\/files\/2026\/04\/foto_kulonleges3.jpg 2048w, https:\/\/semmelweis.hu\/pak\/files\/2026\/04\/foto_kulonleges3-400x225.jpg 400w, https:\/\/semmelweis.hu\/pak\/files\/2026\/04\/foto_kulonleges3-1024x576.jpg 1024w, https:\/\/semmelweis.hu\/pak\/files\/2026\/04\/foto_kulonleges3-768x432.jpg 768w, https:\/\/semmelweis.hu\/pak\/files\/2026\/04\/foto_kulonleges3-1536x864.jpg 1536w, https:\/\/semmelweis.hu\/pak\/files\/2026\/04\/foto_kulonleges3-753x424.jpg 753w\" sizes=\"auto, (max-width: 2048px) 100vw, 2048px\" \/><\/p>\n","protected":false},"excerpt":{"rendered":"<p>A Semmelweis Egyetem Pet\u0151 Andr\u00e1s Kart k\u00e9pviselt\u00e9k oktat\u00f3ink a XI. K\u00fcl\u00f6nleges B\u00e1n\u00e1sm\u00f3d Nemzetk\u00f6zi Interdiszciplin\u00e1ris Konferenci\u00e1n, mely 2026.04.24-25-\u00e9n ker\u00fcl megrendez\u00e9sre a Debreceni Egyetem Gyermeknevel\u00e9si \u00e9s Gy\u00f3gypedag\u00f3giai Kar\u00e1n. A rangos szakmai esem\u00e9ny lehet\u0151s\u00e9get biztos\u00edtott a gy\u00f3gypedag\u00f3gia, a kondukt\u00edv nevel\u00e9s \u00e9s a kapcsol\u00f3d\u00f3 tudom\u00e1nyter\u00fcletek legfrissebb kutat\u00e1si eredm\u00e9nyeinek \u00e9s m\u00f3dszertani innov\u00e1ci\u00f3inak bemutat\u00e1s\u00e1ra. A Pet\u0151 Andr\u00e1s Kar oktat\u00f3i h\u00e1rom el\u0151ad\u00e1ssal &hellip;<\/p>\n","protected":false},"author":102433,"featured_media":13559,"comment_status":"closed","ping_status":"closed","sticky":false,"template":"","format":"standard","meta":{"_acf_changed":false,"footnotes":""},"categories":[1],"tags":[519],"class_list":["post-13557","post","type-post","status-publish","format-standard","has-post-thumbnail","hentry","category-hirek","tag-tudomanyos-hirek"],"acf":[],"_links":{"self":[{"href":"https:\/\/semmelweis.hu\/pak\/wp-json\/wp\/v2\/posts\/13557","targetHints":{"allow":["GET"]}}],"collection":[{"href":"https:\/\/semmelweis.hu\/pak\/wp-json\/wp\/v2\/posts"}],"about":[{"href":"https:\/\/semmelweis.hu\/pak\/wp-json\/wp\/v2\/types\/post"}],"author":[{"embeddable":true,"href":"https:\/\/semmelweis.hu\/pak\/wp-json\/wp\/v2\/users\/102433"}],"replies":[{"embeddable":true,"href":"https:\/\/semmelweis.hu\/pak\/wp-json\/wp\/v2\/comments?post=13557"}],"version-history":[{"count":10,"href":"https:\/\/semmelweis.hu\/pak\/wp-json\/wp\/v2\/posts\/13557\/revisions"}],"predecessor-version":[{"id":13584,"href":"https:\/\/semmelweis.hu\/pak\/wp-json\/wp\/v2\/posts\/13557\/revisions\/13584"}],"wp:featuredmedia":[{"embeddable":true,"href":"https:\/\/semmelweis.hu\/pak\/wp-json\/wp\/v2\/media\/13559"}],"wp:attachment":[{"href":"https:\/\/semmelweis.hu\/pak\/wp-json\/wp\/v2\/media?parent=13557"}],"wp:term":[{"taxonomy":"category","embeddable":true,"href":"https:\/\/semmelweis.hu\/pak\/wp-json\/wp\/v2\/categories?post=13557"},{"taxonomy":"post_tag","embeddable":true,"href":"https:\/\/semmelweis.hu\/pak\/wp-json\/wp\/v2\/tags?post=13557"}],"curies":[{"name":"wp","href":"https:\/\/api.w.org\/{rel}","templated":true}]}}