{"id":13539,"date":"2026-04-25T14:15:39","date_gmt":"2026-04-25T12:15:39","guid":{"rendered":"https:\/\/semmelweis.hu\/pak\/?p=13539"},"modified":"2026-04-29T10:10:31","modified_gmt":"2026-04-29T08:10:31","slug":"unnepelyes-cimatadas-az-elso-designated-institute-of-practice-intezmenynek","status":"publish","type":"post","link":"https:\/\/semmelweis.hu\/pak\/2026\/04\/25\/unnepelyes-cimatadas-az-elso-designated-institute-of-practice-intezmenynek\/","title":{"rendered":"\u00dcnnep\u00e9lyes c\u00edm\u00e1tad\u00e1s az els\u0151 Designated Institute of Practice int\u00e9zm\u00e9nynek"},"content":{"rendered":"<p style=\"text-align: justify\">A Semmelweis Egyetem Pet\u0151 Andr\u00e1s Kara 2025-ben hirdette meg a Designated Institute of Practice kezdem\u00e9nyez\u00e9s\u00e9t, melyet azok a nemzetk\u00f6zi kondukt\u00edv int\u00e9zm\u00e9nyek nyerhetnek el, amelyek az anyaint\u00e9zm\u00e9ny\u00e9t megk\u00f6zel\u00edt\u0151 min\u0151s\u00e9gben tudj\u00e1k a kondukt\u00edv pedag\u00f3gia gyakorlat\u00e1t bemutatni.<\/p>\n<p style=\"text-align: justify\">\u00a0Feket\u00e9n\u00e9 dr. Szab\u00f3 \u00c9va strat\u00e9giai \u00e9s fejleszt\u00e9si rektorhelyettes \u00e9s dr. Tenk Mikl\u00f3sn\u00e9 dr. Zsebe Andrea d\u00e9k\u00e1n \u00fcnnep\u00e9lyes keretek k\u00f6z\u00f6tt \u00e1tadt\u00e1k a k\u00e9t \u00e9vre sz\u00f3l\u00f3 Designated Institute of Practice c\u00edmet els\u0151k\u00e9nt a vil\u00e1gon a Conductive Learning Center of North Americ\u00e1nak Grand Rapidsben amely int\u00e9zm\u00e9ny 27 \u00e9ve folyamatosan biztos\u00edtja a kondukt\u00edv nevel\u00e9s alapelveivel ny\u00fajtott szolg\u00e1ltat\u00e1st.<\/p>\n<p><img loading=\"lazy\" decoding=\"async\" class=\"aligncenter wp-image-13545 size-large\" src=\"https:\/\/semmelweis.hu\/pak\/files\/2026\/04\/JWP0gMLg-1024x768.jpg\" alt=\"\" width=\"753\" height=\"565\" srcset=\"https:\/\/semmelweis.hu\/pak\/files\/2026\/04\/JWP0gMLg-1024x768.jpg 1024w, https:\/\/semmelweis.hu\/pak\/files\/2026\/04\/JWP0gMLg-400x300.jpg 400w, https:\/\/semmelweis.hu\/pak\/files\/2026\/04\/JWP0gMLg-768x576.jpg 768w, https:\/\/semmelweis.hu\/pak\/files\/2026\/04\/JWP0gMLg-1536x1152.jpg 1536w, https:\/\/semmelweis.hu\/pak\/files\/2026\/04\/JWP0gMLg-753x565.jpg 753w, https:\/\/semmelweis.hu\/pak\/files\/2026\/04\/JWP0gMLg.jpg 2048w\" sizes=\"auto, (max-width: 753px) 100vw, 753px\" \/><\/p>\n<p style=\"text-align: justify\">Az \u00fcnneps\u00e9gre \u00e1prilis 22-\u00e9n ker\u00fclt sor, az int\u00e9zm\u00e9ny munkat\u00e1rsainak, alap\u00edt\u00f3inak \u00e9s t\u00e1mogat\u00f3inak k\u00f6r\u00e9ben. A rendezv\u00e9nyen a megjelenteket Kathy Barker, a CLC \u00fcgyvezet\u0151 igazgat\u00f3ja k\u00f6sz\u00f6nt\u00f6tte, majd Chuck Saur \u00e9s Harry Knopke alap\u00edt\u00f3k id\u00e9zt\u00e9k fel az int\u00e9zm\u00e9ny m\u00faltj\u00e1t, a kondukt\u00edv pedag\u00f3gia els\u0151 amerikai megval\u00f3s\u00edt\u00e1s\u00e1t. Az esem\u00e9nyhez kapcsol\u00f3d\u00f3an a kar munkat\u00e1rsai k\u00f6z\u00fcl Dr. Benyovszky\u00a0 Andrea kiemelt szerepet v\u00e1llalt a Designated Institute of Practice program szakmai \u00e9s szervezeti megalapoz\u00e1s\u00e1ban, valamint az int\u00e9zm\u00e9ny t\u00f6bb \u00e9vtizedes vezet\u00e9s\u00e9vel j\u00e1rult hozz\u00e1 annak fejl\u0151d\u00e9s\u00e9hez.<\/p>\n<p style=\"text-align: justify\">Ezt k\u00f6vet\u0151en Feket\u00e9n\u00e9 dr. Szab\u00f3 \u00c9va adta \u00e1t a megjelenteknek Dr. Merkely B\u00e9la, a Semmelweis Egyetem rektor\u00e1nak \u00fcdv\u00f6zlet\u00e9t, majd elmondta, hogy a CLC t\u00f6bb mint egy int\u00e9zm\u00e9ny. A rem\u00e9ny \u00e9s az emberi akarat szimb\u00f3luma, ahol a magyar gy\u00f6kerekkel rendelkezd\u0151 tud\u00e1s tal\u00e1lkozik az amerikai elk\u00f6telezetts\u00e9ggel.<\/p>\n<p><img loading=\"lazy\" decoding=\"async\" class=\"size-medium wp-image-13546 aligncenter\" src=\"https:\/\/semmelweis.hu\/pak\/files\/2026\/04\/ecHX4NV-300x400.jpg\" alt=\"\" width=\"300\" height=\"400\" srcset=\"https:\/\/semmelweis.hu\/pak\/files\/2026\/04\/ecHX4NV-300x400.jpg 300w, https:\/\/semmelweis.hu\/pak\/files\/2026\/04\/ecHX4NV-768x1024.jpg 768w, https:\/\/semmelweis.hu\/pak\/files\/2026\/04\/ecHX4NV-1152x1536.jpg 1152w, https:\/\/semmelweis.hu\/pak\/files\/2026\/04\/ecHX4NV-753x1004.jpg 753w, https:\/\/semmelweis.hu\/pak\/files\/2026\/04\/ecHX4NV.jpg 1200w\" sizes=\"auto, (max-width: 300px) 100vw, 300px\" \/><\/p>\n<p style=\"text-align: justify\">Rektorhelyettes asszony, aki \u00e9vekkel ezel\u0151tt maga is seg\u00edtette szaktan\u00e1csad\u00f3k\u00e9nt az ott foly\u00f3 munk\u00e1t, felid\u00e9zte, hogy az 1999-ben kezd\u0151d\u00f6tt egy\u00fcttm\u0171k\u00f6d\u00e9s \u00e9vei alatt megannyi gyermeken \u00e9s csal\u00e1don seg\u00edtett a program. A mozg\u00e1ster\u00e1pi\u00e1n t\u00fal a legfontosabb eleme, hogy visszaadja a gyermekek f\u00fcggetlens\u00e9g\u00e9t, m\u00e9lt\u00f3s\u00e1g\u00e1t.<\/p>\n<p style=\"text-align: justify\">Besz\u00e9d\u00e9nek v\u00e9g\u00e9n a j\u00f6v\u0151be tekintve elmondta, az \u00fajfajta egy\u00fcttm\u0171k\u00f6d\u00e9s lehet\u0151s\u00e9get biztos\u00edt a Pet\u0151 Andr\u00e1s Kar hallgat\u00f3inak magas min\u0151s\u00e9g\u0171 nemzetk\u00f6zi szakmai tapasztalatot szerezni tanulm\u00e1nyaik alatt.<\/p>\n<p style=\"text-align: justify\">Ezt k\u00f6vet\u0151en Dr. Tenk Mikl\u00f3sn\u00e9 dr Zsebe Andrea k\u00f6sz\u00f6nt\u0151j\u00e9ben eml\u00e9keztetett, hogy 10 \u00e9vvel ezel\u0151tt a Pet\u0151 Andr\u00e1s Kar vezet\u00e9se nagy d\u00f6nt\u00e9st hozott: a kondukt\u00edv pedag\u00f3gia meger\u0151s\u00f6d\u00e9se c\u00e9lj\u00e1b\u00f3l kit\u00e1rj\u00e1k az int\u00e9zm\u00e9ny kapuit a nemzetk\u00f6zi \u00e9s magyarorsz\u00e1gi partners\u00e9gek ir\u00e1ny\u00e1ba. Olyan partnerekkel, ahol a kondukt\u00edv pedag\u00f3gia er\u0151s szakmai alapokon nyugszik \u00e9s biztos j\u00f6v\u0151vel rendelkezik \u2013 mint Grand Rapidsben a CLC.<\/p>\n<p><img loading=\"lazy\" decoding=\"async\" class=\"size-medium wp-image-13543 aligncenter\" src=\"https:\/\/semmelweis.hu\/pak\/files\/2026\/04\/PfGj3em3-300x400.jpg\" alt=\"\" width=\"300\" height=\"400\" srcset=\"https:\/\/semmelweis.hu\/pak\/files\/2026\/04\/PfGj3em3-300x400.jpg 300w, https:\/\/semmelweis.hu\/pak\/files\/2026\/04\/PfGj3em3-768x1024.jpg 768w, https:\/\/semmelweis.hu\/pak\/files\/2026\/04\/PfGj3em3-1152x1536.jpg 1152w, https:\/\/semmelweis.hu\/pak\/files\/2026\/04\/PfGj3em3-753x1004.jpg 753w, https:\/\/semmelweis.hu\/pak\/files\/2026\/04\/PfGj3em3.jpg 1536w\" sizes=\"auto, (max-width: 300px) 100vw, 300px\" \/><\/p>\n<p style=\"text-align: justify\">Rem\u00e9ny\u00e9t \u00e9s elk\u00f6telez\u0151d\u00e9s\u00e9t fejezte ki, hogy a CLC, mint a Pet\u0151 Andr\u00e1s Kar els\u0151 nemzetk\u00f6zi gyakorl\u00f3helye sikeres \u00e9s hossz\u00fat\u00e1v\u00fa partnere lesz mind a konduktorhallgat\u00f3k, mind a t\u00e1rsszakm\u00e1kb\u00f3l \u00e9rdekl\u0151d\u0151k sz\u00e1m\u00e1ra.<\/p>\n<p style=\"text-align: justify\"><img loading=\"lazy\" decoding=\"async\" class=\"size-medium wp-image-13544 aligncenter\" src=\"https:\/\/semmelweis.hu\/pak\/files\/2026\/04\/9kfKSyg8-400x300.jpg\" alt=\"\" width=\"400\" height=\"300\" srcset=\"https:\/\/semmelweis.hu\/pak\/files\/2026\/04\/9kfKSyg8-400x300.jpg 400w, https:\/\/semmelweis.hu\/pak\/files\/2026\/04\/9kfKSyg8-1024x768.jpg 1024w, https:\/\/semmelweis.hu\/pak\/files\/2026\/04\/9kfKSyg8-768x576.jpg 768w, https:\/\/semmelweis.hu\/pak\/files\/2026\/04\/9kfKSyg8-1536x1152.jpg 1536w, https:\/\/semmelweis.hu\/pak\/files\/2026\/04\/9kfKSyg8-753x565.jpg 753w, https:\/\/semmelweis.hu\/pak\/files\/2026\/04\/9kfKSyg8.jpg 2048w\" sizes=\"auto, (max-width: 400px) 100vw, 400px\" \/><\/p>\n<p style=\"text-align: justify\">Nem v\u00e9letlen, hogy a 2025-ben meghirdetett Designated Institute for Practice c\u00edmet m\u00e9g az \u00e9v v\u00e9ge el\u0151tt ki\u00e9rdemelte az amerikai int\u00e9zm\u00e9ny. A D\u00e9k\u00e1n gratul\u00e1lt az int\u00e9zm\u00e9ny vezet\u00e9s\u00e9nek ehhez a m\u00e9rf\u00f6ldk\u0151h\u00f6z \u00e9s rem\u00e9ny\u00e9t fejezte ki, hogy a megfelel\u0151 akad\u00e9miai partner megtal\u00e1l\u00e1sa ut\u00e1n a konduktor szakemberek k\u00e9pz\u00e9se egy \u00faj, er\u0151sebb form\u00e1ban tud folytat\u00f3dni.<\/p>\n[slb_exclude]<div data-carousel-extra='{\"blog_id\":175,\"permalink\":\"https:\\\/\\\/semmelweis.hu\\\/pak\\\/2026\\\/04\\\/25\\\/unnepelyes-cimatadas-az-elso-designated-institute-of-practice-intezmenynek\\\/\"}' class=\"tiled-gallery type-rectangular\" data-original-width=\"753\"><div class=\"gallery-row\" style=\"width: 748px; height: 330px;\"><div class=\"gallery-group images-1\" style=\"width: 499px; height: 334px;\"><div class=\"tiled-gallery-item tiled-gallery-item-large\"><a href=\"https:\/\/semmelweis.hu\/pak\/files\/2026\/04\/DSC09903.jpg\"><img loading=\"lazy\" decoding=\"async\" data-attachment-id=\"13598\" data-orig-file=\"https:\/\/semmelweis.hu\/pak\/files\/2026\/04\/DSC09903.jpg\" data-orig-size=\"2048,1365\" data-comments-opened=\"0\" data-image-meta=\"{&quot;aperture&quot;:&quot;5.6&quot;,&quot;credit&quot;:&quot;&quot;,&quot;camera&quot;:&quot;ILCA-77M2&quot;,&quot;caption&quot;:&quot;&quot;,&quot;created_timestamp&quot;:&quot;1776942114&quot;,&quot;copyright&quot;:&quot;&quot;,&quot;focal_length&quot;:&quot;28&quot;,&quot;iso&quot;:&quot;500&quot;,&quot;shutter_speed&quot;:&quot;0.016666666666667&quot;,&quot;title&quot;:&quot;&quot;,&quot;orientation&quot;:&quot;0&quot;}\" data-image-title=\"DSC09903\" data-image-description=\"\" data-medium-file=\"https:\/\/semmelweis.hu\/pak\/files\/2026\/04\/DSC09903-400x267.jpg\" data-large-file=\"https:\/\/semmelweis.hu\/pak\/files\/2026\/04\/DSC09903-1024x683.jpg\" src=\"https:\/\/semmelweis.hu\/pak\/files\/2026\/04\/DSC09903-495x330.jpg\" width=\"495\" height=\"330\" align=\"left\" title=\"\" \/><\/a><\/div><\/div><div class=\"gallery-group images-2\" style=\"width: 249px; height: 334px;\"><div class=\"tiled-gallery-item tiled-gallery-item-small\"><a href=\"https:\/\/semmelweis.hu\/pak\/files\/2026\/04\/DSC09901.jpg\"><img loading=\"lazy\" decoding=\"async\" data-attachment-id=\"13597\" data-orig-file=\"https:\/\/semmelweis.hu\/pak\/files\/2026\/04\/DSC09901.jpg\" data-orig-size=\"2048,1365\" data-comments-opened=\"0\" data-image-meta=\"{&quot;aperture&quot;:&quot;5.6&quot;,&quot;credit&quot;:&quot;&quot;,&quot;camera&quot;:&quot;ILCA-77M2&quot;,&quot;caption&quot;:&quot;&quot;,&quot;created_timestamp&quot;:&quot;1776882287&quot;,&quot;copyright&quot;:&quot;&quot;,&quot;focal_length&quot;:&quot;28&quot;,&quot;iso&quot;:&quot;2000&quot;,&quot;shutter_speed&quot;:&quot;0.016666666666667&quot;,&quot;title&quot;:&quot;&quot;,&quot;orientation&quot;:&quot;0&quot;}\" data-image-title=\"DSC09901\" data-image-description=\"\" data-medium-file=\"https:\/\/semmelweis.hu\/pak\/files\/2026\/04\/DSC09901-400x267.jpg\" data-large-file=\"https:\/\/semmelweis.hu\/pak\/files\/2026\/04\/DSC09901-1024x683.jpg\" src=\"https:\/\/semmelweis.hu\/pak\/files\/2026\/04\/DSC09901-245x163.jpg\" width=\"245\" height=\"163\" align=\"left\" title=\"\" \/><\/a><\/div><div class=\"tiled-gallery-item tiled-gallery-item-small\"><a href=\"https:\/\/semmelweis.hu\/pak\/files\/2026\/04\/DSC09888.jpg\"><img loading=\"lazy\" decoding=\"async\" data-attachment-id=\"13596\" data-orig-file=\"https:\/\/semmelweis.hu\/pak\/files\/2026\/04\/DSC09888.jpg\" data-orig-size=\"2048,1365\" data-comments-opened=\"0\" data-image-meta=\"{&quot;aperture&quot;:&quot;5.6&quot;,&quot;credit&quot;:&quot;&quot;,&quot;camera&quot;:&quot;ILCA-77M2&quot;,&quot;caption&quot;:&quot;&quot;,&quot;created_timestamp&quot;:&quot;1776881713&quot;,&quot;copyright&quot;:&quot;&quot;,&quot;focal_length&quot;:&quot;18&quot;,&quot;iso&quot;:&quot;3200&quot;,&quot;shutter_speed&quot;:&quot;0.016666666666667&quot;,&quot;title&quot;:&quot;&quot;,&quot;orientation&quot;:&quot;0&quot;}\" data-image-title=\"DSC09888\" data-image-description=\"\" data-medium-file=\"https:\/\/semmelweis.hu\/pak\/files\/2026\/04\/DSC09888-400x267.jpg\" data-large-file=\"https:\/\/semmelweis.hu\/pak\/files\/2026\/04\/DSC09888-1024x683.jpg\" src=\"https:\/\/semmelweis.hu\/pak\/files\/2026\/04\/DSC09888-245x163.jpg\" width=\"245\" height=\"163\" align=\"left\" title=\"\" \/><\/a><\/div><\/div><\/div><div class=\"gallery-row\" style=\"width: 748px; height: 164px;\"><div class=\"gallery-group images-1\" style=\"width: 250px; height: 168px;\"><div class=\"tiled-gallery-item tiled-gallery-item-small\"><a href=\"https:\/\/semmelweis.hu\/pak\/files\/2026\/04\/DSC09880.jpg\"><img loading=\"lazy\" decoding=\"async\" data-attachment-id=\"13595\" data-orig-file=\"https:\/\/semmelweis.hu\/pak\/files\/2026\/04\/DSC09880.jpg\" data-orig-size=\"2048,1365\" data-comments-opened=\"0\" data-image-meta=\"{&quot;aperture&quot;:&quot;5.6&quot;,&quot;credit&quot;:&quot;&quot;,&quot;camera&quot;:&quot;ILCA-77M2&quot;,&quot;caption&quot;:&quot;&quot;,&quot;created_timestamp&quot;:&quot;1776880456&quot;,&quot;copyright&quot;:&quot;&quot;,&quot;focal_length&quot;:&quot;18&quot;,&quot;iso&quot;:&quot;3200&quot;,&quot;shutter_speed&quot;:&quot;0.016666666666667&quot;,&quot;title&quot;:&quot;&quot;,&quot;orientation&quot;:&quot;0&quot;}\" data-image-title=\"DSC09880\" data-image-description=\"\" data-medium-file=\"https:\/\/semmelweis.hu\/pak\/files\/2026\/04\/DSC09880-400x267.jpg\" data-large-file=\"https:\/\/semmelweis.hu\/pak\/files\/2026\/04\/DSC09880-1024x683.jpg\" src=\"https:\/\/semmelweis.hu\/pak\/files\/2026\/04\/DSC09880-246x164.jpg\" width=\"246\" height=\"164\" align=\"left\" title=\"\" \/><\/a><\/div><\/div><div class=\"gallery-group images-1\" style=\"width: 249px; height: 168px;\"><div class=\"tiled-gallery-item tiled-gallery-item-small\"><a href=\"https:\/\/semmelweis.hu\/pak\/files\/2026\/04\/DSC09861.jpg\"><img loading=\"lazy\" decoding=\"async\" data-attachment-id=\"13594\" data-orig-file=\"https:\/\/semmelweis.hu\/pak\/files\/2026\/04\/DSC09861.jpg\" data-orig-size=\"2048,1365\" data-comments-opened=\"0\" data-image-meta=\"{&quot;aperture&quot;:&quot;5.6&quot;,&quot;credit&quot;:&quot;&quot;,&quot;camera&quot;:&quot;ILCA-77M2&quot;,&quot;caption&quot;:&quot;&quot;,&quot;created_timestamp&quot;:&quot;1776879780&quot;,&quot;copyright&quot;:&quot;&quot;,&quot;focal_length&quot;:&quot;18&quot;,&quot;iso&quot;:&quot;2500&quot;,&quot;shutter_speed&quot;:&quot;0.016666666666667&quot;,&quot;title&quot;:&quot;&quot;,&quot;orientation&quot;:&quot;0&quot;}\" data-image-title=\"DSC09861\" data-image-description=\"\" data-medium-file=\"https:\/\/semmelweis.hu\/pak\/files\/2026\/04\/DSC09861-400x267.jpg\" data-large-file=\"https:\/\/semmelweis.hu\/pak\/files\/2026\/04\/DSC09861-1024x683.jpg\" src=\"https:\/\/semmelweis.hu\/pak\/files\/2026\/04\/DSC09861-245x164.jpg\" width=\"245\" height=\"164\" align=\"left\" title=\"\" \/><\/a><\/div><\/div><div class=\"gallery-group images-1\" style=\"width: 249px; height: 168px;\"><div class=\"tiled-gallery-item tiled-gallery-item-small\"><a href=\"https:\/\/semmelweis.hu\/pak\/files\/2026\/04\/DSC09752.jpg\"><img loading=\"lazy\" decoding=\"async\" data-attachment-id=\"13593\" data-orig-file=\"https:\/\/semmelweis.hu\/pak\/files\/2026\/04\/DSC09752.jpg\" data-orig-size=\"2048,1365\" data-comments-opened=\"0\" data-image-meta=\"{&quot;aperture&quot;:&quot;5.6&quot;,&quot;credit&quot;:&quot;&quot;,&quot;camera&quot;:&quot;ILCA-77M2&quot;,&quot;caption&quot;:&quot;&quot;,&quot;created_timestamp&quot;:&quot;1776877922&quot;,&quot;copyright&quot;:&quot;&quot;,&quot;focal_length&quot;:&quot;24&quot;,&quot;iso&quot;:&quot;2500&quot;,&quot;shutter_speed&quot;:&quot;0.016666666666667&quot;,&quot;title&quot;:&quot;&quot;,&quot;orientation&quot;:&quot;0&quot;}\" data-image-title=\"DSC09752\" data-image-description=\"\" data-medium-file=\"https:\/\/semmelweis.hu\/pak\/files\/2026\/04\/DSC09752-400x267.jpg\" data-large-file=\"https:\/\/semmelweis.hu\/pak\/files\/2026\/04\/DSC09752-1024x683.jpg\" src=\"https:\/\/semmelweis.hu\/pak\/files\/2026\/04\/DSC09752-245x164.jpg\" width=\"245\" height=\"164\" align=\"left\" title=\"\" \/><\/a><\/div><\/div><\/div><div class=\"gallery-row\" style=\"width: 748px; height: 278px;\"><div class=\"gallery-group images-1\" style=\"width: 374px; height: 282px;\"><div class=\"tiled-gallery-item tiled-gallery-item-large\"><a href=\"https:\/\/semmelweis.hu\/pak\/files\/2026\/04\/F3SvR5kw.jpg\"><img loading=\"lazy\" decoding=\"async\" data-attachment-id=\"13548\" data-orig-file=\"https:\/\/semmelweis.hu\/pak\/files\/2026\/04\/F3SvR5kw.jpg\" data-orig-size=\"1600,1200\" data-comments-opened=\"0\" data-image-meta=\"{&quot;aperture&quot;:&quot;0&quot;,&quot;credit&quot;:&quot;&quot;,&quot;camera&quot;:&quot;&quot;,&quot;caption&quot;:&quot;&quot;,&quot;created_timestamp&quot;:&quot;0&quot;,&quot;copyright&quot;:&quot;&quot;,&quot;focal_length&quot;:&quot;0&quot;,&quot;iso&quot;:&quot;0&quot;,&quot;shutter_speed&quot;:&quot;0&quot;,&quot;title&quot;:&quot;&quot;,&quot;orientation&quot;:&quot;0&quot;}\" data-image-title=\"F3SvR5kw\" data-image-description=\"\" data-medium-file=\"https:\/\/semmelweis.hu\/pak\/files\/2026\/04\/F3SvR5kw-400x300.jpg\" data-large-file=\"https:\/\/semmelweis.hu\/pak\/files\/2026\/04\/F3SvR5kw-1024x768.jpg\" src=\"https:\/\/semmelweis.hu\/pak\/files\/2026\/04\/F3SvR5kw-370x278.jpg\" width=\"370\" height=\"278\" align=\"left\" title=\"\" \/><\/a><\/div><\/div><div class=\"gallery-group images-1\" style=\"width: 374px; height: 282px;\"><div class=\"tiled-gallery-item tiled-gallery-item-large\"><a href=\"https:\/\/semmelweis.hu\/pak\/files\/2026\/04\/MI4rMjoP.jpg\"><img loading=\"lazy\" decoding=\"async\" data-attachment-id=\"13547\" data-orig-file=\"https:\/\/semmelweis.hu\/pak\/files\/2026\/04\/MI4rMjoP.jpg\" data-orig-size=\"1600,1200\" data-comments-opened=\"0\" data-image-meta=\"{&quot;aperture&quot;:&quot;0&quot;,&quot;credit&quot;:&quot;&quot;,&quot;camera&quot;:&quot;&quot;,&quot;caption&quot;:&quot;&quot;,&quot;created_timestamp&quot;:&quot;0&quot;,&quot;copyright&quot;:&quot;&quot;,&quot;focal_length&quot;:&quot;0&quot;,&quot;iso&quot;:&quot;0&quot;,&quot;shutter_speed&quot;:&quot;0&quot;,&quot;title&quot;:&quot;&quot;,&quot;orientation&quot;:&quot;0&quot;}\" data-image-title=\"MI4rMjoP\" data-image-description=\"\" data-medium-file=\"https:\/\/semmelweis.hu\/pak\/files\/2026\/04\/MI4rMjoP-400x300.jpg\" data-large-file=\"https:\/\/semmelweis.hu\/pak\/files\/2026\/04\/MI4rMjoP-1024x768.jpg\" src=\"https:\/\/semmelweis.hu\/pak\/files\/2026\/04\/MI4rMjoP-370x278.jpg\" width=\"370\" height=\"278\" align=\"left\" title=\"\" \/><\/a><\/div><\/div><\/div><\/div>[\/slb_exclude]\n","protected":false},"excerpt":{"rendered":"<p>A Semmelweis Egyetem Pet\u0151 Andr\u00e1s Kara 2025-ben hirdette meg a Designated Institute of Practice kezdem\u00e9nyez\u00e9s\u00e9t, melyet azok a nemzetk\u00f6zi kondukt\u00edv int\u00e9zm\u00e9nyek nyerhetnek el, amelyek az anyaint\u00e9zm\u00e9ny\u00e9t megk\u00f6zel\u00edt\u0151 min\u0151s\u00e9gben tudj\u00e1k a kondukt\u00edv pedag\u00f3gia gyakorlat\u00e1t bemutatni. \u00a0Feket\u00e9n\u00e9 dr. Szab\u00f3 \u00c9va strat\u00e9giai \u00e9s fejleszt\u00e9si rektorhelyettes \u00e9s dr. Tenk Mikl\u00f3sn\u00e9 dr. Zsebe Andrea d\u00e9k\u00e1n \u00fcnnep\u00e9lyes keretek k\u00f6z\u00f6tt \u00e1tadt\u00e1k a &hellip;<\/p>\n","protected":false},"author":102056,"featured_media":13545,"comment_status":"closed","ping_status":"closed","sticky":false,"template":"","format":"standard","meta":{"_acf_changed":false,"footnotes":""},"categories":[1],"tags":[],"class_list":["post-13539","post","type-post","status-publish","format-standard","has-post-thumbnail","hentry","category-hirek"],"acf":[],"_links":{"self":[{"href":"https:\/\/semmelweis.hu\/pak\/wp-json\/wp\/v2\/posts\/13539","targetHints":{"allow":["GET"]}}],"collection":[{"href":"https:\/\/semmelweis.hu\/pak\/wp-json\/wp\/v2\/posts"}],"about":[{"href":"https:\/\/semmelweis.hu\/pak\/wp-json\/wp\/v2\/types\/post"}],"author":[{"embeddable":true,"href":"https:\/\/semmelweis.hu\/pak\/wp-json\/wp\/v2\/users\/102056"}],"replies":[{"embeddable":true,"href":"https:\/\/semmelweis.hu\/pak\/wp-json\/wp\/v2\/comments?post=13539"}],"version-history":[{"count":10,"href":"https:\/\/semmelweis.hu\/pak\/wp-json\/wp\/v2\/posts\/13539\/revisions"}],"predecessor-version":[{"id":13623,"href":"https:\/\/semmelweis.hu\/pak\/wp-json\/wp\/v2\/posts\/13539\/revisions\/13623"}],"wp:featuredmedia":[{"embeddable":true,"href":"https:\/\/semmelweis.hu\/pak\/wp-json\/wp\/v2\/media\/13545"}],"wp:attachment":[{"href":"https:\/\/semmelweis.hu\/pak\/wp-json\/wp\/v2\/media?parent=13539"}],"wp:term":[{"taxonomy":"category","embeddable":true,"href":"https:\/\/semmelweis.hu\/pak\/wp-json\/wp\/v2\/categories?post=13539"},{"taxonomy":"post_tag","embeddable":true,"href":"https:\/\/semmelweis.hu\/pak\/wp-json\/wp\/v2\/tags?post=13539"}],"curies":[{"name":"wp","href":"https:\/\/api.w.org\/{rel}","templated":true}]}}