{"id":13431,"date":"2026-04-01T10:26:15","date_gmt":"2026-04-01T08:26:15","guid":{"rendered":"https:\/\/semmelweis.hu\/pak\/?p=13431"},"modified":"2026-04-01T10:26:15","modified_gmt":"2026-04-01T08:26:15","slug":"petos-resztvevok-a-41-telekom-vivicitta-futason","status":"publish","type":"post","link":"https:\/\/semmelweis.hu\/pak\/2026\/04\/01\/petos-resztvevok-a-41-telekom-vivicitta-futason\/","title":{"rendered":"Pet\u0151s r\u00e9sztvev\u0151k a 41. Telekom Vivicitt\u00e1 fut\u00e1son"},"content":{"rendered":"<p style=\"text-align: justify\">2026. m\u00e1rcius 21\u201322-\u00e9n rendezt\u00e9k meg a Telekom Vivicitt\u00e1 fut\u00f3versenyt, amelyen a Pet\u0151 Andr\u00e1s Kar k\u00f6z\u00f6ss\u00e9g\u00e9nek sz\u00e1mos tagja is rajthoz \u00e1llt. Hallgat\u00f3k, munkat\u00e1rsak \u00e9s a kondukt\u00edv fejleszt\u00e9sben r\u00e9sztvev\u0151 gyerekek \u00e9s csal\u00e1djaik egyar\u00e1nt k\u00e9pviseltett\u00e9k magukat az esem\u00e9nyen, hozz\u00e1j\u00e1rulva a kar akt\u00edv, sportos k\u00f6z\u00f6ss\u00e9gi \u00e9let\u00e9hez.<\/p>\n<p style=\"text-align: justify\">K\u00fcl\u00f6n \u00f6r\u00f6m, hogy a kari fut\u00f3k\u00f6z\u00f6ss\u00e9g tagjai egys\u00e9gesen, k\u00f6z\u00f6ss\u00e9gk\u00e9nt is k\u00e9pviselt\u00e9k int\u00e9zm\u00e9ny\u00fcnket.<\/p>\n<p style=\"text-align: justify\">A r\u00e9sztvev\u0151k kiv\u00e1l\u00f3an teljes\u00edtettek, \u00e9s a besz\u00e1mol\u00f3k szerint remek hangulatban, k\u00f6z\u00f6ss\u00e9gi \u00e9lm\u00e9nyekkel gazdagodva z\u00e1rt\u00e1k a h\u00e9tv\u00e9g\u00e9t.<\/p>\n<p style=\"text-align: justify\">Gratul\u00e1lunk minden r\u00e9sztvev\u0151nek!<\/p>\n\r\n        [slb_exclude]\r\n        <div class=\"row galeria-wrapper mx-0 h-auto\">\r\n            <div class=\"col-9 pl-0 pr-2\">\r\n            <span class=\"gallery-item frame\">\r\n\t\t\t\t<div class=\"galeria-left-img\"><a href=\"https:\/\/semmelweis.hu\/pak\/files\/2026\/04\/IMG_4957-scaled.jpeg\"><img src=https:\/\/semmelweis.hu\/pak\/files\/2026\/04\/IMG_4957-scaled.jpeg  \r\n                            alt=\"\" \r\n                            class=\"attachment-sote-gallery-big size-sote-gallery-big\" \r\n                            srcset=\"https:\/\/semmelweis.hu\/pak\/files\/2026\/04\/IMG_4957-400x300.jpeg 400w, https:\/\/semmelweis.hu\/pak\/files\/2026\/04\/IMG_4957-1024x768.jpeg 1024w, https:\/\/semmelweis.hu\/pak\/files\/2026\/04\/IMG_4957-768x576.jpeg 768w, https:\/\/semmelweis.hu\/pak\/files\/2026\/04\/IMG_4957-1536x1152.jpeg 1536w, https:\/\/semmelweis.hu\/pak\/files\/2026\/04\/IMG_4957-2048x1536.jpeg 2048w, https:\/\/semmelweis.hu\/pak\/files\/2026\/04\/IMG_4957-753x565.jpeg 753w\" ><\/a><\/div>\r\n            <\/span>\r\n\r\n            <\/div>\r\n\r\n\t\t\t<div class=\"col-3 pl-0 pr-0\">\r\n\t\t\t\t<div class=\"galeria-right-img d-flex justify-content-between flex-column h-100 w-100 px-0 mx-0 \">\r\n                <div class=\"galeria-box\">\r\n\t\t\t\t\t<h3 class=\"galeria-title\">Gal\u00e9ria<\/h3>\r\n\t\t\t\t\t<div class=\"galeria-subtitle\">\r\n\r\n\t\t\t\t\t\t<div class=\"galeria-page-counter\"><span>8<\/span>k\u00e9p<\/div>\r\n                    <\/div> <\/div>\r\n                    <span class=\"gallery-item frame d-none d-md-flex\">\r\n\t\t\t\t\t<div class=\"galeria-small-img mt-0\"><a href=\"https:\/\/semmelweis.hu\/pak\/files\/2026\/04\/FB_IMG_1775028274718.jpg\"><img src=https:\/\/semmelweis.hu\/pak\/files\/2026\/04\/FB_IMG_1775028274718.jpg \r\n                                alt=\"\"  \r\n                                class=\"attachment-sote-gallery-small size-sote-gallery-small\" \r\n                                srcset=\"https:\/\/semmelweis.hu\/pak\/files\/2026\/04\/FB_IMG_1775028274718-400x267.jpg 400w, https:\/\/semmelweis.hu\/pak\/files\/2026\/04\/FB_IMG_1775028274718-1024x683.jpg 1024w, https:\/\/semmelweis.hu\/pak\/files\/2026\/04\/FB_IMG_1775028274718-768x512.jpg 768w, https:\/\/semmelweis.hu\/pak\/files\/2026\/04\/FB_IMG_1775028274718-1536x1025.jpg 1536w, https:\/\/semmelweis.hu\/pak\/files\/2026\/04\/FB_IMG_1775028274718-753x502.jpg 753w, https:\/\/semmelweis.hu\/pak\/files\/2026\/04\/FB_IMG_1775028274718-203x135.jpg 203w, https:\/\/semmelweis.hu\/pak\/files\/2026\/04\/FB_IMG_1775028274718.jpg 2048w\" ><\/a><\/div>\r\n                    <\/span>\r\n                    <span class=\"gallery-item frame d-none d-md-flex\">\r\n\t\t\t\t\t<div class=\"galeria-small-img mt-0\"><a href=\"https:\/\/semmelweis.hu\/pak\/files\/2026\/04\/FB_IMG_1775028029520.jpg\"><img src=https:\/\/semmelweis.hu\/pak\/files\/2026\/04\/FB_IMG_1775028029520.jpg \r\n                                alt=\"\" \r\n                                class=\"attachment-sote-gallery-small size-sote-gallery-small\" \r\n                                srcset=\"https:\/\/semmelweis.hu\/pak\/files\/2026\/04\/FB_IMG_1775028029520-267x400.jpg 267w, https:\/\/semmelweis.hu\/pak\/files\/2026\/04\/FB_IMG_1775028029520-683x1024.jpg 683w, https:\/\/semmelweis.hu\/pak\/files\/2026\/04\/FB_IMG_1775028029520-768x1151.jpg 768w, https:\/\/semmelweis.hu\/pak\/files\/2026\/04\/FB_IMG_1775028029520-1025x1536.jpg 1025w, https:\/\/semmelweis.hu\/pak\/files\/2026\/04\/FB_IMG_1775028029520-753x1129.jpg 753w, https:\/\/semmelweis.hu\/pak\/files\/2026\/04\/FB_IMG_1775028029520.jpg 1366w\" ><\/a><\/div>\r\n                    <\/span>\r\n\r\n                <\/div>\r\n\r\n            <\/div>\r\n\r\n            <span class=\"gallery-item\"><div class=\"hidden\"><a href=\"https:\/\/semmelweis.hu\/pak\/files\/2026\/04\/FB_IMG_1775028234078.jpg\">\r\n        <img src=https:\/\/semmelweis.hu\/pak\/files\/2026\/04\/FB_IMG_1775028234078.jpg alt=\"\" class=\"attachment-sote-gallery-big size-sote-gallery-big\" srcset=\"https:\/\/semmelweis.hu\/pak\/files\/2026\/04\/FB_IMG_1775028234078-400x267.jpg 400w, https:\/\/semmelweis.hu\/pak\/files\/2026\/04\/FB_IMG_1775028234078-768x512.jpg 768w, https:\/\/semmelweis.hu\/pak\/files\/2026\/04\/FB_IMG_1775028234078-753x502.jpg 753w, https:\/\/semmelweis.hu\/pak\/files\/2026\/04\/FB_IMG_1775028234078-203x135.jpg 203w, https:\/\/semmelweis.hu\/pak\/files\/2026\/04\/FB_IMG_1775028234078.jpg 960w\" >\r\n        <\/a><\/div><\/span><span class=\"gallery-item\"><div class=\"hidden\"><a href=\"https:\/\/semmelweis.hu\/pak\/files\/2026\/04\/FB_IMG_1775028239430.jpg\">\r\n        <img src=https:\/\/semmelweis.hu\/pak\/files\/2026\/04\/FB_IMG_1775028239430.jpg alt=\"\" class=\"attachment-sote-gallery-big size-sote-gallery-big\" srcset=\"https:\/\/semmelweis.hu\/pak\/files\/2026\/04\/FB_IMG_1775028239430-400x267.jpg 400w, https:\/\/semmelweis.hu\/pak\/files\/2026\/04\/FB_IMG_1775028239430-1024x683.jpg 1024w, https:\/\/semmelweis.hu\/pak\/files\/2026\/04\/FB_IMG_1775028239430-768x512.jpg 768w, https:\/\/semmelweis.hu\/pak\/files\/2026\/04\/FB_IMG_1775028239430-1536x1025.jpg 1536w, https:\/\/semmelweis.hu\/pak\/files\/2026\/04\/FB_IMG_1775028239430-753x502.jpg 753w, https:\/\/semmelweis.hu\/pak\/files\/2026\/04\/FB_IMG_1775028239430-203x135.jpg 203w, https:\/\/semmelweis.hu\/pak\/files\/2026\/04\/FB_IMG_1775028239430.jpg 2048w\" >\r\n        <\/a><\/div><\/span><span class=\"gallery-item\"><div class=\"hidden\"><a href=\"https:\/\/semmelweis.hu\/pak\/files\/2026\/04\/Messenger_creation_6896F226-8312-413B-8713-DCF33EDCE03E.jpeg\">\r\n        <img src=https:\/\/semmelweis.hu\/pak\/files\/2026\/04\/Messenger_creation_6896F226-8312-413B-8713-DCF33EDCE03E.jpeg alt=\"\" class=\"attachment-sote-gallery-big size-sote-gallery-big\" srcset=\"https:\/\/semmelweis.hu\/pak\/files\/2026\/04\/Messenger_creation_6896F226-8312-413B-8713-DCF33EDCE03E-400x225.jpeg 400w, https:\/\/semmelweis.hu\/pak\/files\/2026\/04\/Messenger_creation_6896F226-8312-413B-8713-DCF33EDCE03E-1024x576.jpeg 1024w, https:\/\/semmelweis.hu\/pak\/files\/2026\/04\/Messenger_creation_6896F226-8312-413B-8713-DCF33EDCE03E-768x432.jpeg 768w, https:\/\/semmelweis.hu\/pak\/files\/2026\/04\/Messenger_creation_6896F226-8312-413B-8713-DCF33EDCE03E-1536x864.jpeg 1536w, https:\/\/semmelweis.hu\/pak\/files\/2026\/04\/Messenger_creation_6896F226-8312-413B-8713-DCF33EDCE03E-753x424.jpeg 753w, https:\/\/semmelweis.hu\/pak\/files\/2026\/04\/Messenger_creation_6896F226-8312-413B-8713-DCF33EDCE03E.jpeg 2048w\" >\r\n        <\/a><\/div><\/span><span class=\"gallery-item\"><div class=\"hidden\"><a href=\"https:\/\/semmelweis.hu\/pak\/files\/2026\/04\/FB_IMG_1775028748521.jpg\">\r\n        <img src=https:\/\/semmelweis.hu\/pak\/files\/2026\/04\/FB_IMG_1775028748521.jpg alt=\"\" class=\"attachment-sote-gallery-big size-sote-gallery-big\" srcset=\"https:\/\/semmelweis.hu\/pak\/files\/2026\/04\/FB_IMG_1775028748521-400x267.jpg 400w, https:\/\/semmelweis.hu\/pak\/files\/2026\/04\/FB_IMG_1775028748521-1024x683.jpg 1024w, https:\/\/semmelweis.hu\/pak\/files\/2026\/04\/FB_IMG_1775028748521-768x512.jpg 768w, https:\/\/semmelweis.hu\/pak\/files\/2026\/04\/FB_IMG_1775028748521-1536x1025.jpg 1536w, https:\/\/semmelweis.hu\/pak\/files\/2026\/04\/FB_IMG_1775028748521-753x502.jpg 753w, https:\/\/semmelweis.hu\/pak\/files\/2026\/04\/FB_IMG_1775028748521-203x135.jpg 203w, https:\/\/semmelweis.hu\/pak\/files\/2026\/04\/FB_IMG_1775028748521.jpg 2048w\" >\r\n        <\/a><\/div><\/span><span class=\"gallery-item\"><div class=\"hidden\"><a href=\"https:\/\/semmelweis.hu\/pak\/files\/2026\/04\/IMG_4899-scaled.jpeg\">\r\n        <img src=https:\/\/semmelweis.hu\/pak\/files\/2026\/04\/IMG_4899-scaled.jpeg alt=\"\" class=\"attachment-sote-gallery-big size-sote-gallery-big\" srcset=\"https:\/\/semmelweis.hu\/pak\/files\/2026\/04\/IMG_4899-400x300.jpeg 400w, https:\/\/semmelweis.hu\/pak\/files\/2026\/04\/IMG_4899-1024x768.jpeg 1024w, https:\/\/semmelweis.hu\/pak\/files\/2026\/04\/IMG_4899-768x576.jpeg 768w, https:\/\/semmelweis.hu\/pak\/files\/2026\/04\/IMG_4899-1536x1152.jpeg 1536w, https:\/\/semmelweis.hu\/pak\/files\/2026\/04\/IMG_4899-2048x1536.jpeg 2048w, https:\/\/semmelweis.hu\/pak\/files\/2026\/04\/IMG_4899-753x565.jpeg 753w\" >\r\n        <\/a><\/div><\/span>\r\n            <\/div>\r\n\r\n            [\/slb_exclude]\r\n\t\n","protected":false},"excerpt":{"rendered":"<p>2026. m\u00e1rcius 21\u201322-\u00e9n rendezt\u00e9k meg a Telekom Vivicitt\u00e1 fut\u00f3versenyt, amelyen a Pet\u0151 Andr\u00e1s Kar k\u00f6z\u00f6ss\u00e9g\u00e9nek sz\u00e1mos tagja is rajthoz \u00e1llt. Hallgat\u00f3k, munkat\u00e1rsak \u00e9s a kondukt\u00edv fejleszt\u00e9sben r\u00e9sztvev\u0151 gyerekek \u00e9s csal\u00e1djaik egyar\u00e1nt k\u00e9pviseltett\u00e9k magukat az esem\u00e9nyen, hozz\u00e1j\u00e1rulva a kar akt\u00edv, sportos k\u00f6z\u00f6ss\u00e9gi \u00e9let\u00e9hez. K\u00fcl\u00f6n \u00f6r\u00f6m, hogy a kari fut\u00f3k\u00f6z\u00f6ss\u00e9g tagjai egys\u00e9gesen, k\u00f6z\u00f6ss\u00e9gk\u00e9nt is k\u00e9pviselt\u00e9k int\u00e9zm\u00e9ny\u00fcnket. A &hellip;<\/p>\n","protected":false},"author":102570,"featured_media":13437,"comment_status":"closed","ping_status":"closed","sticky":false,"template":"","format":"standard","meta":{"_acf_changed":false,"footnotes":""},"categories":[1],"tags":[571],"class_list":["post-13431","post","type-post","status-publish","format-standard","has-post-thumbnail","hentry","category-hirek","tag-sport-hu"],"acf":[],"_links":{"self":[{"href":"https:\/\/semmelweis.hu\/pak\/wp-json\/wp\/v2\/posts\/13431","targetHints":{"allow":["GET"]}}],"collection":[{"href":"https:\/\/semmelweis.hu\/pak\/wp-json\/wp\/v2\/posts"}],"about":[{"href":"https:\/\/semmelweis.hu\/pak\/wp-json\/wp\/v2\/types\/post"}],"author":[{"embeddable":true,"href":"https:\/\/semmelweis.hu\/pak\/wp-json\/wp\/v2\/users\/102570"}],"replies":[{"embeddable":true,"href":"https:\/\/semmelweis.hu\/pak\/wp-json\/wp\/v2\/comments?post=13431"}],"version-history":[{"count":6,"href":"https:\/\/semmelweis.hu\/pak\/wp-json\/wp\/v2\/posts\/13431\/revisions"}],"predecessor-version":[{"id":13445,"href":"https:\/\/semmelweis.hu\/pak\/wp-json\/wp\/v2\/posts\/13431\/revisions\/13445"}],"wp:featuredmedia":[{"embeddable":true,"href":"https:\/\/semmelweis.hu\/pak\/wp-json\/wp\/v2\/media\/13437"}],"wp:attachment":[{"href":"https:\/\/semmelweis.hu\/pak\/wp-json\/wp\/v2\/media?parent=13431"}],"wp:term":[{"taxonomy":"category","embeddable":true,"href":"https:\/\/semmelweis.hu\/pak\/wp-json\/wp\/v2\/categories?post=13431"},{"taxonomy":"post_tag","embeddable":true,"href":"https:\/\/semmelweis.hu\/pak\/wp-json\/wp\/v2\/tags?post=13431"}],"curies":[{"name":"wp","href":"https:\/\/api.w.org\/{rel}","templated":true}]}}