{"id":13346,"date":"2026-03-10T14:20:03","date_gmt":"2026-03-10T13:20:03","guid":{"rendered":"https:\/\/semmelweis.hu\/pak\/?p=13346"},"modified":"2026-03-20T09:10:20","modified_gmt":"2026-03-20T08:10:20","slug":"petos-hallgatok-a-futopalyan-kozossegepites-a-vivicittan","status":"publish","type":"post","link":"https:\/\/semmelweis.hu\/pak\/2026\/03\/10\/petos-hallgatok-a-futopalyan-kozossegepites-a-vivicittan\/","title":{"rendered":"Pet\u0151s hallgat\u00f3k a fut\u00f3p\u00e1ly\u00e1n \u2013 k\u00f6z\u00f6ss\u00e9g\u00e9p\u00edt\u00e9s a Vivicitt\u00e1n"},"content":{"rendered":"<p style=\"text-align: justify\">A hallgat\u00f3i eg\u00e9szs\u00e9gfejleszt\u00e9s\u00e9rt felel\u0151s oktat\u00f3, <strong>Dr. habil. Szil\u00e1rd Zsuzsanna<\/strong>\u00a0\u00f6tlete alapj\u00e1n kilenc\u00a0\u00e9vvel ezel\u0151tt indult el az <strong>\u201e\u00c9v legeg\u00e9szs\u00e9gesebb \u00e9vfolyama\u201d <\/strong>verseny, amelynek c\u00e9lja az eg\u00e9szs\u00e9gtudatos szeml\u00e9let \u00e9s a rendszeres mozg\u00e1s n\u00e9pszer\u0171s\u00edt\u00e9se a hallgat\u00f3k, oktat\u00f3k \u00e9s munkat\u00e1rsak k\u00f6r\u00e9ben. A kezdem\u00e9nyez\u00e9s m\u00e1r az els\u0151 \u00e9vben k\u00f6z\u00f6ss\u00e9gi \u00e9lm\u00e9nny\u00e9 v\u00e1lt: a tan\u00e9v v\u00e9g\u00e9re a <strong>Balaton Szuper Maraton<\/strong>\u00a0(BSZM) esem\u00e9ny\u00e9n oktat\u00f3\u2013hallgat\u00f3 csapat k\u00e9pviselte az int\u00e9zm\u00e9nyt.<\/p>\n<p style=\"text-align: justify\">Az elm\u00falt \u00e9vek sor\u00e1n a program tov\u00e1bb er\u0151s\u00f6d\u00f6tt, \u00e9s a fut\u00e1s egyre t\u00f6bb hallgat\u00f3t \u00e9s oktat\u00f3t mozgat meg a <strong>Semmelweis Egyetem Pet\u0151 Andr\u00e1s Kar<\/strong>\u00a0k\u00f6z\u00f6ss\u00e9g\u00e9ben. Az idei tan\u00e9v mott\u00f3ja az <strong>\u201eEg\u00e9szs\u00e9gpercek gy\u0171jt\u00e9se\u201d<\/strong>, amelynek keret\u00e9ben a r\u00e9sztvev\u0151k k\u00fcl\u00f6nb\u00f6z\u0151 mozg\u00e1sform\u00e1k sor\u00e1n gy\u0171jthetnek akt\u00edv perceket. M\u00e1rcius h\u00f3nap kih\u00edv\u00e1sa a <strong>step challenge<\/strong>, amelynek egyik kiemelt esem\u00e9nye a <strong>41. Telekom Vivicitt\u00e1 V\u00e1rosv\u00e9d\u0151 Fut\u00e1s<\/strong>.<\/p>\n<p style=\"text-align: justify\">A fut\u00f3programok szervez\u00e9s\u00e9ben \u00e9s n\u00e9pszer\u0171s\u00edt\u00e9s\u00e9ben kiemelked\u0151 szerepet v\u00e1llal <strong>Labossa Tam\u00e1s, v\u00e9gz\u0151s hallgat\u00f3<\/strong>, aki az elm\u00falt id\u0151szakban a kar fut\u00f3\u00e9let\u00e9nek egyik meghat\u00e1roz\u00f3 motorj\u00e1v\u00e1 v\u00e1lt. Kedvess\u00e9g\u00e9vel, k\u00f6zvetlens\u00e9g\u00e9vel \u00e9s p\u00e9ldamutat\u00f3 hozz\u00e1\u00e1ll\u00e1s\u00e1val sok hallgat\u00f3t inspir\u00e1l, \u00e9s akt\u00edv r\u00e9szv\u00e9tel\u00e9vel sz\u00e1mos t\u00e1rs\u00e1t motiv\u00e1lta arra, hogy bekapcsol\u00f3djon a fut\u00f3esem\u00e9nyekbe. T\u00f6bben <strong>Dr. Szil\u00e1rd Zsuzsanna programj\u00e1nak<\/strong>, valamint <strong>Labossa Tam\u00e1s<\/strong>\u00a0szem\u00e9lyes p\u00e9ld\u00e1j\u00e1nak hat\u00e1s\u00e1ra kezdtek el rendszeresen futni.<\/p>\n<p style=\"text-align: justify\">A k\u00f6z\u00f6ss\u00e9gi fut\u00e1sok egyik fontos \u00e1llom\u00e1sa volt a tavalyi <strong>Vivicitt\u00e1 F\u00e9lmaraton<\/strong>, ahol el\u0151sz\u00f6r indultak Pet\u0151s sz\u00ednekben hallgat\u00f3k a f\u00e9lmaraton tri\u00f3 versenysz\u00e1mban. Ekkor alakult meg a PreKonduktorok nev\u0171 csapat is, amely kis l\u00e9tsz\u00e1mmal, de nagy lelkesed\u00e9ssel k\u00e9pviselte a kart, egys\u00e9ges Pet\u0151 felirat\u00fa fut\u00f3p\u00f3l\u00f3ban.<\/p>\n<p style=\"text-align: justify\">A kezdem\u00e9nyez\u00e9s folytat\u00e1sak\u00e9nt 2025 \u0151sz\u00e9n t\u00f6bb Pet\u0151s hallgat\u00f3 vett r\u00e9szt a <strong>5v\u00f6s5\u00f6s fut\u00f3verseny<\/strong>\u00a0esem\u00e9nyen is.<\/p>\n<p style=\"text-align: justify\">Szint\u00e9n jelent\u0151s k\u00f6z\u00f6ss\u00e9gi \u00e9lm\u00e9nyt jelentett a 2025-\u00f6s <strong>SPAR Budapest Maraton<\/strong>, amelyen a <strong>Pet\u0151 Andr\u00e1s Kondukt\u00edv Gyakorl\u00f3 \u00c1ltal\u00e1nos Iskola<\/strong>\u00a0szervez\u00e9s\u00e9ben hallgat\u00f3k \u00e9s konduktorok egy\u00fctt vettek r\u00e9szt. A r\u00e9szv\u00e9telt a konduktor fut\u00f3nagyk\u00f6vet, <strong>V\u00e1gi Rebeka<\/strong>\u00a0koordin\u00e1lta. A hallgat\u00f3k egy\u00e9ni versenysz\u00e1mokban indultak, m\u00edg a konduktorok egy\u00e9niben, v\u00e1lt\u00f3ban \u00e9s a <strong>FODISZ<\/strong>\u00a0es\u00e9lyegyenl\u0151s\u00e9gi fut\u00e1s\u00e1n az iskola di\u00e1kjaival egy\u00fctt teljes\u00edtett\u00e9k a t\u00e1vot.<\/p>\n<p style=\"text-align: justify\">Az idei 41. Telekom Vivicitt\u00e1 V\u00e1rosv\u00e9d\u0151 Fut\u00e1s k\u00fcl\u00f6n\u00f6sen nagy \u00e9rdekl\u0151d\u00e9st v\u00e1ltott ki: \u00f6sszesen 32 hallgat\u00f3 \u00e9s Frank Tam\u00e1s oktat\u00f3 k\u00e9pviseli a Pet\u0151 k\u00f6z\u00f6ss\u00e9get a k\u00fcl\u00f6nb\u00f6z\u0151 versenysz\u00e1mokban. Futni nem tud, de szurkolni ott lesz biztosan <strong>Dr. Szil\u00e1rd Zsuzsanna<\/strong>, \u00edgy \u0151 is r\u00e9szt vesz az esem\u00e9nyen. Rem\u00e9lj\u00fck, hogy m\u00e9g sokan csatlakoznak hozz\u00e1juk!<\/p>\n<p style=\"text-align: justify\">A r\u00e9sztvev\u0151k t\u00f6bbs\u00e9ge a szombaton megrendezett <strong>3\u00d72 kilom\u00e9teres v\u00e1lt\u00f3versenyen<\/strong>\u00a0indul, m\u00edg n\u00e9h\u00e1ny csapat a vas\u00e1rnapi f\u00e9lmaraton tri\u00f3 versenysz\u00e1mban m\u00e9reti meg mag\u00e1t.<\/p>\n<p style=\"text-align: justify\"><strong>Egy\u00e9ni indul\u00f3k<\/strong><\/p>\n<p style=\"text-align: justify\">Bakos Benedetta, Szab\u00f3 Tirza, Kasza N\u00f3ra Veronika, B\u00edr\u00f3 Julianna M\u00e1ria, Hajdu No\u00e9mi, Glasi Laura Lilla, Sabj\u00e1n Dorina, Farkas Eszter, Dombi Natasa, M\u00e1jer Anna, Gazsi Rebeka, P\u00e1l Sarolta M\u00e1ria \u00e9s Moln\u00e1r Verona.<\/p>\n<p style=\"text-align: justify\">A felsorolt hallgat\u00f3k k\u00f6z\u00f6tt olyan is tal\u00e1lhat\u00f3, aki a f\u00e9lmaratoni t\u00e1vot teljes\u00edti.<\/p>\n<p style=\"text-align: justify\"><strong>Csapatok \u2013 3\u00d72 km v\u00e1lt\u00f3<\/strong><\/p>\n<ul style=\"text-align: justify\">\n<li>Csongr\u00e1di Fl\u00f3ra \u2013 N\u00e9meth Anilla \u2013 Osgy\u00e1nyi Fl\u00f3ra<\/li>\n<li>Karak\u00f3 Zs\u00f3fi \u2013 D\u00f3ka Aliza \u2013 G\u00f6rbe Ildik\u00f3 Petra<\/li>\n<li>Kiss Evelin Veronika \u2013 Kov\u00e1cs Rita No\u00e9mi \u2013 Huber Lili<\/li>\n<li>P\u00e9nzes K\u00edra Amadea \u2013 Hulics\u00e1r Zs\u00f3fi \u2013 Gubala Sarolta<\/li>\n<li>Tordai R\u00e9ka \u2013 Sz\u00e9kely Anna \u2013 W\u00e9ber Csenge Fanni<\/li>\n<li>Frank Tam\u00e1s \u2013 Hank\u00f3 Attila Roland \u2013 Labossa Tam\u00e1s<\/li>\n<\/ul>\n<p style=\"text-align: justify\"><strong>F\u00e9lmaraton tri\u00f3<\/strong><\/p>\n<ul style=\"text-align: justify\">\n<li>Kun Bogl\u00e1rka Csenge \u2013 Kerti R\u00e9ka \u2013 Kiss Eszter<\/li>\n<li>Frank Tam\u00e1s \u2013 Hank\u00f3 Attila Roland \u2013 Labossa Tam\u00e1s<\/li>\n<\/ul>\n<p style=\"text-align: justify\">Az idei Vivicitt\u00e1n val\u00f3 r\u00e9szv\u00e9tel \u00f6tlete <strong>Frank Tam\u00e1s<\/strong>\u00a0tan\u00e1r \u00far kezdem\u00e9nyez\u00e9s\u00e9re indult el. A szervez\u00e9si feladatokban a hallgat\u00f3k is akt\u00edvan r\u00e9szt v\u00e1llaltak az indulni k\u00edv\u00e1n\u00f3 hallgat\u00f3k \u00f6sszegy\u0171jt\u00e9s\u00e9vel \u00e9s a nevez\u00e9sek koordin\u00e1l\u00e1s\u00e1val. A kezdem\u00e9nyez\u00e9st <strong>Turi Ibolya<\/strong>\u00a0\u00e9s <strong>F\u00f6ldesi Ren\u00e1ta<\/strong>\u00a0tan\u00e1rn\u0151k is t\u00e1mogatt\u00e1k.<\/p>\n<p style=\"text-align: justify\">Budapest, 2026. m\u00e1rcius 10.\u00a0<\/p>\n<p style=\"text-align: right\"><strong><span style=\"color: #000000\">Dr. habil. Szil\u00e1rd Zsuzsanna<\/span><\/strong><\/p>\n<p style=\"text-align: right\">hallgat\u00f3i eg\u00e9szs\u00e9gfejleszt\u00e9s\u00e9rt felel\u0151s oktat\u00f3\u00a0<\/p>\n","protected":false},"excerpt":{"rendered":"<p>A hallgat\u00f3i eg\u00e9szs\u00e9gfejleszt\u00e9s\u00e9rt felel\u0151s oktat\u00f3, Dr. habil. Szil\u00e1rd Zsuzsanna\u00a0\u00f6tlete alapj\u00e1n kilenc\u00a0\u00e9vvel ezel\u0151tt indult el az \u201e\u00c9v legeg\u00e9szs\u00e9gesebb \u00e9vfolyama\u201d verseny, amelynek c\u00e9lja az eg\u00e9szs\u00e9gtudatos szeml\u00e9let \u00e9s a rendszeres mozg\u00e1s n\u00e9pszer\u0171s\u00edt\u00e9se a hallgat\u00f3k, oktat\u00f3k \u00e9s munkat\u00e1rsak k\u00f6r\u00e9ben. A kezdem\u00e9nyez\u00e9s m\u00e1r az els\u0151 \u00e9vben k\u00f6z\u00f6ss\u00e9gi \u00e9lm\u00e9nny\u00e9 v\u00e1lt: a tan\u00e9v v\u00e9g\u00e9re a Balaton Szuper Maraton\u00a0(BSZM) esem\u00e9ny\u00e9n oktat\u00f3\u2013hallgat\u00f3 csapat k\u00e9pviselte &hellip;<\/p>\n","protected":false},"author":102570,"featured_media":0,"comment_status":"closed","ping_status":"closed","sticky":false,"template":"","format":"standard","meta":{"_acf_changed":false,"footnotes":""},"categories":[1],"tags":[571],"class_list":["post-13346","post","type-post","status-publish","format-standard","hentry","category-hirek","tag-sport-hu"],"acf":[],"_links":{"self":[{"href":"https:\/\/semmelweis.hu\/pak\/wp-json\/wp\/v2\/posts\/13346","targetHints":{"allow":["GET"]}}],"collection":[{"href":"https:\/\/semmelweis.hu\/pak\/wp-json\/wp\/v2\/posts"}],"about":[{"href":"https:\/\/semmelweis.hu\/pak\/wp-json\/wp\/v2\/types\/post"}],"author":[{"embeddable":true,"href":"https:\/\/semmelweis.hu\/pak\/wp-json\/wp\/v2\/users\/102570"}],"replies":[{"embeddable":true,"href":"https:\/\/semmelweis.hu\/pak\/wp-json\/wp\/v2\/comments?post=13346"}],"version-history":[{"count":8,"href":"https:\/\/semmelweis.hu\/pak\/wp-json\/wp\/v2\/posts\/13346\/revisions"}],"predecessor-version":[{"id":13400,"href":"https:\/\/semmelweis.hu\/pak\/wp-json\/wp\/v2\/posts\/13346\/revisions\/13400"}],"wp:attachment":[{"href":"https:\/\/semmelweis.hu\/pak\/wp-json\/wp\/v2\/media?parent=13346"}],"wp:term":[{"taxonomy":"category","embeddable":true,"href":"https:\/\/semmelweis.hu\/pak\/wp-json\/wp\/v2\/categories?post=13346"},{"taxonomy":"post_tag","embeddable":true,"href":"https:\/\/semmelweis.hu\/pak\/wp-json\/wp\/v2\/tags?post=13346"}],"curies":[{"name":"wp","href":"https:\/\/api.w.org\/{rel}","templated":true}]}}