{"id":13272,"date":"2026-03-04T18:08:25","date_gmt":"2026-03-04T17:08:25","guid":{"rendered":"https:\/\/semmelweis.hu\/pak\/?p=13272"},"modified":"2026-03-04T18:08:25","modified_gmt":"2026-03-04T17:08:25","slug":"hungarian-parasport-day-at-semmelweis-university","status":"publish","type":"post","link":"https:\/\/semmelweis.hu\/pak\/en\/2026\/03\/04\/hungarian-parasport-day-at-semmelweis-university\/","title":{"rendered":"Hungarian Parasport Day at Semmelweis University"},"content":{"rendered":"<p data-path-to-node=\"3\">On February 27, 2026, Semmelweis University once again celebrated Hungarian Parasport Day with a showcase of various parasports, organized by the Physical Education and Sport Center and the Andr\u00e1s Pet\u0151 Faculty. The event aimed to provide students from all university faculties with a closer look at specific parasport disciplines and the opportunity to gain first-hand experience.<\/p>\n<p data-path-to-node=\"4\">During the program, participants could try out six different sports under the guidance of experienced para-athletes. Wheelchair fencers and boccia players from the Pet\u0151 Sports Association took an active role in the demonstrations.<\/p>\n<p data-path-to-node=\"5\">The event opened with a welcome from Korn\u00e9lia V\u00e1rszegi, the lead organizer. Following this, Rector Dr. B\u00e9la Merkely emphasized in his greeting that supporting sports and student physical activity\u2014whether in elite sports, mass sports, or parasports\u2014is of paramount importance to the University. As part of the opening ceremony, the cheerleading team from the Andr\u00e1s Pet\u0151 Faculty\u2019s Conductive Practice Primary School gave a performance. Representing the Faculty, Vice-Rector Dr. \u00c9va Feket\u00e9n\u00e9 Szab\u00f3, Director of the Conductive Pedagogical Center, and Dean Dr. Andrea Zsebe, Dean of the Faculty also attended the event.<\/p>\n[slb_exclude]<div data-carousel-extra='{\"blog_id\":175,\"permalink\":\"https:\\\/\\\/semmelweis.hu\\\/pak\\\/en\\\/2026\\\/03\\\/04\\\/hungarian-parasport-day-at-semmelweis-university\\\/\"}' class=\"tiled-gallery type-rectangular\" data-original-width=\"753\"><div class=\"gallery-row\" style=\"width: 748px; height: 330px;\"><div class=\"gallery-group images-1\" style=\"width: 499px; height: 334px;\"><div class=\"tiled-gallery-item tiled-gallery-item-large\"><a href=\"https:\/\/semmelweis.hu\/pak\/files\/2026\/03\/RS233327_0E1A0773_scl.jpg\"><img loading=\"lazy\" decoding=\"async\" data-attachment-id=\"13246\" data-orig-file=\"https:\/\/semmelweis.hu\/pak\/files\/2026\/03\/RS233327_0E1A0773_scl.jpg\" data-orig-size=\"1200,800\" data-comments-opened=\"0\" data-image-meta=\"{&quot;aperture&quot;:&quot;0&quot;,&quot;credit&quot;:&quot;&quot;,&quot;camera&quot;:&quot;&quot;,&quot;caption&quot;:&quot;&quot;,&quot;created_timestamp&quot;:&quot;0&quot;,&quot;copyright&quot;:&quot;&quot;,&quot;focal_length&quot;:&quot;0&quot;,&quot;iso&quot;:&quot;0&quot;,&quot;shutter_speed&quot;:&quot;0&quot;,&quot;title&quot;:&quot;&quot;,&quot;orientation&quot;:&quot;1&quot;}\" data-image-title=\"RS233327_0E1A0773_scl\" data-image-description=\"\" data-medium-file=\"https:\/\/semmelweis.hu\/pak\/files\/2026\/03\/RS233327_0E1A0773_scl-400x267.jpg\" data-large-file=\"https:\/\/semmelweis.hu\/pak\/files\/2026\/03\/RS233327_0E1A0773_scl-1024x683.jpg\" src=\"https:\/\/semmelweis.hu\/pak\/files\/2026\/03\/RS233327_0E1A0773_scl-495x330.jpg\" width=\"495\" height=\"330\" align=\"left\" title=\"\" \/><\/a><\/div><\/div><div class=\"gallery-group images-2\" style=\"width: 249px; height: 334px;\"><div class=\"tiled-gallery-item tiled-gallery-item-small\"><a href=\"https:\/\/semmelweis.hu\/pak\/files\/2026\/03\/RS233332_0E1A0732_scl.jpg\"><img loading=\"lazy\" decoding=\"async\" data-attachment-id=\"13247\" data-orig-file=\"https:\/\/semmelweis.hu\/pak\/files\/2026\/03\/RS233332_0E1A0732_scl.jpg\" data-orig-size=\"1200,800\" data-comments-opened=\"0\" data-image-meta=\"{&quot;aperture&quot;:&quot;0&quot;,&quot;credit&quot;:&quot;&quot;,&quot;camera&quot;:&quot;&quot;,&quot;caption&quot;:&quot;&quot;,&quot;created_timestamp&quot;:&quot;0&quot;,&quot;copyright&quot;:&quot;&quot;,&quot;focal_length&quot;:&quot;0&quot;,&quot;iso&quot;:&quot;0&quot;,&quot;shutter_speed&quot;:&quot;0&quot;,&quot;title&quot;:&quot;&quot;,&quot;orientation&quot;:&quot;1&quot;}\" data-image-title=\"RS233332_0E1A0732_scl\" data-image-description=\"\" data-medium-file=\"https:\/\/semmelweis.hu\/pak\/files\/2026\/03\/RS233332_0E1A0732_scl-400x267.jpg\" data-large-file=\"https:\/\/semmelweis.hu\/pak\/files\/2026\/03\/RS233332_0E1A0732_scl-1024x683.jpg\" src=\"https:\/\/semmelweis.hu\/pak\/files\/2026\/03\/RS233332_0E1A0732_scl-245x163.jpg\" width=\"245\" height=\"163\" align=\"left\" title=\"\" \/><\/a><\/div><div class=\"tiled-gallery-item tiled-gallery-item-small\"><a href=\"https:\/\/semmelweis.hu\/pak\/files\/2026\/03\/RS233325_0E1A0762_scl.jpg\"><img loading=\"lazy\" decoding=\"async\" data-attachment-id=\"13245\" data-orig-file=\"https:\/\/semmelweis.hu\/pak\/files\/2026\/03\/RS233325_0E1A0762_scl.jpg\" data-orig-size=\"1200,800\" data-comments-opened=\"0\" data-image-meta=\"{&quot;aperture&quot;:&quot;0&quot;,&quot;credit&quot;:&quot;&quot;,&quot;camera&quot;:&quot;&quot;,&quot;caption&quot;:&quot;&quot;,&quot;created_timestamp&quot;:&quot;0&quot;,&quot;copyright&quot;:&quot;&quot;,&quot;focal_length&quot;:&quot;0&quot;,&quot;iso&quot;:&quot;0&quot;,&quot;shutter_speed&quot;:&quot;0&quot;,&quot;title&quot;:&quot;&quot;,&quot;orientation&quot;:&quot;1&quot;}\" data-image-title=\"RS233325_0E1A0762_scl\" data-image-description=\"\" data-medium-file=\"https:\/\/semmelweis.hu\/pak\/files\/2026\/03\/RS233325_0E1A0762_scl-400x267.jpg\" data-large-file=\"https:\/\/semmelweis.hu\/pak\/files\/2026\/03\/RS233325_0E1A0762_scl-1024x683.jpg\" src=\"https:\/\/semmelweis.hu\/pak\/files\/2026\/03\/RS233325_0E1A0762_scl-245x163.jpg\" width=\"245\" height=\"163\" align=\"left\" title=\"\" \/><\/a><\/div><\/div><\/div><div class=\"gallery-row\" style=\"width: 748px; height: 247px;\"><div class=\"gallery-group images-1\" style=\"width: 374px; height: 251px;\"><div class=\"tiled-gallery-item tiled-gallery-item-large\"><a href=\"https:\/\/semmelweis.hu\/pak\/files\/2026\/03\/RS233323_0E1A0747_scl.jpg\"><img loading=\"lazy\" decoding=\"async\" data-attachment-id=\"13244\" data-orig-file=\"https:\/\/semmelweis.hu\/pak\/files\/2026\/03\/RS233323_0E1A0747_scl.jpg\" data-orig-size=\"1200,800\" data-comments-opened=\"0\" data-image-meta=\"{&quot;aperture&quot;:&quot;0&quot;,&quot;credit&quot;:&quot;&quot;,&quot;camera&quot;:&quot;&quot;,&quot;caption&quot;:&quot;&quot;,&quot;created_timestamp&quot;:&quot;0&quot;,&quot;copyright&quot;:&quot;&quot;,&quot;focal_length&quot;:&quot;0&quot;,&quot;iso&quot;:&quot;0&quot;,&quot;shutter_speed&quot;:&quot;0&quot;,&quot;title&quot;:&quot;&quot;,&quot;orientation&quot;:&quot;1&quot;}\" data-image-title=\"RS233323_0E1A0747_scl\" data-image-description=\"\" data-medium-file=\"https:\/\/semmelweis.hu\/pak\/files\/2026\/03\/RS233323_0E1A0747_scl-400x267.jpg\" data-large-file=\"https:\/\/semmelweis.hu\/pak\/files\/2026\/03\/RS233323_0E1A0747_scl-1024x683.jpg\" src=\"https:\/\/semmelweis.hu\/pak\/files\/2026\/03\/RS233323_0E1A0747_scl-370x247.jpg\" width=\"370\" height=\"247\" align=\"left\" title=\"\" \/><\/a><\/div><\/div><div class=\"gallery-group images-1\" style=\"width: 374px; height: 251px;\"><div class=\"tiled-gallery-item tiled-gallery-item-large\"><a href=\"https:\/\/semmelweis.hu\/pak\/files\/2026\/03\/RS233301_0E1A0585_scl.jpg\"><img loading=\"lazy\" decoding=\"async\" data-attachment-id=\"13243\" data-orig-file=\"https:\/\/semmelweis.hu\/pak\/files\/2026\/03\/RS233301_0E1A0585_scl.jpg\" data-orig-size=\"1200,800\" data-comments-opened=\"0\" data-image-meta=\"{&quot;aperture&quot;:&quot;0&quot;,&quot;credit&quot;:&quot;&quot;,&quot;camera&quot;:&quot;&quot;,&quot;caption&quot;:&quot;&quot;,&quot;created_timestamp&quot;:&quot;0&quot;,&quot;copyright&quot;:&quot;&quot;,&quot;focal_length&quot;:&quot;0&quot;,&quot;iso&quot;:&quot;0&quot;,&quot;shutter_speed&quot;:&quot;0&quot;,&quot;title&quot;:&quot;&quot;,&quot;orientation&quot;:&quot;1&quot;}\" data-image-title=\"RS233301_0E1A0585_scl\" data-image-description=\"\" data-medium-file=\"https:\/\/semmelweis.hu\/pak\/files\/2026\/03\/RS233301_0E1A0585_scl-400x267.jpg\" data-large-file=\"https:\/\/semmelweis.hu\/pak\/files\/2026\/03\/RS233301_0E1A0585_scl-1024x683.jpg\" src=\"https:\/\/semmelweis.hu\/pak\/files\/2026\/03\/RS233301_0E1A0585_scl-370x247.jpg\" width=\"370\" height=\"247\" align=\"left\" title=\"\" \/><\/a><\/div><\/div><\/div><\/div>[\/slb_exclude]\n","protected":false},"excerpt":{"rendered":"<p>On February 27, 2026, Semmelweis University once again celebrated Hungarian Parasport Day with a showcase of various parasports, organized by the Physical Education and Sport Center and the Andr\u00e1s Pet\u0151 Faculty. The event aimed to provide students from all university faculties with a closer look at specific parasport disciplines and the opportunity to gain first-hand &hellip;<\/p>\n","protected":false},"author":102056,"featured_media":13244,"comment_status":"closed","ping_status":"closed","sticky":false,"template":"","format":"standard","meta":{"_acf_changed":false,"footnotes":""},"categories":[209],"tags":[],"class_list":["post-13272","post","type-post","status-publish","format-standard","has-post-thumbnail","hentry","category-news"],"acf":[],"_links":{"self":[{"href":"https:\/\/semmelweis.hu\/pak\/wp-json\/wp\/v2\/posts\/13272","targetHints":{"allow":["GET"]}}],"collection":[{"href":"https:\/\/semmelweis.hu\/pak\/wp-json\/wp\/v2\/posts"}],"about":[{"href":"https:\/\/semmelweis.hu\/pak\/wp-json\/wp\/v2\/types\/post"}],"author":[{"embeddable":true,"href":"https:\/\/semmelweis.hu\/pak\/wp-json\/wp\/v2\/users\/102056"}],"replies":[{"embeddable":true,"href":"https:\/\/semmelweis.hu\/pak\/wp-json\/wp\/v2\/comments?post=13272"}],"version-history":[{"count":1,"href":"https:\/\/semmelweis.hu\/pak\/wp-json\/wp\/v2\/posts\/13272\/revisions"}],"predecessor-version":[{"id":13273,"href":"https:\/\/semmelweis.hu\/pak\/wp-json\/wp\/v2\/posts\/13272\/revisions\/13273"}],"wp:featuredmedia":[{"embeddable":true,"href":"https:\/\/semmelweis.hu\/pak\/wp-json\/wp\/v2\/media\/13244"}],"wp:attachment":[{"href":"https:\/\/semmelweis.hu\/pak\/wp-json\/wp\/v2\/media?parent=13272"}],"wp:term":[{"taxonomy":"category","embeddable":true,"href":"https:\/\/semmelweis.hu\/pak\/wp-json\/wp\/v2\/categories?post=13272"},{"taxonomy":"post_tag","embeddable":true,"href":"https:\/\/semmelweis.hu\/pak\/wp-json\/wp\/v2\/tags?post=13272"}],"curies":[{"name":"wp","href":"https:\/\/api.w.org\/{rel}","templated":true}]}}