{"id":712,"date":"2016-07-01T16:07:05","date_gmt":"2016-07-01T14:07:05","guid":{"rendered":"http:\/\/semmelweis.hu\/onkologiai-kozpont\/?p=712"},"modified":"2023-06-08T10:53:36","modified_gmt":"2023-06-08T08:53:36","slug":"dank-magdolna-habilitalt-egyetemi-docens-lett-a-se-onkologiai-kozpont-igazgatoja","status":"publish","type":"post","link":"https:\/\/semmelweis.hu\/onkologiai-kozpont\/2016\/07\/01\/dank-magdolna-habilitalt-egyetemi-docens-lett-a-se-onkologiai-kozpont-igazgatoja\/","title":{"rendered":"Dank Magdolna habilit\u00e1lt egyetemi docens lett a SE Onkol\u00f3giai K\u00f6zpont igazgat\u00f3ja"},"content":{"rendered":"<p style=\"text-align: justify\">A Semmelweis Egyetem Onkol\u00f3giai K\u00f6zpontj\u00e1nak igazgat\u00f3i posztj\u00e1\u00e9rt ki\u00edrt p\u00e1ly\u00e1zatot Dank Magdolna habilit\u00e1lt egyetemi docens nyerte el, megb\u00edzat\u00e1s\u00e1t 2016. j\u00falius 1 -\u00e9n \u00e1tvette \u00e9s elindult az Onkol\u00f3giai K\u00f6zpont fejleszt\u00e9se.<\/p>\n<h1 class=\"entry-title\"><a href=\"https:\/\/semmelweis.hu\/hirek\/2016\/06\/30\/nevadonk-kotelez-hogy-a-tudomany-kulcsat-atadjuk-mindenkinek-semmelweis-nap-az-egyetemen\/\" target=\"_blank\" rel=\"noopener\"><span style=\"font-size: 10pt\">N\u00e9vad\u00f3nk k\u00f6telez, hogy a tudom\u00e1ny kulcs\u00e1t \u00e1tadjuk mindenkinek \u2013 Semmelweis Nap az egyetemen<\/span><\/a><\/h1>\n","protected":false},"excerpt":{"rendered":"<p>A Semmelweis Egyetem Onkol\u00f3giai K\u00f6zpontj\u00e1nak igazgat\u00f3i posztj\u00e1\u00e9rt ki\u00edrt p\u00e1ly\u00e1zatot Dank Magdolna habilit\u00e1lt egyetemi docens nyerte el, megb\u00edzat\u00e1s\u00e1t 2016. j\u00falius 1 -\u00e9n \u00e1tvette \u00e9s elindult az Onkol\u00f3giai K\u00f6zpont fejleszt\u00e9se.<br \/>\n<a href=\"https:\/\/semmelweis.hu\/hirek\/2016\/06\/30\/nevadonk-kotelez-hogy-a-tudomany-kulcsat-atadjuk-mindenkinek-semmelweis-nap-az-egyetemen\/\" target=\"_blank\" rel=\"noopener\">N\u00e9vad\u00f3nk k\u00f6telez, hogy a tudom\u00e1ny kulcs\u00e1t \u00e1tadjuk mindenkinek \u2013 Semmelweis Nap az egyetemen<\/a><\/p>\n","protected":false},"author":101105,"featured_media":89,"comment_status":"closed","ping_status":"closed","sticky":false,"template":"","format":"standard","meta":{"_acf_changed":false,"footnotes":""},"categories":[1],"tags":[],"class_list":["post-712","post","type-post","status-publish","format-standard","has-post-thumbnail","hentry","category-hirek"],"acf":[],"_links":{"self":[{"href":"https:\/\/semmelweis.hu\/onkologiai-kozpont\/wp-json\/wp\/v2\/posts\/712","targetHints":{"allow":["GET"]}}],"collection":[{"href":"https:\/\/semmelweis.hu\/onkologiai-kozpont\/wp-json\/wp\/v2\/posts"}],"about":[{"href":"https:\/\/semmelweis.hu\/onkologiai-kozpont\/wp-json\/wp\/v2\/types\/post"}],"author":[{"embeddable":true,"href":"https:\/\/semmelweis.hu\/onkologiai-kozpont\/wp-json\/wp\/v2\/users\/101105"}],"replies":[{"embeddable":true,"href":"https:\/\/semmelweis.hu\/onkologiai-kozpont\/wp-json\/wp\/v2\/comments?post=712"}],"version-history":[{"count":5,"href":"https:\/\/semmelweis.hu\/onkologiai-kozpont\/wp-json\/wp\/v2\/posts\/712\/revisions"}],"predecessor-version":[{"id":3136,"href":"https:\/\/semmelweis.hu\/onkologiai-kozpont\/wp-json\/wp\/v2\/posts\/712\/revisions\/3136"}],"wp:featuredmedia":[{"embeddable":true,"href":"https:\/\/semmelweis.hu\/onkologiai-kozpont\/wp-json\/wp\/v2\/media\/89"}],"wp:attachment":[{"href":"https:\/\/semmelweis.hu\/onkologiai-kozpont\/wp-json\/wp\/v2\/media?parent=712"}],"wp:term":[{"taxonomy":"category","embeddable":true,"href":"https:\/\/semmelweis.hu\/onkologiai-kozpont\/wp-json\/wp\/v2\/categories?post=712"},{"taxonomy":"post_tag","embeddable":true,"href":"https:\/\/semmelweis.hu\/onkologiai-kozpont\/wp-json\/wp\/v2\/tags?post=712"}],"curies":[{"name":"wp","href":"https:\/\/api.w.org\/{rel}","templated":true}]}}