{"id":64,"date":"2016-01-11T11:27:34","date_gmt":"2016-01-11T10:27:34","guid":{"rendered":"http:\/\/semmelweis.hu\/onkologiai-kozpont\/?p=64"},"modified":"2023-06-08T10:53:38","modified_gmt":"2023-06-08T08:53:38","slug":"weborvos-hu-amikor-a-betegtars-szava-hiteles","status":"publish","type":"post","link":"https:\/\/semmelweis.hu\/onkologiai-kozpont\/2016\/01\/11\/weborvos-hu-amikor-a-betegtars-szava-hiteles\/","title":{"rendered":"Weborvos.hu: Amikor a betegt\u00e1rs szava hiteles"},"content":{"rendered":"<p style=\"text-align: justify\"><strong>A Pink Bolero Egyes\u00fclet nemcsak seg\u00edt s betegt\u00e1rsakon, hanem az orvosokat is igyekszik tehermentes\u00edteni.<\/strong><\/p>\n<p style=\"text-align: justify\">Egy r\u00e1kb\u00f3l meggy\u00f3gyult beteg, egy pszichol\u00f3gus \u00e9s egy h\u00e1tt\u00e9rben seg\u00edt\u0151 orvos t\u00falz\u00e1s n\u00e9lk\u00fcl \u00e1ll\u00edthat\u00f3an csod\u00e1kra k\u00e9pes: olyan \u00f6nseg\u00edt\u0151 betegszervezetet hoztak l\u00e9tre, amely a legnagyobb bajban professzion\u00e1lis m\u00f3don t\u00e1mogatja a betegeket. <em>Pataki Aranka<\/em> egykori beteg, <em>D\u00e9sfalvi Judit<\/em> pszichol\u00f3gus az Orvosok Lapj\u00e1nak adott interj\u00faban elmes\u00e9lik, mik\u00e9nt hozt\u00e1k l\u00e9tre <em>dr. Dank Magdolna<\/em>, a Semmelweis Egyetem onkol\u00f3gus docense kezdem\u00e9nyez\u00e9s\u00e9re \u00e9s t\u00e1mogat\u00e1s\u00e1val a \u201ePink Bolero Egyes\u00fclet \u2013 a mellr\u00e1k ellen&#8221; nevet visel\u0151 betegszervezetet, hogyan tudnak seg\u00edteni a betegt\u00e1rsakon, s mik\u00e9nt tudj\u00e1k tehermentes\u00edteni a beteggel foglalkoz\u00f3 orvosokat.<\/p>\n<p style=\"text-align: justify\">\u2013 <em>Hogyan jutott el od\u00e1ig, hogy \u00f6nseg\u00edt\u0151 betegszervezetet alap\u00edtson?<\/em><\/p>\n<p style=\"text-align: justify\"><strong>Pataki Aranka<\/strong>: Visszany\u00falik a t\u00f6rt\u00e9net eg\u00e9szen a betegs\u00e9gemhez. 2000-ben, azt\u00e1n r\u00e1 k\u00e9t \u00e9vre volt az egyik, majd a m\u00e1sik mellemben rosszindulat\u00fa daganat, m\u0171t\u00e9teken estem \u00e1t. Kemoter\u00e1pi\u00e1t kaptam, s annak idej\u00e9n ilyenkor egy \u00e9jszak\u00e1t benn t\u00f6lt\u00f6tt\u00fcnk a k\u00f3rh\u00e1zban. Ott t\u0171nt fel, hogy a k\u00f3rterem intim szf\u00e9r\u00e1j\u00e1ban kopaszon, pizsam\u00e1ban milyen \u0151szint\u00e9n tudunk besz\u00e9lgetni a betegt\u00e1rsaimmal, mennyire hasonl\u00f3an \u00e9lj\u00fck meg a k\u00fczdelm\u00fcnket, \u00e9s hogy egy-egy besz\u00e9lget\u00e9s mennyire kedvez\u0151en v\u00e1ltoztatja meg az \u00e1ltal\u00e1nos hangulatot. Dank Magdolna docens asszony betege voltam, aki mindig a mi szob\u00e1nkba tette azokat a betegeket, akik rosszabb lelki \u00e1llapotban voltak, mert \u00e9rz\u00e9kelhet\u0151en jobb lett a hangulatuk a mi k\u00f6r\u00fcnkben. M\u00e1r akkor sz\u00f6get \u00fct\u00f6tt a fejemben, hogy hasznos\u00edtanom kellene ezt a k\u00e9pess\u00e9gemet, \u00e9s t\u00f6bbsz\u00f6r besz\u00e9lgett\u00fcnk docens asszonnyal, hogy kellene egy \u00f6nseg\u00edt\u0151 csoport, mert, mint mondta, \u0151 sz\u00edvvel-l\u00e9lekkel gy\u00f3gy\u00edt, de nincs ideje, hogy a betegek lelk\u00e9vel foglalkozzon. Hogy legyen szakmai h\u00e1ttere is, besz\u00e9ltem D\u00e9sfalvi Judit pszichol\u00f3gussal, akit r\u00e9g\u00f3ta ismerek, s aki v\u00e9gigk\u00f6vette betegs\u00e9gt\u00f6rt\u00e9netemet is. Judittal kezdt\u00fck fel\u00e9p\u00edteni a csoportot, nagyon sz\u00e9pen kialakult az id\u0151k sor\u00e1n, s docens asszony a szakmai t\u00e1mogat\u00e1s mellett helyet biztos\u00edtott nek\u00fcnk a klinik\u00e1n.<\/p>\n<p style=\"text-align: justify\">\u2013 <em>Mi\u00e9rt vett r\u00e9szt a csoport szervez\u00e9s\u00e9ben?<\/em><\/p>\n<p style=\"text-align: justify\"><strong>D\u00e9sfalvi Judit<\/strong>: A bar\u00e1ts\u00e1gon t\u00fal szakmai szempontb\u00f3l, mert arra gondoltunk, hogy ez nem lehet egyszer\u0171 ad hoc csoport, tematikusan kell szervezn\u00fcnk annak \u00e9rdek\u00e9ben, hogy jobban tudjanak a betegek k\u00f6z\u00f6sen gy\u00f3gyulni. Az id\u0151 minket igazol, mert a beteg tagt\u00e1rsakra nagyon j\u00f3 hat\u00e1ssal van az, hogy mindig megbesz\u00e9lj\u00fck, mi legyen a k\u00f6vetkez\u0151 tematika, milyen foglalkoz\u00e1sokat szeretn\u00e9nek a csoportban. \u00cdgy az \u00e9v eleji k\u00f6z\u00f6s megbesz\u00e9l\u00e9s ut\u00e1n eg\u00e9sz \u00e9vre tematiz\u00e1ljuk a foglalkoz\u00e1sokat, \u00edgy mindenki tudja, mi fog t\u00f6rt\u00e9nni, mindez ad egy keretet sz\u00e1munkra. \u00c9s ez nagyon fontos, mert minden \u00e9letform\u00e1ban, ak\u00e1r eg\u00e9szs\u00e9gben, ak\u00e1r betegs\u00e9gben a keretek meghat\u00e1roz\u00e1sa nem maradhat el, mert k\u00fcl\u00f6nben nem tudn\u00e1nk, hogy hov\u00e1 tartunk, mi a c\u00e9lunk, nem lenne j\u00f6v\u0151k\u00e9p\u00fcnk.<\/p>\n<p style=\"text-align: justify\">\u2013 <em>Hogyan tudnak seg\u00edteni a betegeknek, hiszen \u0151k \u00fagyis \u00e9rezhetik, van el\u00e9g bajuk, mi\u00e9rt is v\u00e1gyn\u00e1nak betegt\u00e1rsak k\u00f6z\u00e9\u2026<\/em><\/p>\n<p style=\"text-align: justify\">\n<strong>P. A.:<\/strong> Amikor az ember szembes\u00fcl a betegs\u00e9ggel, rettenetesen k\u00e9ts\u00e9gbeesik, olyan hatalmas k\u00e1osz uralkodik a fej\u00e9ben, hogy egyszer\u0171en nem tudja, merre tov\u00e1bb, mi lesz vele. Ilyenkor j\u00f6het a seg\u00edts\u00e9g t\u0151l\u00fcnk, hiszen amit a betegt\u00e1rs mond, az hiteles. Az orvos v\u00e1laszol k\u00e9rd\u00e9sekre, el is mond sok mindent, de bennem k\u00e9telyek maradnak, mert honnan tudn\u00e1 \u0151, hogy nekem mi fog f\u00e1jni, hogy \u00e9n mit fogok \u00e9rezni, \u00e1t\u00e9lni. Ezeket csak a betegt\u00e1rsak, a betegs\u00e9get \u00e1t\u00e9l\u0151k tudj\u00e1k. Rengeteg olyan dolog van, ami megv\u00e1ltoztatja az embert k\u00fcls\u0151leg, bels\u0151leg, ezekre fel kell k\u00e9sz\u00fclni. A h\u00e9tk\u00f6znapi praktik\u00e1k nagyon fontosak, olyan dolgok, amir\u0151l nem sz\u00edvesen besz\u00e9l az ember sehol, de egy ilyen \u00f6sszeszokott kis csoportban, intim k\u00f6rnyezetben igen, mert itt minden t\u00e9ma, k\u00e9rd\u00e9s el\u0151ker\u00fclhet. Ilyen p\u00e9ld\u00e1ul az egyik legf\u00e1j\u00f3bb, a haj elveszt\u00e9se, az a legnehezebb id\u0151szak. Nekem h\u00e1tk\u00f6z\u00e9pig \u00e9r\u0151 hossz\u00fa, hull\u00e1mos hajzuhatagom volt, s megmondt\u00e1k, hogy el fogom vesz\u00edteni\u2026 Persze, \u00e9n is elkeseredtem, de nem hagytam magam! Kiv\u00e1lasztottam egy t\u00e9pett, mel\u00edrozott r\u00f6vid par\u00f3k\u00e1t, elmentem a fodr\u00e1szhoz, ugyanilyenre megcsin\u00e1ltattam a frizur\u00e1m. Amikor \u00e9reztem azt a bizonyos jelz\u00e9st, vagyis elkezdett bizseregni a fejb\u0151r\u00f6m, akkor nem v\u00e1rtam meg, m\u00edg elhullik a hajam, hanem elmentem a fodr\u00e1szhoz, hogy borotv\u00e1lja le a fejem. Az \u00e9n d\u00f6nt\u00e9sem legyen a kopaszs\u00e1g! Mert arra \u00e9bredni, hogy csimb\u00f3kokban mindenhol a hajaddal tal\u00e1lkozol, megal\u00e1z\u00f3 dolog. Ezt a gy\u0151zelmet nem lehet \u00e1tengedni a r\u00e1knak! \u00cdgy \u00e9ltem meg, \u00e9s szerencs\u00e9re nem okozott probl\u00e9m\u00e1t. Mindenkinek ezt pr\u00f3b\u00e1lom \u00e1tadni, ilyen \u00e9s ehhez hasonl\u00f3 praktik\u00e1kat. Mindezt a gy\u00f3gyul\u00e1s \u00e9rdek\u00e9ben kell csin\u00e1lni! A hasznos tan\u00e1csokkal \u00e1t lehet seg\u00edteni egym\u00e1st a neh\u00e9z id\u0151szakon, de ezeket a kis \u00fatmutat\u00e1sokat csak az tudja, aki \u00e1t\u00e9lte a kemoter\u00e1pi\u00e1t. Miut\u00e1n mindenkinek m\u00e1sk\u00e9pp reag\u00e1l a szervezete a kem\u00f3ra, egy ilyen csoportban \u00f6ssze tudj\u00e1k vetni a tapasztalatokat. M\u00e1ris nem ismeretlen dolgokkal \u00e1ll szemben a beteg, hiszen mindenki legink\u00e1bb att\u00f3l f\u00e9l, amit nem ismer. Ha valakinek elhissz\u00fck, hogy vel\u00fcnk is \u00edgy fog t\u00f6rt\u00e9nni, akkor a f\u00e9lelm\u00fcnk cs\u00f6kken. Itt a csoportban mindenki besz\u00e9lhet a betegs\u00e9g\u00e9r\u0151l, olyanokt\u00f3l kap v\u00e1laszt, akik \u00e1t\u00e9lt\u00e9k a betegs\u00e9get. Otthon nem kap ilyen inform\u00e1ci\u00f3kat, hi\u00e1ba \u00e9rti meg a f\u00e9rje, im\u00e1dja a gyereke\u2026 Mint Judit eml\u00edtette, a foglalkoz\u00e1sok tematikusak, ig\u00e9ny szerint \u00e1ll\u00edtjuk \u00f6ssze, h\u00edvunk dietetikust, onkol\u00f3gust, plasztikai seb\u00e9szt, \u00e9s b\u00e1tran lehet k\u00e9rdezni.<\/p>\n<p style=\"text-align: justify\">\u2013 <em>\u00c9rdekes a n\u00e9vv\u00e1laszt\u00e1s, nem igaz\u00e1n utal \u00f6nseg\u00edt\u0151 szervezetre. Hogyan lett Pink Bolero az egyes\u00fclet neve?<\/em><\/p>\n<p style=\"text-align: justify\"><strong>P. A<\/strong>.: A boler\u00f3 egy kifejezetten n\u0151ies ruhadarab, sz\u00fcks\u00e9g eset\u00e9n kiemeli vagy \u00e9ppen takarja a n\u0151i mellet, \u00edgy esett a v\u00e1laszt\u00e1s erre a sz\u00f3ra, m\u00edg a pink egy\u00e9bk\u00e9nt is sz\u00edne a mellr\u00e1k elleni k\u00fczdelmet jelk\u00e9pez\u0151 szalagnak.<\/p>\n<p style=\"text-align: justify\"><em>A teljes interj\u00fa az Orvosok Lapja 2015\/novemberi sz\u00e1m\u00e1ban olvashat\u00f3.<\/em><\/p>\n","protected":false},"excerpt":{"rendered":"<p>A Pink Bolero Egyes\u00fclet nemcsak seg\u00edt s betegt\u00e1rsakon, hanem az orvosokat is igyekszik tehermentes\u00edteni. Egy r\u00e1kb\u00f3l meggy\u00f3gyult beteg, egy pszichol\u00f3gus \u00e9s egy h\u00e1tt\u00e9rben seg\u00edt\u0151 orvos t\u00falz\u00e1s n\u00e9lk\u00fcl \u00e1ll\u00edthat\u00f3an csod\u00e1kra k\u00e9pes: olyan \u00f6nseg\u00edt\u0151 betegszervezetet hoztak l\u00e9tre, amely a legnagyobb bajban professzion\u00e1lis m\u00f3don t\u00e1mogatja a betegeket. Pataki Aranka egykori beteg, D\u00e9sfalvi Judit pszichol\u00f3gus az Orvosok Lapj\u00e1nak adott &hellip;<\/p>\n","protected":false},"author":12,"featured_media":72,"comment_status":"closed","ping_status":"closed","sticky":false,"template":"","format":"standard","meta":{"_acf_changed":false,"footnotes":""},"categories":[1],"tags":[10],"class_list":["post-64","post","type-post","status-publish","format-standard","has-post-thumbnail","hentry","category-hirek","tag-sajtovisszhang"],"acf":[],"_links":{"self":[{"href":"https:\/\/semmelweis.hu\/onkologiai-kozpont\/wp-json\/wp\/v2\/posts\/64","targetHints":{"allow":["GET"]}}],"collection":[{"href":"https:\/\/semmelweis.hu\/onkologiai-kozpont\/wp-json\/wp\/v2\/posts"}],"about":[{"href":"https:\/\/semmelweis.hu\/onkologiai-kozpont\/wp-json\/wp\/v2\/types\/post"}],"author":[{"embeddable":true,"href":"https:\/\/semmelweis.hu\/onkologiai-kozpont\/wp-json\/wp\/v2\/users\/12"}],"replies":[{"embeddable":true,"href":"https:\/\/semmelweis.hu\/onkologiai-kozpont\/wp-json\/wp\/v2\/comments?post=64"}],"version-history":[{"count":2,"href":"https:\/\/semmelweis.hu\/onkologiai-kozpont\/wp-json\/wp\/v2\/posts\/64\/revisions"}],"predecessor-version":[{"id":1188,"href":"https:\/\/semmelweis.hu\/onkologiai-kozpont\/wp-json\/wp\/v2\/posts\/64\/revisions\/1188"}],"wp:featuredmedia":[{"embeddable":true,"href":"https:\/\/semmelweis.hu\/onkologiai-kozpont\/wp-json\/wp\/v2\/media\/72"}],"wp:attachment":[{"href":"https:\/\/semmelweis.hu\/onkologiai-kozpont\/wp-json\/wp\/v2\/media?parent=64"}],"wp:term":[{"taxonomy":"category","embeddable":true,"href":"https:\/\/semmelweis.hu\/onkologiai-kozpont\/wp-json\/wp\/v2\/categories?post=64"},{"taxonomy":"post_tag","embeddable":true,"href":"https:\/\/semmelweis.hu\/onkologiai-kozpont\/wp-json\/wp\/v2\/tags?post=64"}],"curies":[{"name":"wp","href":"https:\/\/api.w.org\/{rel}","templated":true}]}}