{"id":432,"date":"2010-05-29T21:58:59","date_gmt":"2010-05-29T19:58:59","guid":{"rendered":"http:\/\/semmelweis.hu\/onkologiai-kozpont\/?p=432"},"modified":"2016-03-11T22:09:56","modified_gmt":"2016-03-11T21:09:56","slug":"2010-majus-29-i-emlorak-nyilt-nap","status":"publish","type":"post","link":"https:\/\/semmelweis.hu\/onkologiai-kozpont\/2010\/05\/29\/2010-majus-29-i-emlorak-nyilt-nap\/","title":{"rendered":"2010. m\u00e1jus 29-i &#8222;Eml\u0151r\u00e1k ny\u00edlt nap&#8221;"},"content":{"rendered":"<p><a href=\"https:\/\/semmelweis.hu\/onkologiai-kozpont\/files\/2010\/04\/20100529_plak\u00e1t.jpg\" rel=\"attachment wp-att-434\"><img loading=\"lazy\" decoding=\"async\" class=\"alignnone size-large wp-image-434\" src=\"https:\/\/semmelweis.hu\/onkologiai-kozpont\/files\/2010\/04\/20100529_plak\u00e1t-1024x725.jpg\" alt=\"\" width=\"940\" height=\"666\" srcset=\"https:\/\/semmelweis.hu\/onkologiai-kozpont\/files\/2010\/04\/20100529_plak\u00e1t-1024x725.jpg 1024w, https:\/\/semmelweis.hu\/onkologiai-kozpont\/files\/2010\/04\/20100529_plak\u00e1t-300x212.jpg 300w, https:\/\/semmelweis.hu\/onkologiai-kozpont\/files\/2010\/04\/20100529_plak\u00e1t-768x544.jpg 768w, https:\/\/semmelweis.hu\/onkologiai-kozpont\/files\/2010\/04\/20100529_plak\u00e1t-424x300.jpg 424w, https:\/\/semmelweis.hu\/onkologiai-kozpont\/files\/2010\/04\/20100529_plak\u00e1t.jpg 1165w\" sizes=\"auto, (max-width: 940px) 100vw, 940px\" \/><\/a><\/p>\n<p><a href=\"http:\/\/www.pathology.hu\/hirek\/interju-dank-magdolna-docensasszonnyal-2010-majus-29-i-emlorak-nyilt-nap-kapcsan\">Interj\u00fa<\/a><\/p>\n","protected":false},"excerpt":{"rendered":"<p><a href=\"https:\/\/semmelweis.hu\/onkologiai-kozpont\/files\/2010\/04\/20100529_plak\u00e1t.jpg\" rel=\"attachment wp-att-434\"><\/a><br \/>\n<a href=\"http:\/\/www.pathology.hu\/hirek\/interju-dank-magdolna-docensasszonnyal-2010-majus-29-i-emlorak-nyilt-nap-kapcsan\">Interj\u00fa<\/a><\/p>\n","protected":false},"author":101105,"featured_media":0,"comment_status":"closed","ping_status":"closed","sticky":false,"template":"","format":"standard","meta":{"_acf_changed":false,"footnotes":""},"categories":[1],"tags":[],"class_list":["post-432","post","type-post","status-publish","format-standard","hentry","category-hirek"],"acf":[],"_links":{"self":[{"href":"https:\/\/semmelweis.hu\/onkologiai-kozpont\/wp-json\/wp\/v2\/posts\/432","targetHints":{"allow":["GET"]}}],"collection":[{"href":"https:\/\/semmelweis.hu\/onkologiai-kozpont\/wp-json\/wp\/v2\/posts"}],"about":[{"href":"https:\/\/semmelweis.hu\/onkologiai-kozpont\/wp-json\/wp\/v2\/types\/post"}],"author":[{"embeddable":true,"href":"https:\/\/semmelweis.hu\/onkologiai-kozpont\/wp-json\/wp\/v2\/users\/101105"}],"replies":[{"embeddable":true,"href":"https:\/\/semmelweis.hu\/onkologiai-kozpont\/wp-json\/wp\/v2\/comments?post=432"}],"version-history":[{"count":5,"href":"https:\/\/semmelweis.hu\/onkologiai-kozpont\/wp-json\/wp\/v2\/posts\/432\/revisions"}],"predecessor-version":[{"id":438,"href":"https:\/\/semmelweis.hu\/onkologiai-kozpont\/wp-json\/wp\/v2\/posts\/432\/revisions\/438"}],"wp:attachment":[{"href":"https:\/\/semmelweis.hu\/onkologiai-kozpont\/wp-json\/wp\/v2\/media?parent=432"}],"wp:term":[{"taxonomy":"category","embeddable":true,"href":"https:\/\/semmelweis.hu\/onkologiai-kozpont\/wp-json\/wp\/v2\/categories?post=432"},{"taxonomy":"post_tag","embeddable":true,"href":"https:\/\/semmelweis.hu\/onkologiai-kozpont\/wp-json\/wp\/v2\/tags?post=432"}],"curies":[{"name":"wp","href":"https:\/\/api.w.org\/{rel}","templated":true}]}}