{"id":3310,"date":"2023-12-20T09:17:15","date_gmt":"2023-12-20T08:17:15","guid":{"rendered":"https:\/\/semmelweis.hu\/onkologiai-kozpont\/?p=3310"},"modified":"2023-12-20T09:17:15","modified_gmt":"2023-12-20T08:17:15","slug":"karacsonyi-unnepek-a-hospice-osztalyon","status":"publish","type":"post","link":"https:\/\/semmelweis.hu\/onkologiai-kozpont\/2023\/12\/20\/karacsonyi-unnepek-a-hospice-osztalyon\/","title":{"rendered":"Kar\u00e1csonyi \u00fcnnepek a Hospice Oszt\u00e1lyon"},"content":{"rendered":"<p style=\"text-align: justify\">A Hospice \u00e9let\u00e9ben a 2023-as \u00e9v sok mindent hozott: k\u00f6lt\u00f6zt\u00fcnk, fel\u00faj\u00edtottunk, \u00e9s berendezkedt\u00fcnk az \u00faj hely\u00fcnk\u00f6n. Legnagyobb \u00f6r\u00f6m\u00fcnkre a Kar\u00e1csonyt m\u00e1r feld\u00edsz\u00edtve v\u00e1rjuk meg\u00fajult oszt\u00e1lyunkon. Az igazi meglepet\u00e9s azonban a Mikul\u00e1s l\u00e1togat\u00e1sa volt a betegek nagy \u00f6r\u00f6m\u00e9re!! Minden p\u00e1ciens \u00e9s az oszt\u00e1lyon dolgoz\u00f3 kapott aj\u00e1nd\u00e9kot, a csillog\u00f3 szemek \u00e9s mosolyg\u00f3 arcok feledhetetlen l\u00e1tv\u00e1nya melengette a sz\u00edv\u00fcnket, egy kicsit \u00fajra gyerekek lehett\u00fcnk.<\/p>\n<blockquote>\n<p>\u00c1ldott, boldog Kar\u00e1csonyi \u00fcnnepeket k\u00edv\u00e1n Mindenkinek a Semmelweis Hospice Oszt\u00e1ly!<\/p>\n<\/blockquote>\n\r\n        [slb_exclude]\r\n        <div class=\"row galeria-wrapper mx-0 h-auto\">\r\n            <div class=\"col-9 pl-0 pr-2\">\r\n            <span class=\"gallery-item frame\">\r\n\t\t\t\t<div class=\"galeria-left-img\"><a href=\"https:\/\/semmelweis.hu\/onkologiai-kozpont\/files\/2023\/12\/IMG_0015-scaled.jpg\"><img src=https:\/\/semmelweis.hu\/onkologiai-kozpont\/files\/2023\/12\/IMG_0015-scaled.jpg  \r\n                            alt=\"\" \r\n                            class=\"attachment-sote-gallery-big size-sote-gallery-big\" \r\n                            srcset=\"https:\/\/semmelweis.hu\/onkologiai-kozpont\/files\/2023\/12\/IMG_0015-400x300.jpg 400w, https:\/\/semmelweis.hu\/onkologiai-kozpont\/files\/2023\/12\/IMG_0015-1024x768.jpg 1024w, https:\/\/semmelweis.hu\/onkologiai-kozpont\/files\/2023\/12\/IMG_0015-768x576.jpg 768w, https:\/\/semmelweis.hu\/onkologiai-kozpont\/files\/2023\/12\/IMG_0015-1536x1152.jpg 1536w, https:\/\/semmelweis.hu\/onkologiai-kozpont\/files\/2023\/12\/IMG_0015-2048x1536.jpg 2048w, https:\/\/semmelweis.hu\/onkologiai-kozpont\/files\/2023\/12\/IMG_0015-753x565.jpg 753w\" ><\/a><\/div>\r\n            <\/span>\r\n\r\n            <\/div>\r\n\r\n\t\t\t<div class=\"col-3 pl-0 pr-0\">\r\n\t\t\t\t<div class=\"galeria-right-img d-flex justify-content-between flex-column h-100 w-100 px-0 mx-0 \">\r\n                <div class=\"galeria-box\">\r\n\t\t\t\t\t<h3 class=\"galeria-title\">Gal\u00e9ria<\/h3>\r\n\t\t\t\t\t<div class=\"galeria-subtitle\">\r\n\r\n\t\t\t\t\t\t<div class=\"galeria-page-counter\"><span>8<\/span>k\u00e9p<\/div>\r\n                    <\/div> <\/div>\r\n                    <span class=\"gallery-item frame d-none d-md-flex\">\r\n\t\t\t\t\t<div class=\"galeria-small-img mt-0\"><a href=\"https:\/\/semmelweis.hu\/onkologiai-kozpont\/files\/2023\/12\/IMG_0037-scaled.jpg\"><img src=https:\/\/semmelweis.hu\/onkologiai-kozpont\/files\/2023\/12\/IMG_0037-scaled.jpg \r\n                                alt=\"\"  \r\n                                class=\"attachment-sote-gallery-small size-sote-gallery-small\" \r\n                                srcset=\"https:\/\/semmelweis.hu\/onkologiai-kozpont\/files\/2023\/12\/IMG_0037-400x300.jpg 400w, https:\/\/semmelweis.hu\/onkologiai-kozpont\/files\/2023\/12\/IMG_0037-1024x768.jpg 1024w, https:\/\/semmelweis.hu\/onkologiai-kozpont\/files\/2023\/12\/IMG_0037-768x576.jpg 768w, https:\/\/semmelweis.hu\/onkologiai-kozpont\/files\/2023\/12\/IMG_0037-1536x1152.jpg 1536w, https:\/\/semmelweis.hu\/onkologiai-kozpont\/files\/2023\/12\/IMG_0037-2048x1536.jpg 2048w, https:\/\/semmelweis.hu\/onkologiai-kozpont\/files\/2023\/12\/IMG_0037-753x565.jpg 753w\" ><\/a><\/div>\r\n                    <\/span>\r\n                    <span class=\"gallery-item frame d-none d-md-flex\">\r\n\t\t\t\t\t<div class=\"galeria-small-img mt-0\"><a href=\"https:\/\/semmelweis.hu\/onkologiai-kozpont\/files\/2023\/12\/IMG_0038-scaled.jpg\"><img src=https:\/\/semmelweis.hu\/onkologiai-kozpont\/files\/2023\/12\/IMG_0038-scaled.jpg \r\n                                alt=\"\" \r\n                                class=\"attachment-sote-gallery-small size-sote-gallery-small\" \r\n                                srcset=\"https:\/\/semmelweis.hu\/onkologiai-kozpont\/files\/2023\/12\/IMG_0038-400x300.jpg 400w, https:\/\/semmelweis.hu\/onkologiai-kozpont\/files\/2023\/12\/IMG_0038-1024x768.jpg 1024w, https:\/\/semmelweis.hu\/onkologiai-kozpont\/files\/2023\/12\/IMG_0038-768x576.jpg 768w, https:\/\/semmelweis.hu\/onkologiai-kozpont\/files\/2023\/12\/IMG_0038-1536x1152.jpg 1536w, https:\/\/semmelweis.hu\/onkologiai-kozpont\/files\/2023\/12\/IMG_0038-2048x1536.jpg 2048w, https:\/\/semmelweis.hu\/onkologiai-kozpont\/files\/2023\/12\/IMG_0038-753x565.jpg 753w\" ><\/a><\/div>\r\n                    <\/span>\r\n\r\n                <\/div>\r\n\r\n            <\/div>\r\n\r\n            <span class=\"gallery-item\"><div class=\"hidden\"><a href=\"https:\/\/semmelweis.hu\/onkologiai-kozpont\/files\/2023\/12\/IMG_0041-scaled.jpg\">\r\n        <img src=https:\/\/semmelweis.hu\/onkologiai-kozpont\/files\/2023\/12\/IMG_0041-scaled.jpg alt=\"\" class=\"attachment-sote-gallery-big size-sote-gallery-big\" srcset=\"https:\/\/semmelweis.hu\/onkologiai-kozpont\/files\/2023\/12\/IMG_0041-300x400.jpg 300w, https:\/\/semmelweis.hu\/onkologiai-kozpont\/files\/2023\/12\/IMG_0041-768x1024.jpg 768w, https:\/\/semmelweis.hu\/onkologiai-kozpont\/files\/2023\/12\/IMG_0041-1152x1536.jpg 1152w, https:\/\/semmelweis.hu\/onkologiai-kozpont\/files\/2023\/12\/IMG_0041-1536x2048.jpg 1536w, https:\/\/semmelweis.hu\/onkologiai-kozpont\/files\/2023\/12\/IMG_0041-753x1004.jpg 753w, https:\/\/semmelweis.hu\/onkologiai-kozpont\/files\/2023\/12\/IMG_0041-scaled.jpg 1920w\" >\r\n        <\/a><\/div><\/span><span class=\"gallery-item\"><div class=\"hidden\"><a href=\"https:\/\/semmelweis.hu\/onkologiai-kozpont\/files\/2023\/12\/IMG_0042-scaled.jpg\">\r\n        <img src=https:\/\/semmelweis.hu\/onkologiai-kozpont\/files\/2023\/12\/IMG_0042-scaled.jpg alt=\"\" class=\"attachment-sote-gallery-big size-sote-gallery-big\" srcset=\"https:\/\/semmelweis.hu\/onkologiai-kozpont\/files\/2023\/12\/IMG_0042-400x300.jpg 400w, https:\/\/semmelweis.hu\/onkologiai-kozpont\/files\/2023\/12\/IMG_0042-1024x768.jpg 1024w, https:\/\/semmelweis.hu\/onkologiai-kozpont\/files\/2023\/12\/IMG_0042-768x576.jpg 768w, https:\/\/semmelweis.hu\/onkologiai-kozpont\/files\/2023\/12\/IMG_0042-1536x1152.jpg 1536w, https:\/\/semmelweis.hu\/onkologiai-kozpont\/files\/2023\/12\/IMG_0042-2048x1536.jpg 2048w, https:\/\/semmelweis.hu\/onkologiai-kozpont\/files\/2023\/12\/IMG_0042-753x565.jpg 753w\" >\r\n        <\/a><\/div><\/span><span class=\"gallery-item\"><div class=\"hidden\"><a href=\"https:\/\/semmelweis.hu\/onkologiai-kozpont\/files\/2023\/12\/IMG_0044-scaled.jpg\">\r\n        <img src=https:\/\/semmelweis.hu\/onkologiai-kozpont\/files\/2023\/12\/IMG_0044-scaled.jpg alt=\"\" class=\"attachment-sote-gallery-big size-sote-gallery-big\" srcset=\"https:\/\/semmelweis.hu\/onkologiai-kozpont\/files\/2023\/12\/IMG_0044-300x400.jpg 300w, https:\/\/semmelweis.hu\/onkologiai-kozpont\/files\/2023\/12\/IMG_0044-768x1024.jpg 768w, https:\/\/semmelweis.hu\/onkologiai-kozpont\/files\/2023\/12\/IMG_0044-1152x1536.jpg 1152w, https:\/\/semmelweis.hu\/onkologiai-kozpont\/files\/2023\/12\/IMG_0044-1536x2048.jpg 1536w, https:\/\/semmelweis.hu\/onkologiai-kozpont\/files\/2023\/12\/IMG_0044-753x1004.jpg 753w, https:\/\/semmelweis.hu\/onkologiai-kozpont\/files\/2023\/12\/IMG_0044-scaled.jpg 1920w\" >\r\n        <\/a><\/div><\/span><span class=\"gallery-item\"><div class=\"hidden\"><a href=\"https:\/\/semmelweis.hu\/onkologiai-kozpont\/files\/2023\/12\/IMG_0045-scaled.jpg\">\r\n        <img src=https:\/\/semmelweis.hu\/onkologiai-kozpont\/files\/2023\/12\/IMG_0045-scaled.jpg alt=\"\" class=\"attachment-sote-gallery-big size-sote-gallery-big\" srcset=\"https:\/\/semmelweis.hu\/onkologiai-kozpont\/files\/2023\/12\/IMG_0045-400x300.jpg 400w, https:\/\/semmelweis.hu\/onkologiai-kozpont\/files\/2023\/12\/IMG_0045-1024x768.jpg 1024w, https:\/\/semmelweis.hu\/onkologiai-kozpont\/files\/2023\/12\/IMG_0045-768x576.jpg 768w, https:\/\/semmelweis.hu\/onkologiai-kozpont\/files\/2023\/12\/IMG_0045-1536x1152.jpg 1536w, https:\/\/semmelweis.hu\/onkologiai-kozpont\/files\/2023\/12\/IMG_0045-2048x1536.jpg 2048w, https:\/\/semmelweis.hu\/onkologiai-kozpont\/files\/2023\/12\/IMG_0045-753x565.jpg 753w\" >\r\n        <\/a><\/div><\/span><span class=\"gallery-item\"><div class=\"hidden\"><a href=\"https:\/\/semmelweis.hu\/onkologiai-kozpont\/files\/2023\/12\/received_719806556422684.jpeg\">\r\n        <img src=https:\/\/semmelweis.hu\/onkologiai-kozpont\/files\/2023\/12\/received_719806556422684.jpeg alt=\"\" class=\"attachment-sote-gallery-big size-sote-gallery-big\" srcset=\"https:\/\/semmelweis.hu\/onkologiai-kozpont\/files\/2023\/12\/received_719806556422684-225x400.jpeg 225w, https:\/\/semmelweis.hu\/onkologiai-kozpont\/files\/2023\/12\/received_719806556422684-576x1024.jpeg 576w, https:\/\/semmelweis.hu\/onkologiai-kozpont\/files\/2023\/12\/received_719806556422684-768x1365.jpeg 768w, https:\/\/semmelweis.hu\/onkologiai-kozpont\/files\/2023\/12\/received_719806556422684-864x1536.jpeg 864w, https:\/\/semmelweis.hu\/onkologiai-kozpont\/files\/2023\/12\/received_719806556422684-753x1339.jpeg 753w, https:\/\/semmelweis.hu\/onkologiai-kozpont\/files\/2023\/12\/received_719806556422684.jpeg 1080w\" >\r\n        <\/a><\/div><\/span>\r\n            <\/div>\r\n\r\n            [\/slb_exclude]\r\n\t\n<p>(a k\u00e9pen l\u00e1that\u00f3 szem\u00e9lyek \u00edr\u00e1sos enged\u00e9ly\u00fcket adt\u00e1k a honlapon t\u00f6rt\u00e9n\u0151 megjelen\u00e9shez)<\/p>\n","protected":false},"excerpt":{"rendered":"<p>A Hospice \u00e9let\u00e9ben a 2023-as \u00e9v sok mindent hozott: k\u00f6lt\u00f6zt\u00fcnk, fel\u00faj\u00edtottunk, \u00e9s berendezkedt\u00fcnk az \u00faj hely\u00fcnk\u00f6n. Legnagyobb \u00f6r\u00f6m\u00fcnkre a Kar\u00e1csonyt m\u00e1r feld\u00edsz\u00edtve v\u00e1rjuk meg\u00fajult oszt\u00e1lyunkon. Az igazi meglepet\u00e9s azonban a Mikul\u00e1s l\u00e1togat\u00e1sa volt a betegek nagy \u00f6r\u00f6m\u00e9re!! Minden p\u00e1ciens \u00e9s az oszt\u00e1lyon dolgoz\u00f3 kapott aj\u00e1nd\u00e9kot, a csillog\u00f3 szemek \u00e9s mosolyg\u00f3 arcok feledhetetlen l\u00e1tv\u00e1nya melengette a &hellip;<\/p>\n","protected":false},"author":102054,"featured_media":3317,"comment_status":"closed","ping_status":"closed","sticky":false,"template":"","format":"standard","meta":{"_acf_changed":false,"footnotes":""},"categories":[1],"tags":[],"class_list":["post-3310","post","type-post","status-publish","format-standard","has-post-thumbnail","hentry","category-hirek"],"acf":[],"_links":{"self":[{"href":"https:\/\/semmelweis.hu\/onkologiai-kozpont\/wp-json\/wp\/v2\/posts\/3310","targetHints":{"allow":["GET"]}}],"collection":[{"href":"https:\/\/semmelweis.hu\/onkologiai-kozpont\/wp-json\/wp\/v2\/posts"}],"about":[{"href":"https:\/\/semmelweis.hu\/onkologiai-kozpont\/wp-json\/wp\/v2\/types\/post"}],"author":[{"embeddable":true,"href":"https:\/\/semmelweis.hu\/onkologiai-kozpont\/wp-json\/wp\/v2\/users\/102054"}],"replies":[{"embeddable":true,"href":"https:\/\/semmelweis.hu\/onkologiai-kozpont\/wp-json\/wp\/v2\/comments?post=3310"}],"version-history":[{"count":3,"href":"https:\/\/semmelweis.hu\/onkologiai-kozpont\/wp-json\/wp\/v2\/posts\/3310\/revisions"}],"predecessor-version":[{"id":3321,"href":"https:\/\/semmelweis.hu\/onkologiai-kozpont\/wp-json\/wp\/v2\/posts\/3310\/revisions\/3321"}],"wp:featuredmedia":[{"embeddable":true,"href":"https:\/\/semmelweis.hu\/onkologiai-kozpont\/wp-json\/wp\/v2\/media\/3317"}],"wp:attachment":[{"href":"https:\/\/semmelweis.hu\/onkologiai-kozpont\/wp-json\/wp\/v2\/media?parent=3310"}],"wp:term":[{"taxonomy":"category","embeddable":true,"href":"https:\/\/semmelweis.hu\/onkologiai-kozpont\/wp-json\/wp\/v2\/categories?post=3310"},{"taxonomy":"post_tag","embeddable":true,"href":"https:\/\/semmelweis.hu\/onkologiai-kozpont\/wp-json\/wp\/v2\/tags?post=3310"}],"curies":[{"name":"wp","href":"https:\/\/api.w.org\/{rel}","templated":true}]}}