{"id":3146,"date":"2023-06-25T10:00:47","date_gmt":"2023-06-25T08:00:47","guid":{"rendered":"https:\/\/semmelweis.hu\/onkologiai-kozpont\/?p=3146"},"modified":"2023-09-12T12:59:20","modified_gmt":"2023-09-12T10:59:20","slug":"meghivo-gyogyszer-es-betegbiztonsagi-kutatocsoport-alakulo-ulese","status":"publish","type":"post","link":"https:\/\/semmelweis.hu\/onkologiai-kozpont\/2023\/06\/25\/meghivo-gyogyszer-es-betegbiztonsagi-kutatocsoport-alakulo-ulese\/","title":{"rendered":"Megh\u00edv\u00f3: Gy\u00f3gyszer- \u00e9s Betegbiztons\u00e1gi Kutat\u00f3csoport alakul\u00f3 \u00fcl\u00e9se (Friss\u00edtve)"},"content":{"rendered":"<p style=\"text-align: center;\">Tisztelettel megh\u00edvjuk \u00d6nt a Semmelweis Egyetem Belgy\u00f3gy\u00e1szati \u00e9s Onkol\u00f3giai Klinika keretein bel\u00fcl megalakul\u00f3<br \/>\nGy\u00f3gyszer- \u00e9s Betegbiztons\u00e1gi Kutat\u00f3csoport<br \/>\nalakul\u00f3 \u00fcl\u00e9s\u00e9re.<\/p>\n<p style=\"text-align: center;\"><strong>Id\u0151pont:<\/strong> 2023. j\u00falius 6. (cs\u00fct\u00f6rt\u00f6k) 10:30 \u2013 11.30<\/p>\n<p style=\"text-align: center;\"><strong>Helysz\u00edn: <\/strong>Semmelweis Egyetem, Belgy\u00f3gy\u00e1szati \u00e9s Onkol\u00f3giai Klinika, Nagyel\u0151ad\u00f3<br \/>\n1083 Budapest, Kor\u00e1nyi S\u00e1ndor utca 2\/a<\/p>\n<p style=\"text-align: center;\">Az esem\u00e9ny online is k\u00f6vethet\u0151 az al\u00e1bbi linken: <br \/>\n<a href=\"https:\/\/semmelweis.zoom.us\/j\/98391578906?pwd=MjFtZUlxZTBrOEROc3A1VVdWRDZtUT09\">https:\/\/semmelweis.zoom.us\/j\/98391578906?pwd=MjFtZUlxZTBrOEROc3A1VVdWRDZtUT09<\/a><\/p>\n<p style=\"text-align: left;\"><strong>R\u00e9szletes Program<\/strong><\/p>\n<table class=\" aligncenter\">\n<tbody>\n<tr style=\"height: 53px;\">\n<td style=\"width: 20.2909%; height: 53px;\" width=\"104\">\n<p>10:30<\/p>\n<\/td>\n<td style=\"width: 79.491%; height: 53px;\" width=\"523\">\n<p>Az \u00fcl\u00e9st megnyitja Dr. Bal\u00e1zs M\u00e1t\u00e9 \u00c1d\u00e1m a kutat\u00f3csoport titk\u00e1ra<\/p>\n<\/td>\n<\/tr>\n<tr style=\"height: 53px;\">\n<td style=\"width: 20.2909%; height: 53px;\" width=\"104\">\n<p>10:30 &#8211; 10:35<\/p>\n<\/td>\n<td style=\"width: 79.491%; height: 53px;\" width=\"523\">\n<p>Professzori k\u00f6sz\u00f6nt\u0151 \u2013 Prof. Dr. Dank Magdolna, a kutat\u00f3csoport vezet\u0151je<\/p>\n<\/td>\n<\/tr>\n<tr style=\"height: 53px;\">\n<td style=\"width: 20.2909%; height: 53px;\" width=\"104\">\n<p>10:35 \u2013 10:40<\/p>\n<\/td>\n<td style=\"width: 79.491%; height: 53px;\" width=\"523\">\n<p>Kancell\u00e1ri k\u00f6sz\u00f6nt\u0151 \u2013 Dr. Pavlik L\u00edvia, kancell\u00e1r, egyetemi docens<\/p>\n<\/td>\n<\/tr>\n<tr style=\"height: 53px;\">\n<td style=\"width: 20.2909%; height: 53px;\" width=\"104\">\n<p>10:40 &#8211; 10:45<\/p>\n<\/td>\n<td style=\"width: 79.491%; height: 53px;\" width=\"523\">\n<p>Dr. M\u00fcller Cec\u00edlia Orsz\u00e1gos Tisztif\u0151orvos Asszony, Nemzeti N\u00e9peg\u00e9szs\u00e9g\u00fcgyi K\u00f6zpont, k\u00f6sz\u00f6nt\u0151je<\/p>\n<\/td>\n<\/tr>\n<tr style=\"height: 83px;\">\n<td style=\"width: 20.2909%; height: 83px;\" width=\"104\">\n<p>10:45 &#8211; 10:50<\/p>\n<\/td>\n<td style=\"width: 79.491%; height: 83px;\" width=\"523\">\n<p>Dr. Galg\u00f3czi \u00c1gnes, a Nemzeti N\u00e9peg\u00e9szs\u00e9g\u00fcgyi K\u00f6zpont k\u00e9pviselet\u00e9ben, a J\u00e1rv\u00e1ny\u00fcgyi \u00e9s Infekci\u00f3kontroll F\u0151oszt\u00e1ly, \u00a0K\u00f3rh\u00e1zhigi\u00e9n\u00e9s \u00e9s Hat\u00f3s\u00e1gi Oszt\u00e1ly oszt\u00e1lyvezet\u0151j\u00e9nek k\u00f6sz\u00f6nt\u0151je<\/p>\n<\/td>\n<\/tr>\n<tr style=\"height: 53px;\">\n<td style=\"width: 20.2909%; height: 53px;\" width=\"104\">\n<p>10:50 &#8211; 10:55<\/p>\n<\/td>\n<td style=\"width: 79.491%; height: 53px;\" width=\"523\">\n<p>Gy\u00f3gyszerbiztons\u00e1g \u2013 Mi\u00e9rt fontos besz\u00e9ln\u00fcnk r\u00f3la? \u2013 Dr. Bal\u00e1zs M\u00e1t\u00e9 \u00c1d\u00e1m<\/p>\n<\/td>\n<\/tr>\n<tr style=\"height: 53px;\">\n<td style=\"width: 20.2909%; height: 53px;\" width=\"104\">\n<p>10:55 &#8211; 11:05<\/p>\n<\/td>\n<td style=\"width: 79.491%; height: 53px;\" width=\"523\">\n<p>Betegbiztons\u00e1g \u2013 Mi\u00e9rt fontos besz\u00e9ln\u00fcnk r\u00f3la? \u2013 Dr. M\u00fchl Dorottya<\/p>\n<\/td>\n<\/tr>\n<tr style=\"height: 53px;\">\n<td style=\"width: 20.2909%; height: 53px;\" width=\"104\">\n<p>11:05 &#8211; 11:15<\/p>\n<\/td>\n<td style=\"width: 79.491%; height: 53px;\" width=\"523\">\n<p>A kutat\u00f3csoport bemutat\u00e1sa \u2013 Tervek \u00e9s c\u00e9lok \u2013 Dr. Bal\u00e1zs M\u00e1t\u00e9 \u00c1d\u00e1m<\/p>\n<\/td>\n<\/tr>\n<tr style=\"height: 53px;\">\n<td style=\"width: 20.2909%; height: 53px;\" width=\"104\">\n<p>11:15 &#8211; 11:25<\/p>\n<\/td>\n<td style=\"width: 79.491%; height: 53px;\" width=\"523\">\n<p>Strat\u00e9giai egy\u00fcttm\u0171k\u00f6d\u00e9s \u2013 Comfit Europe Kft. bemutat\u00e1sa &#8211; T\u00edm\u00e1r-Horv\u00e1th Katalin, \u00fcgyvezet\u0151 igazgat\u00f3, Comfit Europe Kft.<\/p>\n<\/td>\n<\/tr>\n<tr style=\"height: 83px;\">\n<td style=\"width: 20.2909%; height: 83px;\" width=\"104\">\n<p>11:25 &#8211; 11:35<\/p>\n<\/td>\n<td style=\"width: 79.491%; height: 83px;\" width=\"523\">\n<p>Strat\u00e9giai egy\u00fcttm\u0171k\u00f6d\u00e9s \u2013 Magyarorsz\u00e1gi Gy\u00f3gyszert\u00f6rzsk\u00f6nyvez\u0151k T\u00e1rsas\u00e1ga (MAGYOTT), Farmakovigilancia Munkacsoport bemutat\u00e1sa \u2013 Szegesdi Katalin, farmakovigilancia szakember, gy\u00f3gyszerbiztons\u00e1gi vezet\u0151, MSD Pharma Hungary Kft.<\/p>\n<\/td>\n<\/tr>\n<tr style=\"height: 53px;\">\n<td style=\"width: 20.2909%; height: 53px;\" width=\"104\">\n<p>11:35 &#8211; 11:40<\/p>\n<\/td>\n<td style=\"width: 79.491%; height: 53px;\" width=\"523\">\n<p>Strat\u00e9giai egy\u00fcttm\u0171k\u00f6d\u00e9si meg\u00e1llapod\u00e1s al\u00e1\u00edr\u00e1sa a Comfit Europe Kft.-vel.<\/p>\n<\/td>\n<\/tr>\n<tr style=\"height: 53px;\">\n<td style=\"width: 20.2909%; height: 53px;\" width=\"104\">\n<p>11:40 &#8211; 11:45<\/p>\n<\/td>\n<td style=\"width: 79.491%; height: 53px;\" width=\"523\">\n<p>Z\u00e1rsz\u00f3 \u2013 Prof. Dr. Dank Magdolna \u00e9s Dr. Bal\u00e1zs M\u00e1t\u00e9 \u00c1d\u00e1m<\/p>\n<\/td>\n<\/tr>\n<\/tbody>\n<\/table>\n<p><strong>\u00a0<\/strong><\/p>\n<p>Prof. Dr. Tak\u00e1cs Istv\u00e1n<br \/>\negyetemi tan\u00e1r<br \/>\nklinikaigazgat\u00f3<\/p>\n<p>Prof. Dr. Dank Magdolna<br \/>\negyetemi tan\u00e1r<br \/>\nklinikaigazgat\u00f3-helyettes<\/p>\n<p>Dr. Bal\u00e1zs M\u00e1t\u00e9 \u00c1d\u00e1m<br \/>\na kutat\u00f3csoport titk\u00e1ra<\/p>\n<p>&nbsp;<\/p>\n<p><span style=\"font-size: 12pt;\"><a href=\"https:\/\/semmelweis.hu\/onkologiai-kozpont\/files\/2023\/06\/Meghivo-es-reszletes-program-Gyogyszer-es-Betegbiztonsagi-Kutatocsoport-Alakulo-ulesere-2023.-julius-6..pdf\">Megh\u00edv\u00f3 let\u00f6lt\u00e9se PDF form\u00e1tumban<\/a><\/span><\/p>\n","protected":false},"excerpt":{"rendered":"<p>Tisztelettel megh\u00edvjuk \u00d6nt a Semmelweis Egyetem Belgy\u00f3gy\u00e1szati \u00e9s Onkol\u00f3giai Klinika keretein bel\u00fcl megalakul\u00f3 Gy\u00f3gyszer- \u00e9s Betegbiztons\u00e1gi Kutat\u00f3csoport alakul\u00f3 \u00fcl\u00e9s\u00e9re. Id\u0151pont: 2023. j\u00falius 6. (cs\u00fct\u00f6rt\u00f6k) 10:30 \u2013 11.30 Helysz\u00edn: Semmelweis Egyetem, Belgy\u00f3gy\u00e1szati \u00e9s Onkol\u00f3giai Klinika, Nagyel\u0151ad\u00f3 1083 Budapest, Kor\u00e1nyi S\u00e1ndor utca 2\/a Az esem\u00e9ny online is k\u00f6vethet\u0151 az al\u00e1bbi linken: <a href=\"https:\/\/semmelweis.zoom.us\/j\/98391578906?pwd=MjFtZUlxZTBrOEROc3A1VVdWRDZtUT09\">https:\/\/semmelweis.zoom.us\/j\/98391578906?pwd=MjFtZUlxZTBrOEROc3A1VVdWRDZtUT09<\/a> R\u00e9szletes Program 10:30 Az \u00fcl\u00e9st megnyitja &hellip;<\/p>\n","protected":false},"author":102054,"featured_media":3150,"comment_status":"closed","ping_status":"closed","sticky":false,"template":"","format":"standard","meta":{"_acf_changed":false,"footnotes":""},"categories":[1],"tags":[],"class_list":["post-3146","post","type-post","status-publish","format-standard","has-post-thumbnail","hentry","category-hirek"],"acf":[],"_links":{"self":[{"href":"https:\/\/semmelweis.hu\/onkologiai-kozpont\/wp-json\/wp\/v2\/posts\/3146","targetHints":{"allow":["GET"]}}],"collection":[{"href":"https:\/\/semmelweis.hu\/onkologiai-kozpont\/wp-json\/wp\/v2\/posts"}],"about":[{"href":"https:\/\/semmelweis.hu\/onkologiai-kozpont\/wp-json\/wp\/v2\/types\/post"}],"author":[{"embeddable":true,"href":"https:\/\/semmelweis.hu\/onkologiai-kozpont\/wp-json\/wp\/v2\/users\/102054"}],"replies":[{"embeddable":true,"href":"https:\/\/semmelweis.hu\/onkologiai-kozpont\/wp-json\/wp\/v2\/comments?post=3146"}],"version-history":[{"count":10,"href":"https:\/\/semmelweis.hu\/onkologiai-kozpont\/wp-json\/wp\/v2\/posts\/3146\/revisions"}],"predecessor-version":[{"id":3235,"href":"https:\/\/semmelweis.hu\/onkologiai-kozpont\/wp-json\/wp\/v2\/posts\/3146\/revisions\/3235"}],"wp:featuredmedia":[{"embeddable":true,"href":"https:\/\/semmelweis.hu\/onkologiai-kozpont\/wp-json\/wp\/v2\/media\/3150"}],"wp:attachment":[{"href":"https:\/\/semmelweis.hu\/onkologiai-kozpont\/wp-json\/wp\/v2\/media?parent=3146"}],"wp:term":[{"taxonomy":"category","embeddable":true,"href":"https:\/\/semmelweis.hu\/onkologiai-kozpont\/wp-json\/wp\/v2\/categories?post=3146"},{"taxonomy":"post_tag","embeddable":true,"href":"https:\/\/semmelweis.hu\/onkologiai-kozpont\/wp-json\/wp\/v2\/tags?post=3146"}],"curies":[{"name":"wp","href":"https:\/\/api.w.org\/{rel}","templated":true}]}}