{"id":2846,"date":"2023-07-10T12:00:35","date_gmt":"2023-07-10T10:00:35","guid":{"rendered":"https:\/\/semmelweis.hu\/onkologiai-kozpont\/?p=2846"},"modified":"2023-09-20T09:13:06","modified_gmt":"2023-09-20T07:13:06","slug":"az-onkologiai-reszleg-ideiglenes-mas-telephelyen-talalhato","status":"publish","type":"post","link":"https:\/\/semmelweis.hu\/onkologiai-kozpont\/2023\/07\/10\/az-onkologiai-reszleg-ideiglenes-mas-telephelyen-talalhato\/","title":{"rendered":"Az Onkol\u00f3giai Profil ideiglenesen m\u00e1s telephelyen tal\u00e1lhat\u00f3"},"content":{"rendered":"<p>Kedves Betegeink!<\/p>\n<p>&nbsp;<\/p>\n<p>Profilunk <span style=\"color: #333333;font-family: Georgia, 'Times New Roman', 'Bitstream Charter', Times, serif\">ideiglenesen <\/span>m\u00e1sik telephelyekre k\u00f6lt\u00f6z\u00f6tt:<\/p>\n<ul>\n<li><strong>K\u00faraszer\u0171 ell\u00e1t\u00e1s \u2013 Onkol\u00f3giai gondoz\u00f3 I.:<\/strong> 1082 Budapest, Kor\u00e1nyi S\u00e1ndor utca 2\/a. (SE Belgy\u00f3gy\u00e1szati \u00e9s Onkol\u00f3giai Klinika)<\/li>\n<li><strong>Onkol\u00f3giai gondoz\u00f3 II. <\/strong>(Dr. Vas M\u00e1ria): 1085 Budapest, St\u00e1hly u. 7-9. (SE Szent R\u00f3kus Klinikai T\u00f6mb)<\/li>\n<li><strong>SE Belgy\u00f3gy\u00e1szati \u00e9s Onkol\u00f3giai Klinika, Hospice Oszt\u00e1ly:<\/strong>\u00a01085 Budapest, St\u00e1hly u. 7-9. (SE Szent R\u00f3kus Klinikai T\u00f6mb)<\/li>\n<li><strong>Dietetika:<\/strong>\u00a01083 Budapest, T\u00f6m\u0151 u. 25-29. VI. em. (Pulmonol\u00f3giai Klinika)<\/li>\n<li><strong>Mozg\u00e1sszervi rehabilit\u00e1ci\u00f3, gy\u00f3gytorna:<\/strong> 1083 Budapest, T\u00f6m\u0151 u. 25-29. VI. em. (Pulmonol\u00f3giai Klinika)<\/li>\n<li><strong>Onkopszichol\u00f3giai Ambulancia:<\/strong> telefonon \u00e9s online<\/li>\n<\/ul>\n<p>&nbsp;<\/p>\n<p>K\u00f6sz\u00f6nj\u00fck sz\u00edves meg\u00e9rt\u00e9s\u00fcket az \u00e1tmeneti id\u0151szak alatt!<\/p>\n","protected":false},"excerpt":{"rendered":"<p>Kedves Betegeink! &nbsp; Profilunk ideiglenesen m\u00e1sik telephelyekre k\u00f6lt\u00f6z\u00f6tt: K\u00faraszer\u0171 ell\u00e1t\u00e1s \u2013 Onkol\u00f3giai gondoz\u00f3 I.: 1082 Budapest, Kor\u00e1nyi S\u00e1ndor utca 2\/a. (SE Belgy\u00f3gy\u00e1szati \u00e9s Onkol\u00f3giai Klinika) Onkol\u00f3giai gondoz\u00f3 II. (Dr. Vas M\u00e1ria): 1085 Budapest, St\u00e1hly u. 7-9. (SE Szent R\u00f3kus Klinikai T\u00f6mb) SE Belgy\u00f3gy\u00e1szati \u00e9s Onkol\u00f3giai Klinika, Hospice Oszt\u00e1ly:\u00a01085 Budapest, St\u00e1hly u. 7-9. (SE Szent R\u00f3kus &hellip;<\/p>\n","protected":false},"author":102054,"featured_media":0,"comment_status":"closed","ping_status":"closed","sticky":false,"template":"","format":"standard","meta":{"_acf_changed":false,"footnotes":""},"categories":[1],"tags":[],"class_list":["post-2846","post","type-post","status-publish","format-standard","hentry","category-hirek"],"acf":[],"_links":{"self":[{"href":"https:\/\/semmelweis.hu\/onkologiai-kozpont\/wp-json\/wp\/v2\/posts\/2846","targetHints":{"allow":["GET"]}}],"collection":[{"href":"https:\/\/semmelweis.hu\/onkologiai-kozpont\/wp-json\/wp\/v2\/posts"}],"about":[{"href":"https:\/\/semmelweis.hu\/onkologiai-kozpont\/wp-json\/wp\/v2\/types\/post"}],"author":[{"embeddable":true,"href":"https:\/\/semmelweis.hu\/onkologiai-kozpont\/wp-json\/wp\/v2\/users\/102054"}],"replies":[{"embeddable":true,"href":"https:\/\/semmelweis.hu\/onkologiai-kozpont\/wp-json\/wp\/v2\/comments?post=2846"}],"version-history":[{"count":10,"href":"https:\/\/semmelweis.hu\/onkologiai-kozpont\/wp-json\/wp\/v2\/posts\/2846\/revisions"}],"predecessor-version":[{"id":3201,"href":"https:\/\/semmelweis.hu\/onkologiai-kozpont\/wp-json\/wp\/v2\/posts\/2846\/revisions\/3201"}],"wp:attachment":[{"href":"https:\/\/semmelweis.hu\/onkologiai-kozpont\/wp-json\/wp\/v2\/media?parent=2846"}],"wp:term":[{"taxonomy":"category","embeddable":true,"href":"https:\/\/semmelweis.hu\/onkologiai-kozpont\/wp-json\/wp\/v2\/categories?post=2846"},{"taxonomy":"post_tag","embeddable":true,"href":"https:\/\/semmelweis.hu\/onkologiai-kozpont\/wp-json\/wp\/v2\/tags?post=2846"}],"curies":[{"name":"wp","href":"https:\/\/api.w.org\/{rel}","templated":true}]}}