{"id":1698,"date":"2017-07-04T08:12:25","date_gmt":"2017-07-04T06:12:25","guid":{"rendered":"http:\/\/semmelweis.hu\/onkologiai-kozpont\/?p=1698"},"modified":"2023-06-08T11:03:25","modified_gmt":"2023-06-08T09:03:25","slug":"1698","status":"publish","type":"post","link":"https:\/\/semmelweis.hu\/onkologiai-kozpont\/2017\/07\/04\/1698\/","title":{"rendered":"Pink Bolero &#8211; 2017.06.26."},"content":{"rendered":"<p style=\"text-align: justify\"><strong>Itt a ny\u00e1r!<\/strong><\/p>\n<p style=\"text-align: justify\">Tombol a h\u0151s\u00e9g, h\u00e9t \u00e1gra s\u00fct a Nap, \u00e9s mi \u00fajb\u00f3l egy\u00fctt vagyunk a Pink Bolero csoporttal\u00e1lkoz\u00f3j\u00e1n. Az elm\u00falt k\u00e9t alkalommal a l\u00e1nyok dietetikusunk, Anett fantasztikus, eg\u00e9szs\u00e9ges receptjeib\u0151l k\u00e9sz\u00edtettek \u00edzel\u00edt\u0151t &#8211; Gabi muffinja \u00e9s Arika citromos csod\u00e1ja (mint a k\u00e9pen is l\u00e1that\u00f3) mindenkit levett a l\u00e1b\u00e1r\u00f3l. K\u00f6sz\u00f6nj\u00fck Anett! Nektek is k\u00f6sz\u00f6nj\u00fck a f\u00e1radoz\u00e1st, Gabi \u00e9s Ari! Persze az\u00e9rt a ny\u00e1r gy\u00fcm\u00f6lcsei most sem hi\u00e1nyozhatnak asztalunkr\u00f3l. Ma azonban nem csak eszegett\u00fcnk, hanem lelk\u00fcnket is t\u00e1pl\u00e1ltuk. \u00dajraind\u00edtottuk a laz\u00edt\u00e1si gyakorlatokat &#8211; egy kis elm\u00e9lettel megf\u0171szerezve. Az id\u0151 ma is hamar elszaladt, de kipihenve, felt\u00f6lt\u0151dve indultunk haza. Folytat\u00e1sa k\u00f6vetkezik!<\/p>\n<p><img loading=\"lazy\" decoding=\"async\" class=\"alignnone size-full wp-image-1699\" src=\"https:\/\/semmelweis.hu\/onkologiai-kozpont\/files\/2017\/07\/unnamed-4-COLLAGE.jpg\" alt=\"\" width=\"816\" height=\"816\" srcset=\"https:\/\/semmelweis.hu\/onkologiai-kozpont\/files\/2017\/07\/unnamed-4-COLLAGE.jpg 816w, https:\/\/semmelweis.hu\/onkologiai-kozpont\/files\/2017\/07\/unnamed-4-COLLAGE-150x150.jpg 150w, https:\/\/semmelweis.hu\/onkologiai-kozpont\/files\/2017\/07\/unnamed-4-COLLAGE-300x300.jpg 300w, https:\/\/semmelweis.hu\/onkologiai-kozpont\/files\/2017\/07\/unnamed-4-COLLAGE-768x768.jpg 768w, https:\/\/semmelweis.hu\/onkologiai-kozpont\/files\/2017\/07\/unnamed-4-COLLAGE-144x144.jpg 144w, https:\/\/semmelweis.hu\/onkologiai-kozpont\/files\/2017\/07\/unnamed-4-COLLAGE-90x90.jpg 90w\" sizes=\"auto, (max-width: 816px) 100vw, 816px\" \/><\/p>\n","protected":false},"excerpt":{"rendered":"<p>Itt a ny\u00e1r! Tombol a h\u0151s\u00e9g, h\u00e9t \u00e1gra s\u00fct a Nap, \u00e9s mi \u00fajb\u00f3l egy\u00fctt vagyunk a Pink Bolero csoporttal\u00e1lkoz\u00f3j\u00e1n. Az elm\u00falt k\u00e9t alkalommal a l\u00e1nyok dietetikusunk, Anett fantasztikus, eg\u00e9szs\u00e9ges receptjeib\u0151l k\u00e9sz\u00edtettek \u00edzel\u00edt\u0151t &#8211; Gabi muffinja \u00e9s Arika citromos csod\u00e1ja (mint a k\u00e9pen is l\u00e1that\u00f3) mindenkit levett a l\u00e1b\u00e1r\u00f3l. K\u00f6sz\u00f6nj\u00fck Anett! Nektek is k\u00f6sz\u00f6nj\u00fck a &hellip;<\/p>\n","protected":false},"author":101166,"featured_media":1699,"comment_status":"closed","ping_status":"closed","sticky":false,"template":"","format":"standard","meta":{"_acf_changed":false,"footnotes":""},"categories":[1],"tags":[8],"class_list":["post-1698","post","type-post","status-publish","format-standard","has-post-thumbnail","hentry","category-hirek","tag-pink-bolero-egyesulet"],"acf":[],"_links":{"self":[{"href":"https:\/\/semmelweis.hu\/onkologiai-kozpont\/wp-json\/wp\/v2\/posts\/1698","targetHints":{"allow":["GET"]}}],"collection":[{"href":"https:\/\/semmelweis.hu\/onkologiai-kozpont\/wp-json\/wp\/v2\/posts"}],"about":[{"href":"https:\/\/semmelweis.hu\/onkologiai-kozpont\/wp-json\/wp\/v2\/types\/post"}],"author":[{"embeddable":true,"href":"https:\/\/semmelweis.hu\/onkologiai-kozpont\/wp-json\/wp\/v2\/users\/101166"}],"replies":[{"embeddable":true,"href":"https:\/\/semmelweis.hu\/onkologiai-kozpont\/wp-json\/wp\/v2\/comments?post=1698"}],"version-history":[{"count":2,"href":"https:\/\/semmelweis.hu\/onkologiai-kozpont\/wp-json\/wp\/v2\/posts\/1698\/revisions"}],"predecessor-version":[{"id":1701,"href":"https:\/\/semmelweis.hu\/onkologiai-kozpont\/wp-json\/wp\/v2\/posts\/1698\/revisions\/1701"}],"wp:featuredmedia":[{"embeddable":true,"href":"https:\/\/semmelweis.hu\/onkologiai-kozpont\/wp-json\/wp\/v2\/media\/1699"}],"wp:attachment":[{"href":"https:\/\/semmelweis.hu\/onkologiai-kozpont\/wp-json\/wp\/v2\/media?parent=1698"}],"wp:term":[{"taxonomy":"category","embeddable":true,"href":"https:\/\/semmelweis.hu\/onkologiai-kozpont\/wp-json\/wp\/v2\/categories?post=1698"},{"taxonomy":"post_tag","embeddable":true,"href":"https:\/\/semmelweis.hu\/onkologiai-kozpont\/wp-json\/wp\/v2\/tags?post=1698"}],"curies":[{"name":"wp","href":"https:\/\/api.w.org\/{rel}","templated":true}]}}