{"id":1672,"date":"2017-04-28T07:46:04","date_gmt":"2017-04-28T05:46:04","guid":{"rendered":"http:\/\/semmelweis.hu\/onkologiai-kozpont\/?p=1672"},"modified":"2023-06-08T11:05:46","modified_gmt":"2023-06-08T09:05:46","slug":"vendegunk-dr-fulop-rita-radiologus-2017-04-24","status":"publish","type":"post","link":"https:\/\/semmelweis.hu\/onkologiai-kozpont\/2017\/04\/28\/vendegunk-dr-fulop-rita-radiologus-2017-04-24\/","title":{"rendered":"Vend\u00e9g\u00fcnk: Dr. F\u00fcl\u00f6p Rita radiol\u00f3gus &#8211; 2017.04.24."},"content":{"rendered":"<p style=\"text-align: justify\">A mai alkalommal Dr. F\u00fcl\u00f6p Rita radiol\u00f3gus volt vend\u00e9g\u00fcnk. Rendk\u00edv\u00fcl \u00e9rdekes volt megismerni a radiol\u00f3gus munk\u00e1j\u00e1t. A\u00a0doktorn\u0151 \u00e1ltal megismerhett\u00fck a mintav\u00e9tel \u00fatvonal\u00e1t eg\u00e9szen a lelet kiad\u00e1sig. Az is vil\u00e1goss\u00e1 v\u00e1lt sz\u00e1munkra, hogy mi\u00e9rt kell esetenk\u00e9nt p\u00e1r napig v\u00e1rni az eredm\u00e9nyre. Fontos, hogy tudjanak err\u0151l, hiszen ez is hozz\u00e1j\u00e1rul ahhoz, hogy t\u00fcrelmesek \u00e9s nyugodtak maradjanak, s hogy p\u00e9ld\u00e1ul ne gondoljanak ahhoz hasonl\u00f3kat, mint:\u00a0&#8222;az \u00e9n eredm\u00e9nyem m\u00e1r olyan, hogy el sem merik nekem mondani&#8221;. A szak\u00e9rt\u0151 rendk\u00edv\u00fcl hasznos dolgokat mondott el arr\u00f3l is, hogy mit kell, mit \u00e9rdemes, \u00e9s mit nem fontos tudnunk bizonyos folyamatokr\u00f3l &#8211; mert, mint oly sok esetben, n\u00e9ha itt is t\u00f6bb az a bizonyos &#8222;kevesebb&#8221;. Arra is f\u00e9ny der\u00fclt, hogy a k\u00e9palkot\u00f3 eszk\u00f6z\u00f6k miben k\u00fcl\u00f6nb\u00f6znek egym\u00e1st\u00f3l, a nap v\u00e9g\u00e9n pedig m\u00e9g relax\u00e1l\u00e1sra is maradt id\u0151nk. K\u00f6sz\u00f6nj\u00fck ezt a d\u00e9lut\u00e1nt F\u00fcl\u00f6p Rit\u00e1nak, az orvosnak \u00e9s a nagyszer\u0171 embernek, aki egyszerre n\u0151 \u00e9s anya, hihetetlen emp\u00e1ti\u00e1val.<\/p>\n<p><img loading=\"lazy\" decoding=\"async\" class=\"alignnone size-full wp-image-1673\" src=\"https:\/\/semmelweis.hu\/onkologiai-kozpont\/files\/2017\/04\/unnamed-7-COLLAGE.jpg\" alt=\"\" width=\"890\" height=\"890\" srcset=\"https:\/\/semmelweis.hu\/onkologiai-kozpont\/files\/2017\/04\/unnamed-7-COLLAGE.jpg 890w, https:\/\/semmelweis.hu\/onkologiai-kozpont\/files\/2017\/04\/unnamed-7-COLLAGE-150x150.jpg 150w, https:\/\/semmelweis.hu\/onkologiai-kozpont\/files\/2017\/04\/unnamed-7-COLLAGE-300x300.jpg 300w, https:\/\/semmelweis.hu\/onkologiai-kozpont\/files\/2017\/04\/unnamed-7-COLLAGE-768x768.jpg 768w, https:\/\/semmelweis.hu\/onkologiai-kozpont\/files\/2017\/04\/unnamed-7-COLLAGE-144x144.jpg 144w, https:\/\/semmelweis.hu\/onkologiai-kozpont\/files\/2017\/04\/unnamed-7-COLLAGE-90x90.jpg 90w\" sizes=\"auto, (max-width: 890px) 100vw, 890px\" \/><\/p>\n","protected":false},"excerpt":{"rendered":"<p>A mai alkalommal Dr. F\u00fcl\u00f6p Rita radiol\u00f3gus volt vend\u00e9g\u00fcnk. Rendk\u00edv\u00fcl \u00e9rdekes volt megismerni a radiol\u00f3gus munk\u00e1j\u00e1t. A\u00a0doktorn\u0151 \u00e1ltal megismerhett\u00fck a mintav\u00e9tel \u00fatvonal\u00e1t eg\u00e9szen a lelet kiad\u00e1sig. Az is vil\u00e1goss\u00e1 v\u00e1lt sz\u00e1munkra, hogy mi\u00e9rt kell esetenk\u00e9nt p\u00e1r napig v\u00e1rni az eredm\u00e9nyre. Fontos, hogy tudjanak err\u0151l, hiszen ez is hozz\u00e1j\u00e1rul ahhoz, hogy t\u00fcrelmesek \u00e9s nyugodtak maradjanak, s &hellip;<\/p>\n","protected":false},"author":101166,"featured_media":1671,"comment_status":"closed","ping_status":"closed","sticky":false,"template":"","format":"standard","meta":{"_acf_changed":false,"footnotes":""},"categories":[1],"tags":[8],"class_list":["post-1672","post","type-post","status-publish","format-standard","has-post-thumbnail","hentry","category-hirek","tag-pink-bolero-egyesulet"],"acf":[],"_links":{"self":[{"href":"https:\/\/semmelweis.hu\/onkologiai-kozpont\/wp-json\/wp\/v2\/posts\/1672","targetHints":{"allow":["GET"]}}],"collection":[{"href":"https:\/\/semmelweis.hu\/onkologiai-kozpont\/wp-json\/wp\/v2\/posts"}],"about":[{"href":"https:\/\/semmelweis.hu\/onkologiai-kozpont\/wp-json\/wp\/v2\/types\/post"}],"author":[{"embeddable":true,"href":"https:\/\/semmelweis.hu\/onkologiai-kozpont\/wp-json\/wp\/v2\/users\/101166"}],"replies":[{"embeddable":true,"href":"https:\/\/semmelweis.hu\/onkologiai-kozpont\/wp-json\/wp\/v2\/comments?post=1672"}],"version-history":[{"count":2,"href":"https:\/\/semmelweis.hu\/onkologiai-kozpont\/wp-json\/wp\/v2\/posts\/1672\/revisions"}],"predecessor-version":[{"id":1675,"href":"https:\/\/semmelweis.hu\/onkologiai-kozpont\/wp-json\/wp\/v2\/posts\/1672\/revisions\/1675"}],"wp:featuredmedia":[{"embeddable":true,"href":"https:\/\/semmelweis.hu\/onkologiai-kozpont\/wp-json\/wp\/v2\/media\/1671"}],"wp:attachment":[{"href":"https:\/\/semmelweis.hu\/onkologiai-kozpont\/wp-json\/wp\/v2\/media?parent=1672"}],"wp:term":[{"taxonomy":"category","embeddable":true,"href":"https:\/\/semmelweis.hu\/onkologiai-kozpont\/wp-json\/wp\/v2\/categories?post=1672"},{"taxonomy":"post_tag","embeddable":true,"href":"https:\/\/semmelweis.hu\/onkologiai-kozpont\/wp-json\/wp\/v2\/tags?post=1672"}],"curies":[{"name":"wp","href":"https:\/\/api.w.org\/{rel}","templated":true}]}}