{"id":1660,"date":"2017-04-05T14:35:11","date_gmt":"2017-04-05T12:35:11","guid":{"rendered":"http:\/\/semmelweis.hu\/onkologiai-kozpont\/?p=1660"},"modified":"2023-06-08T11:05:04","modified_gmt":"2023-06-08T09:05:04","slug":"a-kemorol-es-a-mellekhatasirol-2017-04-04","status":"publish","type":"post","link":"https:\/\/semmelweis.hu\/onkologiai-kozpont\/2017\/04\/05\/a-kemorol-es-a-mellekhatasirol-2017-04-04\/","title":{"rendered":"A kem\u00f3r\u00f3l \u00e9s a mell\u00e9khat\u00e1sir\u00f3l &#8211; 2017.04.04."},"content":{"rendered":"<p style=\"text-align: justify\">Ma k\u00e9t rendk\u00edv\u00fcl j\u00f3 el\u0151ad\u00e1st hallhattunk k\u00e9t kiv\u00e1l\u00f3 gy\u00f3gyszer\u00e9szt\u0151l, dr. \u00c9get\u0151 Eszter \u00e9s dr. Kleiner D\u00e9nes megh\u00edvott vend\u00e9geinkt\u0151l. Az el\u0151ad\u00f3k betekint\u00e9st adtak arr\u00f3l, hogy mik\u00e9nt m\u0171k\u00f6dik egy eg\u00e9szs\u00e9ges- \u00e9s egy daganat-sejt, mit tudunk arr\u00f3l, hogy melyek egy daganat-sejt &#8222;gyenge&#8221; pontjai, amelyeket a mai gy\u00f3gyszertudom\u00e1ny k\u00e9pes megtal\u00e1lni, valamint\u00a0m\u0171k\u00f6d\u00e9s-, adott esetben \u00e9letk\u00e9ptelenn\u00e9 tenni. Megismert\u00fck a gy\u00f3gyszerek hat\u00e1smechanizmus\u00e1t \u00e9s term\u00e9szetesen a velej\u00e1r\u00f3 mell\u00e9khat\u00e1sokat is. Ami az el\u0151ad\u00e1sok m\u00e1sik nagyszer\u0171s\u00e9ge volt, hogy azonnal megold\u00e1st kaphattunk a mell\u00e9khat\u00e1sok lek\u00fczd\u00e9s\u00e9re, \u00e1tv\u00e9szel\u00e9s\u00e9re. Nagyon k\u00f6sz\u00f6nj\u00fck a l\u00e1nyok nev\u00e9ben is!<\/p>\n<p style=\"text-align: justify\">Ma vend\u00e9geink voltak J\u00f3 Mariann (MAZS) \u00e9s amerikai bar\u00e1taink, akik saj\u00e1t haz\u00e1jukban ahhoz hasonl\u00f3 r\u00e1kellenes csoportokat vezetnek, illetve szerveznek, mint amilyen a Pink Bolero Egyes\u00fclet. Nekik is nagyon k\u00f6sz\u00f6nj\u00fck, hogy megl\u00e1togattak benn\u00fcnket!<\/p>\n<p style=\"text-align: justify\">Tov\u00e1bb\u00e1 Boldog H\u00fasv\u00e9ti \u00dcnnepeket k\u00edv\u00e1nunk! Merthogy ma m\u00e9g a nyuszi is megl\u00e1togatott minket.<\/p>\n<p style=\"text-align: justify\"><img loading=\"lazy\" decoding=\"async\" class=\"alignnone size-full wp-image-1663\" src=\"https:\/\/semmelweis.hu\/onkologiai-kozpont\/files\/2017\/04\/IMG_0880-COLLAGE.jpg\" alt=\"\" width=\"816\" height=\"816\" srcset=\"https:\/\/semmelweis.hu\/onkologiai-kozpont\/files\/2017\/04\/IMG_0880-COLLAGE.jpg 816w, https:\/\/semmelweis.hu\/onkologiai-kozpont\/files\/2017\/04\/IMG_0880-COLLAGE-150x150.jpg 150w, https:\/\/semmelweis.hu\/onkologiai-kozpont\/files\/2017\/04\/IMG_0880-COLLAGE-300x300.jpg 300w, https:\/\/semmelweis.hu\/onkologiai-kozpont\/files\/2017\/04\/IMG_0880-COLLAGE-768x768.jpg 768w, https:\/\/semmelweis.hu\/onkologiai-kozpont\/files\/2017\/04\/IMG_0880-COLLAGE-144x144.jpg 144w, https:\/\/semmelweis.hu\/onkologiai-kozpont\/files\/2017\/04\/IMG_0880-COLLAGE-90x90.jpg 90w\" sizes=\"auto, (max-width: 816px) 100vw, 816px\" \/><\/p>\n","protected":false},"excerpt":{"rendered":"<p>Ma k\u00e9t rendk\u00edv\u00fcl j\u00f3 el\u0151ad\u00e1st hallhattunk k\u00e9t kiv\u00e1l\u00f3 gy\u00f3gyszer\u00e9szt\u0151l, dr. \u00c9get\u0151 Eszter \u00e9s dr. Kleiner D\u00e9nes megh\u00edvott vend\u00e9geinkt\u0151l. Az el\u0151ad\u00f3k betekint\u00e9st adtak arr\u00f3l, hogy mik\u00e9nt m\u0171k\u00f6dik egy eg\u00e9szs\u00e9ges- \u00e9s egy daganat-sejt, mit tudunk arr\u00f3l, hogy melyek egy daganat-sejt &#8222;gyenge&#8221; pontjai, amelyeket a mai gy\u00f3gyszertudom\u00e1ny k\u00e9pes megtal\u00e1lni, valamint\u00a0m\u0171k\u00f6d\u00e9s-, adott esetben \u00e9letk\u00e9ptelenn\u00e9 tenni. Megismert\u00fck a gy\u00f3gyszerek hat\u00e1smechanizmus\u00e1t &hellip;<\/p>\n","protected":false},"author":101166,"featured_media":1663,"comment_status":"closed","ping_status":"closed","sticky":false,"template":"","format":"standard","meta":{"_acf_changed":false,"footnotes":""},"categories":[1],"tags":[8],"class_list":["post-1660","post","type-post","status-publish","format-standard","has-post-thumbnail","hentry","category-hirek","tag-pink-bolero-egyesulet"],"acf":[],"_links":{"self":[{"href":"https:\/\/semmelweis.hu\/onkologiai-kozpont\/wp-json\/wp\/v2\/posts\/1660","targetHints":{"allow":["GET"]}}],"collection":[{"href":"https:\/\/semmelweis.hu\/onkologiai-kozpont\/wp-json\/wp\/v2\/posts"}],"about":[{"href":"https:\/\/semmelweis.hu\/onkologiai-kozpont\/wp-json\/wp\/v2\/types\/post"}],"author":[{"embeddable":true,"href":"https:\/\/semmelweis.hu\/onkologiai-kozpont\/wp-json\/wp\/v2\/users\/101166"}],"replies":[{"embeddable":true,"href":"https:\/\/semmelweis.hu\/onkologiai-kozpont\/wp-json\/wp\/v2\/comments?post=1660"}],"version-history":[{"count":3,"href":"https:\/\/semmelweis.hu\/onkologiai-kozpont\/wp-json\/wp\/v2\/posts\/1660\/revisions"}],"predecessor-version":[{"id":1664,"href":"https:\/\/semmelweis.hu\/onkologiai-kozpont\/wp-json\/wp\/v2\/posts\/1660\/revisions\/1664"}],"wp:featuredmedia":[{"embeddable":true,"href":"https:\/\/semmelweis.hu\/onkologiai-kozpont\/wp-json\/wp\/v2\/media\/1663"}],"wp:attachment":[{"href":"https:\/\/semmelweis.hu\/onkologiai-kozpont\/wp-json\/wp\/v2\/media?parent=1660"}],"wp:term":[{"taxonomy":"category","embeddable":true,"href":"https:\/\/semmelweis.hu\/onkologiai-kozpont\/wp-json\/wp\/v2\/categories?post=1660"},{"taxonomy":"post_tag","embeddable":true,"href":"https:\/\/semmelweis.hu\/onkologiai-kozpont\/wp-json\/wp\/v2\/tags?post=1660"}],"curies":[{"name":"wp","href":"https:\/\/api.w.org\/{rel}","templated":true}]}}