{"id":1454,"date":"2017-02-20T12:31:14","date_gmt":"2017-02-20T11:31:14","guid":{"rendered":"http:\/\/semmelweis.hu\/onkologiai-kozpont\/?p=1454"},"modified":"2023-06-08T11:06:19","modified_gmt":"2023-06-08T09:06:19","slug":"amikor-az-onkologus-valaszol-2017-02-20","status":"publish","type":"post","link":"https:\/\/semmelweis.hu\/onkologiai-kozpont\/2017\/02\/20\/amikor-az-onkologus-valaszol-2017-02-20\/","title":{"rendered":"Amikor az onkol\u00f3gus v\u00e1laszol &#8211; 2017.02.20."},"content":{"rendered":"<p style=\"text-align: justify\">Mai vend\u00e9g\u00fcnk a m\u00e9lt\u00e1n k\u00f6zkedvelt Dr. Borb\u00e9nyi Erika klinikai onkol\u00f3gus, F\u0151orvos Asszony volt &#8211; term\u00e9szetess\u00e9ge, empatikus beteghez fordul\u00e1sa, valamennyi k\u00e9rdez\u0151nek kiel\u00e9g\u00edtette k\u00edv\u00e1ncsis\u00e1g\u00e1t. Annyira j\u00f3 \u00e9rz\u00e9s, hogy a sokszor f\u00e9lelemmel teli l\u00e1nyaink szinte teljesen meg\u00fajulva, a fesz\u00fclts\u00e9geket maguk m\u00f6g\u00f6tt hagyva, vid\u00e1man kacar\u00e1szra indulnak egy\u00fctt hazafel\u00e9. M\u00e9g \u00fatk\u00f6zben is megbesz\u00e9lnek egym\u00e1ssal ezt-azt, hogy tapasztalatokat cser\u00e9ljenek. J\u00f3 \u00e9rz\u00e9s az, hogy nem vagyunk egyed\u00fcl. Soha.<\/p>\n<p style=\"text-align: justify\"><img loading=\"lazy\" decoding=\"async\" class=\"alignnone size-full wp-image-1459\" src=\"https:\/\/semmelweis.hu\/onkologiai-kozpont\/files\/2017\/02\/cOLLAGE-02-20.jpg\" alt=\"\" width=\"688\" height=\"688\" srcset=\"https:\/\/semmelweis.hu\/onkologiai-kozpont\/files\/2017\/02\/cOLLAGE-02-20.jpg 688w, https:\/\/semmelweis.hu\/onkologiai-kozpont\/files\/2017\/02\/cOLLAGE-02-20-150x150.jpg 150w, https:\/\/semmelweis.hu\/onkologiai-kozpont\/files\/2017\/02\/cOLLAGE-02-20-300x300.jpg 300w, https:\/\/semmelweis.hu\/onkologiai-kozpont\/files\/2017\/02\/cOLLAGE-02-20-144x144.jpg 144w, https:\/\/semmelweis.hu\/onkologiai-kozpont\/files\/2017\/02\/cOLLAGE-02-20-90x90.jpg 90w\" sizes=\"auto, (max-width: 688px) 100vw, 688px\" \/><\/p>\n","protected":false},"excerpt":{"rendered":"<p>Mai vend\u00e9g\u00fcnk a m\u00e9lt\u00e1n k\u00f6zkedvelt Dr. Borb\u00e9nyi Erika klinikai onkol\u00f3gus, F\u0151orvos Asszony volt &#8211; term\u00e9szetess\u00e9ge, empatikus beteghez fordul\u00e1sa, valamennyi k\u00e9rdez\u0151nek kiel\u00e9g\u00edtette k\u00edv\u00e1ncsis\u00e1g\u00e1t. Annyira j\u00f3 \u00e9rz\u00e9s, hogy a sokszor f\u00e9lelemmel teli l\u00e1nyaink szinte teljesen meg\u00fajulva, a fesz\u00fclts\u00e9geket maguk m\u00f6g\u00f6tt hagyva, vid\u00e1man kacar\u00e1szra indulnak egy\u00fctt hazafel\u00e9. M\u00e9g \u00fatk\u00f6zben is megbesz\u00e9lnek egym\u00e1ssal ezt-azt, hogy tapasztalatokat cser\u00e9ljenek. J\u00f3 \u00e9rz\u00e9s &hellip;<\/p>\n","protected":false},"author":101166,"featured_media":1457,"comment_status":"closed","ping_status":"closed","sticky":false,"template":"","format":"standard","meta":{"_acf_changed":false,"footnotes":""},"categories":[1],"tags":[8],"class_list":["post-1454","post","type-post","status-publish","format-standard","has-post-thumbnail","hentry","category-hirek","tag-pink-bolero-egyesulet"],"acf":[],"_links":{"self":[{"href":"https:\/\/semmelweis.hu\/onkologiai-kozpont\/wp-json\/wp\/v2\/posts\/1454","targetHints":{"allow":["GET"]}}],"collection":[{"href":"https:\/\/semmelweis.hu\/onkologiai-kozpont\/wp-json\/wp\/v2\/posts"}],"about":[{"href":"https:\/\/semmelweis.hu\/onkologiai-kozpont\/wp-json\/wp\/v2\/types\/post"}],"author":[{"embeddable":true,"href":"https:\/\/semmelweis.hu\/onkologiai-kozpont\/wp-json\/wp\/v2\/users\/101166"}],"replies":[{"embeddable":true,"href":"https:\/\/semmelweis.hu\/onkologiai-kozpont\/wp-json\/wp\/v2\/comments?post=1454"}],"version-history":[{"count":4,"href":"https:\/\/semmelweis.hu\/onkologiai-kozpont\/wp-json\/wp\/v2\/posts\/1454\/revisions"}],"predecessor-version":[{"id":1460,"href":"https:\/\/semmelweis.hu\/onkologiai-kozpont\/wp-json\/wp\/v2\/posts\/1454\/revisions\/1460"}],"wp:featuredmedia":[{"embeddable":true,"href":"https:\/\/semmelweis.hu\/onkologiai-kozpont\/wp-json\/wp\/v2\/media\/1457"}],"wp:attachment":[{"href":"https:\/\/semmelweis.hu\/onkologiai-kozpont\/wp-json\/wp\/v2\/media?parent=1454"}],"wp:term":[{"taxonomy":"category","embeddable":true,"href":"https:\/\/semmelweis.hu\/onkologiai-kozpont\/wp-json\/wp\/v2\/categories?post=1454"},{"taxonomy":"post_tag","embeddable":true,"href":"https:\/\/semmelweis.hu\/onkologiai-kozpont\/wp-json\/wp\/v2\/tags?post=1454"}],"curies":[{"name":"wp","href":"https:\/\/api.w.org\/{rel}","templated":true}]}}