{"id":1046,"date":"2016-12-21T14:09:03","date_gmt":"2016-12-21T13:09:03","guid":{"rendered":"http:\/\/semmelweis.hu\/onkologiai-kozpont\/?p=1046"},"modified":"2023-06-08T10:53:33","modified_gmt":"2023-06-08T08:53:33","slug":"az-onallosulas-unnepe","status":"publish","type":"post","link":"https:\/\/semmelweis.hu\/onkologiai-kozpont\/2016\/12\/21\/az-onallosulas-unnepe\/","title":{"rendered":"Az \u00f6n\u00e1ll\u00f3sul\u00e1s \u00fcnnepe"},"content":{"rendered":"<p style=\"text-align: justify\"><strong><em><img loading=\"lazy\" decoding=\"async\" class=\"size-medium wp-image-1049 alignright\" src=\"https:\/\/semmelweis.hu\/onkologiai-kozpont\/files\/2016\/12\/feny\u0151fa-2015-300x188.jpg\" alt=\"\" width=\"300\" height=\"188\" srcset=\"https:\/\/semmelweis.hu\/onkologiai-kozpont\/files\/2016\/12\/feny\u0151fa-2015-300x188.jpg 300w, https:\/\/semmelweis.hu\/onkologiai-kozpont\/files\/2016\/12\/feny\u0151fa-2015-479x300.jpg 479w, https:\/\/semmelweis.hu\/onkologiai-kozpont\/files\/2016\/12\/feny\u0151fa-2015.jpg 700w\" sizes=\"auto, (max-width: 300px) 100vw, 300px\" \/>Hagyom\u00e1nyteremt\u0151 \u00fcnnepi vacsora a Semmelweis Egyetem Onkol\u00f3giai K\u00f6zpontj\u00e1nak k\u00f6r\u00e9ben<\/em><\/strong><\/p>\n<p style=\"text-align: justify\">2016. december 9-\u00e9n a Semmelweis Egyetem Onkol\u00f3gia K\u00f6zpontja hagyom\u00e1ny- teremt\u0151 \u00fcnnepi vacsor\u00e1t tartott a Kar\u00e1csonyra val\u00f3 r\u00e1hangol\u00f3d\u00e1s jegy\u00e9ben. \u00d6n\u00e1ll\u00f3 int\u00e9zm\u00e9nyi egys\u00e9gk\u00e9nt, a Belgy\u00f3gy\u00e1szati Klinik\u00e1t\u00f3l f\u00fcggetlen\u00fcl el\u0151sz\u00f6r ker\u00fclt sor ilyen jelleg\u0171 esem\u00e9nyre, melyen t\u00f6bb mint 50 alkalmazott gy\u0171lt \u00f6ssze. A vacsor\u00e1t Dank Magdolna Igazgat\u00f3 Asszony nyitotta meg \u00e9v\u00e9rt\u00e9kel\u0151 besz\u00e9dj\u00e9vel, melyben eml\u00edt\u00e9st tett az \u00f6n\u00e1ll\u00f3 int\u00e9zm\u00e9nyi l\u00e9t kih\u00edv\u00e1sair\u00f3l \u00e9s el\u0151nyeir\u0151l, a k\u00f3rh\u00e1zi munka tapasztalatair\u00f3l \u00e9s hat\u00e9konys\u00e1g\u00e1r\u00f3l, a hivat\u00e1studat fontoss\u00e1g\u00e1r\u00f3l, az int\u00e9zm\u00e9nyi egys\u00e9gben zajl\u00f3 kutat\u00e1sok gyakorlati relevanci\u00e1j\u00e1r\u00f3l, az innov\u00e1ci\u00f3s sz\u00e1nd\u00e9kokr\u00f3l.\u00a0Tov\u00e1bb\u00e1 olyan fejlem\u00e9nyekr\u0151l sz\u00e1molt be, mint a szem\u00e9lyi \u00e1llom\u00e1ny b\u0151v\u00edt\u00e9se, az int\u00e9zm\u00e9ny betegkomfort- \u00e9s dolgoz\u00f3i \u00e9letsz\u00ednvonal-n\u00f6vel\u0151 t\u00f6rekv\u00e9se, illetve a csoporttudatnak az int\u00e9zm\u00e9nyi egys\u00e9g hat\u00e9kony munk\u00e1j\u00e1ban bet\u00f6lt\u00f6tt jelent\u0151s\u00e9ge is kihangs\u00falyoz\u00e1sra ker\u00fclt.<\/p>\n<p style=\"text-align: justify\">A besz\u00e9det k\u00f6vet\u0151en sor ker\u00fclt az elmaradhatatlan mikul\u00e1snapi aj\u00e1nd\u00e9kok kioszt\u00e1s\u00e1ra a kiskor\u00fa gyermekkel rendelkez\u0151 k\u00f3rh\u00e1zi dolgoz\u00f3k r\u00e9sz\u00e9re. Ezut\u00e1n megkezd\u0151dhetett a vacsora, a vend\u00e9gek egy, kor\u00e1bban megszavazott men\u00fc t\u00f6bbf\u00e9le el\u0151- \u00e9s f\u0151\u00e9tel\u00e9b\u0151l, valamint desszertj\u00e9b\u0151l v\u00e1laszthattak maguknak \u00fcnnepi fog\u00e1st. A nagy megel\u00e9ged\u00e9ssel nyugt\u00e1zott lakoma szakmai \u00edzekt\u0151l sem mentes besz\u00e9lget\u00e9sek k\u00f6zepette telt, melynek sor\u00e1n az \u00faj \u00e9s a r\u00e9gi alkalmazottak k\u00f6zelebbr\u0151l is megismerhett\u00e9k egym\u00e1st, hiszen a mindennapi munkav\u00e9gz\u00e9s forgatag\u00e1ban erre kev\u00e9sb\u00e9 adott a lehet\u0151s\u00e9g. A vacsor\u00e1t k\u00f6vet\u0151en a koll\u00e9g\u00e1k java hazat\u00e1vozott, \u00e1m a fiatals\u00e1g nagy r\u00e9sze \u2013 \u00f6nszervez\u0151d\u0151 alapon \u2013 party-hangulatt\u00f3l \u00e1titatva beles\u00e9t\u00e1lt az \u00e9jszakai \u00e9letbe.<\/p>\n<p style=\"text-align: justify\">A Semmelweis Egyetem Onkol\u00f3giai K\u00f6zpont \u00f6n\u00e1ll\u00f3 int\u00e9zm\u00e9nyi egys\u00e9gk\u00e9nt most el\u0151sz\u00f6r tartott \u00fcnnepi vacsor\u00e1t, amely ezut\u00e1n is megrendez\u00e9sre ker\u00fcl minden \u00e9vben, ily m\u00f3don adva hangs\u00falyt a szakmai \u00f6sszetart\u00e1s \u00e9s \u00f6sszetartoz\u00e1s fontoss\u00e1g\u00e1nak, valamint \u00edgy juttatva kifejez\u00e9sre az int\u00e9zm\u00e9nyi \u00e9let ceremoni\u00e1lis aspektusainak csoportkoh\u00e9zi\u00f3s szempont\u00fa jelent\u0151s\u00e9g\u00e9t. Az Onkol\u00f3giai K\u00f6zpont idei \u00e9ve tapasztalatokban \u00e9s fejleszt\u00e9sekben gazdagon telt el, felk\u00e9sz\u00fclve egy \u00fajabb \u00e9v megpr\u00f3b\u00e1ltat\u00e1saira \u00e9s innov\u00e1ci\u00f3ira.<\/p>\n<p style=\"text-align: justify\"><a href=\"https:\/\/semmelweis.hu\/onkologiai-kozpont\/files\/2016\/12\/20161209_OK_Karacsony.jpg\"><img loading=\"lazy\" decoding=\"async\" class=\"wp-image-1079 size-large alignnone\" src=\"https:\/\/semmelweis.hu\/onkologiai-kozpont\/files\/2016\/12\/20161209_OK_Karacsony-1024x739.jpg\" width=\"940\" height=\"678\" srcset=\"https:\/\/semmelweis.hu\/onkologiai-kozpont\/files\/2016\/12\/20161209_OK_Karacsony-1024x739.jpg 1024w, https:\/\/semmelweis.hu\/onkologiai-kozpont\/files\/2016\/12\/20161209_OK_Karacsony-300x217.jpg 300w, https:\/\/semmelweis.hu\/onkologiai-kozpont\/files\/2016\/12\/20161209_OK_Karacsony-768x555.jpg 768w, https:\/\/semmelweis.hu\/onkologiai-kozpont\/files\/2016\/12\/20161209_OK_Karacsony-415x300.jpg 415w\" sizes=\"auto, (max-width: 940px) 100vw, 940px\" \/><\/a><\/p>\n","protected":false},"excerpt":{"rendered":"<p>Hagyom\u00e1nyteremt\u0151 \u00fcnnepi vacsora a Semmelweis Egyetem Onkol\u00f3giai K\u00f6zpontj\u00e1nak k\u00f6r\u00e9ben 2016. december 9-\u00e9n a Semmelweis Egyetem Onkol\u00f3gia K\u00f6zpontja hagyom\u00e1ny- teremt\u0151 \u00fcnnepi vacsor\u00e1t tartott a Kar\u00e1csonyra val\u00f3 r\u00e1hangol\u00f3d\u00e1s jegy\u00e9ben. \u00d6n\u00e1ll\u00f3 int\u00e9zm\u00e9nyi egys\u00e9gk\u00e9nt, a Belgy\u00f3gy\u00e1szati Klinik\u00e1t\u00f3l f\u00fcggetlen\u00fcl el\u0151sz\u00f6r ker\u00fclt sor ilyen jelleg\u0171 esem\u00e9nyre, melyen t\u00f6bb mint 50 alkalmazott gy\u0171lt \u00f6ssze. A vacsor\u00e1t Dank Magdolna Igazgat\u00f3 Asszony nyitotta meg &hellip;<\/p>\n","protected":false},"author":101166,"featured_media":1049,"comment_status":"closed","ping_status":"closed","sticky":false,"template":"","format":"standard","meta":{"_acf_changed":false,"footnotes":""},"categories":[1],"tags":[],"class_list":["post-1046","post","type-post","status-publish","format-standard","has-post-thumbnail","hentry","category-hirek"],"acf":[],"_links":{"self":[{"href":"https:\/\/semmelweis.hu\/onkologiai-kozpont\/wp-json\/wp\/v2\/posts\/1046","targetHints":{"allow":["GET"]}}],"collection":[{"href":"https:\/\/semmelweis.hu\/onkologiai-kozpont\/wp-json\/wp\/v2\/posts"}],"about":[{"href":"https:\/\/semmelweis.hu\/onkologiai-kozpont\/wp-json\/wp\/v2\/types\/post"}],"author":[{"embeddable":true,"href":"https:\/\/semmelweis.hu\/onkologiai-kozpont\/wp-json\/wp\/v2\/users\/101166"}],"replies":[{"embeddable":true,"href":"https:\/\/semmelweis.hu\/onkologiai-kozpont\/wp-json\/wp\/v2\/comments?post=1046"}],"version-history":[{"count":7,"href":"https:\/\/semmelweis.hu\/onkologiai-kozpont\/wp-json\/wp\/v2\/posts\/1046\/revisions"}],"predecessor-version":[{"id":1081,"href":"https:\/\/semmelweis.hu\/onkologiai-kozpont\/wp-json\/wp\/v2\/posts\/1046\/revisions\/1081"}],"wp:featuredmedia":[{"embeddable":true,"href":"https:\/\/semmelweis.hu\/onkologiai-kozpont\/wp-json\/wp\/v2\/media\/1049"}],"wp:attachment":[{"href":"https:\/\/semmelweis.hu\/onkologiai-kozpont\/wp-json\/wp\/v2\/media?parent=1046"}],"wp:term":[{"taxonomy":"category","embeddable":true,"href":"https:\/\/semmelweis.hu\/onkologiai-kozpont\/wp-json\/wp\/v2\/categories?post=1046"},{"taxonomy":"post_tag","embeddable":true,"href":"https:\/\/semmelweis.hu\/onkologiai-kozpont\/wp-json\/wp\/v2\/tags?post=1046"}],"curies":[{"name":"wp","href":"https:\/\/api.w.org\/{rel}","templated":true}]}}