{"id":6575,"date":"2026-08-31T10:56:35","date_gmt":"2026-08-31T08:56:35","guid":{"rendered":"https:\/\/semmelweis.hu\/oktatasmodszertan\/?p=6575"},"modified":"2026-08-31T10:59:17","modified_gmt":"2026-08-31T08:59:17","slug":"megujult-a-semmelweis-egyetem-qr-feedback-rendszere","status":"publish","type":"post","link":"https:\/\/semmelweis.hu\/oktatasmodszertan\/2026\/08\/31\/megujult-a-semmelweis-egyetem-qr-feedback-rendszere\/","title":{"rendered":"Meg\u00fajult a Semmelweis Egyetem QR-feedback rendszere"},"content":{"rendered":"<p><strong>Az \u00faj\u00edt\u00e1sokkal egy korszer\u0171bb, \u00e1tl\u00e1that\u00f3bb \u00e9s a mindennapi oktat\u00e1sszervez\u00e9shez jobban illeszked\u0151 rendszer \u00e1ll rendelkez\u00e9s\u00fcnkre. Az \u00faj verzi\u00f3 egyszer\u0171bb\u00e9 teszi a visszajelz\u00e9sek begy\u0171jt\u00e9s\u00e9t, az eredm\u00e9nyek \u00e1ttekint\u00e9s\u00e9t \u00e9s azok tov\u00e1bbi felhaszn\u00e1l\u00e1s\u00e1t, mik\u00f6zben a hallgat\u00f3i v\u00e9lem\u00e9nyek anonim m\u00f3don ker\u00fclnek feldolgoz\u00e1sra.<\/strong><\/p>\n<p><a class=\"button\" href=\"https:\/\/feedback.semmelweis.hu\">Bel\u00e9p\u00e9s a rendszerbe<\/a><\/p>\n<h6>Mi v\u00e1ltozott a 3.0-s verzi\u00f3ban?<\/h6>\n<p>Az oktat\u00f3i fel\u00fclet k\u00f6zponti eleme imm\u00e1r a <strong>Tant\u00e1rgyaim\u00a0<\/strong>men\u00fcpont, ahol az oktat\u00f3k egy helyen kezelhetik \u00f3r\u00e1ikat \u00e9s a hozz\u00e1juk tartoz\u00f3 QR-k\u00f3dokat. Az \u00f3r\u00e1k napt\u00e1r- \u00e9s lista n\u00e9zetben is \u00e1ttekinthet\u0151k, a rendszer pedig lehet\u0151s\u00e9get biztos\u00edt sz\u0171r\u00e9sre tant\u00e1rgy, szemeszter, d\u00e1tumtartom\u00e1ny \u00e9s k\u00e9rd\u0151\u00edvt\u00edpus szerint. Az \u00faj \u00f3ra felv\u00e9tel\u00e9t l\u00e9p\u00e9sr\u0151l l\u00e9p\u00e9sre vezet\u0151 var\u00e1zsl\u00f3 seg\u00edti, \u00e9s egy teljes szemeszterre vonatkoz\u00f3 sorozat is l\u00e9trehozhat\u00f3 egyetlen m\u0171velettel.<\/p>\n<p>Kiemelend\u0151 az is, hogy a rendszerben az oktat\u00f3k az int\u00e9zm\u00e9nyi gyakorlatnak megfelel\u0151en <strong>saj\u00e1t k\u00e9rd\u00e9sekkel is kieg\u00e9sz\u00edthetik<\/strong>\u00a0a hivatalos k\u00e9rd\u00e9ssort. Az \u00edgy gy\u0171jt\u00f6tt visszajelz\u00e9sek a hivatalos \u00e9rt\u00e9kel\u00e9sekt\u0151l elk\u00fcl\u00f6n\u00edtve jelennek meg, tov\u00e1bbi lehet\u0151s\u00e9get adva az adott kurzus vagy oktat\u00e1si alkalom c\u00e9lzott \u00e9rt\u00e9kel\u00e9s\u00e9re.<\/p>\n<p>Az elk\u00e9sz\u00fclt \u00e9rt\u00e9kel\u00e9sek <strong>publik\u00e1lhat\u00f3k,<\/strong> \u00edgy a \u201eNyilv\u00e1nos \u00e9rt\u00e9kel\u00e9sek\u201d fel\u00fcleten m\u00e1sok eredm\u00e9nyei is b\u00f6ng\u00e9szhet\u0151k \u00e9s kereshet\u0151k.<\/p>\n<p>A QR-k\u00f3dok \u00e9rv\u00e9nyess\u00e9gi ideje testreszabhat\u00f3.<\/p>\n<p>A visszajelz\u00e9sek feldolgoz\u00e1sa is jelent\u0151sen \u00e1tl\u00e1that\u00f3bb\u00e1 v\u00e1lt. Az eredm\u00e9nyoldalon megjelenik a kit\u00f6lt\u0151k sz\u00e1ma, az el\u00e9gedetts\u00e9gi mutat\u00f3, a k\u00e9rd\u00e9senk\u00e9nti \u00e1tlag, valamint a sz\u00f6veges v\u00e9lem\u00e9nyek. Az eredm\u00e9nyek t\u00f6bb tant\u00e1rgyk\u00f3d eset\u00e9n k\u00f3donk\u00e9nt is sz\u0171rhet\u0151k, a rendszer pedig trimmelt \u00e1tlagot is sz\u00e1mol az esetleges sz\u00e9ls\u0151\u00e9rt\u00e9kek hat\u00e1s\u00e1nak m\u00e9rs\u00e9kl\u00e9s\u00e9re.<\/p>\n<p>A rendszer haszn\u00e1lat\u00e1t men\u00fcpontonk\u00e9nt r\u00f6vid, elrejthet\u0151 <strong>guide-ok<\/strong> seg\u00edtik. \u00c9s folyamatban van a S\u00fag\u00f3 \u00e9s T\u00e1mogat\u00e1s oldal is, melyen ak\u00e1r c\u00edmszavas keres\u00e9s is lehets\u00e9ges.<\/p>\n<p>A <strong>Profil<\/strong> modulban a kapcsolati adatok \u00e9s a megjelen\u00e9s kezelhet\u0151, a szabadid\u0151s funkci\u00f3kat pedig olyan j\u00e1t\u00e9kok eg\u00e9sz\u00edtik ki, mint a Sudoku, a Shikaku \u00e9s a Mem\u00f3ria.<\/p>\n<p>A m\u00e1r m\u0171k\u00f6d\u0151, de jelenleg is <strong>fejleszt\u00e9s alatt \u00e1ll\u00f3 modulok<\/strong> k\u00f6z\u00f6tt szerepel a Jelenl\u00e9t modul, a saj\u00e1t szavaz\u00e1sok, kv\u00edzek \u00e9s k\u00e9rd\u0151\u00edvek l\u00e9trehoz\u00e1s\u00e1t \u00e9s elemz\u00e9s\u00e9t t\u00e1mogat\u00f3 <strong>Forms modul,<\/strong> valamint az \u00e9l\u0151 k\u00e9rd\u00e9sfalak ind\u00edt\u00e1s\u00e1t \u00e9s moder\u00e1l\u00e1s\u00e1t lehet\u0151v\u00e9 tev\u0151 <strong>QA modul.<\/strong><\/p>\n<p>A vezet\u0151i \u00e9s int\u00e9zeti munk\u00e1t k\u00fcl\u00f6n\u00f6sen seg\u00edthetik az <strong>\u00f6sszes\u00edt\u0151 \u00e9s gyorsjelent\u00e9si funkci\u00f3k.<\/strong> Az oktat\u00f3i fel\u00fcleten a napi, heti, havi \u00e9s teljes szemeszterre vonatkoz\u00f3 \u00f6sszes\u00edt\u00e9sek n\u00e9h\u00e1ny kattint\u00e1ssal el\u0151\u00e1ll\u00edthat\u00f3k, az adatok pedig PDF \u00e9s Excel form\u00e1tumban is let\u00f6lthet\u0151k. Ez lehet\u0151s\u00e9get teremt arra, hogy ne kiz\u00e1r\u00f3lag egy-egy oktat\u00e1si alkalom eredm\u00e9nyeit, hanem hosszabb id\u0151szakok visszajelz\u00e9seinek alakul\u00e1s\u00e1t is \u00e1ttekints\u00fck.<\/p>\n<p>&nbsp;<\/p>\n<h6>\u00daj lehet\u0151s\u00e9gek az int\u00e9zeti adminisztr\u00e1ci\u00f3ban<\/h6>\n<p>A 3.0-s rendszer egyik fontos eleme a <strong>tant\u00e1rgyi adminisztr\u00e1tori szerepk\u00f6r.<\/strong> A kijel\u00f6lt adminisztr\u00e1tor az int\u00e9zet oktat\u00f3i nev\u00e9ben fel tudja venni az \u00f3r\u00e1kat, l\u00e9tre tudja hozni a hozz\u00e1juk tartoz\u00f3 QR-k\u00f3dokat, majd a k\u00e9sz k\u00f3dot k\u00f6zvetlen\u00fcl el is juttathatja az oktat\u00f3hoz. Az \u00edgy l\u00e9trehozott \u00f3ra tov\u00e1bbra is az adott oktat\u00f3hoz tartozik, az eredm\u00e9nyek is n\u00e1la jelennek meg.<\/p>\n<p>Az adminisztr\u00e1tori fel\u00fcleten k\u00fcl\u00f6n <strong>\u00d3rarend<\/strong>\u00a0\u00e9s <strong>Oktat\u00f3im<\/strong>\u00a0n\u00e9zet seg\u00edti az int\u00e9zeti szint\u0171 szervez\u00e9st. Lehet\u0151s\u00e9g van t\u00f6bbek k\u00f6z\u00f6tt \u00f3r\u00e1k felv\u00e9tel\u00e9re, az oktat\u00f3 szem\u00e9ly\u00e9nek m\u00f3dos\u00edt\u00e1s\u00e1ra, illetve helyettes\u00edt\u00e9s kezel\u00e9s\u00e9re is. Egy heti sorozat eset\u00e9ben a helyettes\u00edt\u00e9s csak az \u00e9rintett alkalmat m\u00f3dos\u00edtja, a sorozat t\u00f6bbi \u00f3r\u00e1ja v\u00e1ltozatlan marad.<\/p>\n<p>A rendszer a QR-k\u00f3d \u00e9rv\u00e9nyess\u00e9g\u00e9nek kezel\u00e9s\u00e9t is rugalmasabb\u00e1 teszi. Az \u00e9rv\u00e9nyess\u00e9g \u00f3r\u00e1nk\u00e9nt m\u00f3dos\u00edthat\u00f3, ugyanakkor a rendszer v\u00e9di az \u00e9rt\u00e9kel\u00e9si folyamat s\u00e9rtetlens\u00e9g\u00e9t: a m\u00e1r megkezdett, v\u00e1laszokat tartalmaz\u00f3 \u00e9rt\u00e9kel\u00e9s eset\u00e9ben bizonyos adatok m\u00f3dos\u00edt\u00e1sa m\u00e1r nem lehets\u00e9ges.<\/p>\n<p>A rendszer haszn\u00e1lat\u00e1r\u00f3l sz\u00f3l\u00f3 <strong>r\u00e9szletes <a href=\"https:\/\/semmelweis.hu\/oktatasmodszertan\/files\/2026\/08\/oktatoiutmutato_feedback.pdf\" target=\"_blank\" rel=\"noopener\">\u00fatmutat\u00f3<\/a><\/strong> let\u00f6lthet\u0151 err\u0151l a linkr\u0151l.<\/p>\n<p>&nbsp;<\/p>\n<h6>A hallgat\u00f3i oldal is egyszer\u0171bb\u00e9 v\u00e1lt<\/h6>\n<p>A hallgat\u00f3k sz\u00e1m\u00e1ra a folyamat tov\u00e1bbra is n\u00e9h\u00e1ny egyszer\u0171 l\u00e9p\u00e9sb\u0151l \u00e1ll: a QR-k\u00f3d beolvas\u00e1sa ut\u00e1n sz\u00fcks\u00e9g eset\u00e9n SEKA-bel\u00e9p\u00e9s t\u00f6rt\u00e9nik, majd kit\u00f6lthet\u0151 a megfelel\u0151 k\u00e9rd\u0151\u00edv. T\u00f6bb tant\u00e1rgyk\u00f3dhoz tartoz\u00f3 k\u00f6z\u00f6s \u00f3ra eset\u00e9n a hallgat\u00f3 kiv\u00e1laszthatja a saj\u00e1t tant\u00e1rgy\u00e1t, a kit\u00f6lt\u0151fel\u00fclet pedig magyar, angol \u00e9s n\u00e9met nyelven is haszn\u00e1lhat\u00f3 anonim m\u00f3don.<\/p>\n<p>&nbsp;<\/p>\n<h6>T\u00e1j\u00e9koztat\u00f3 alkalom<\/h6>\n<p>Szeretn\u00e9nk megh\u00edvni az \u00e9rdekl\u0151d\u0151 munkat\u00e1rsakat a Feedback 3.0 rendszerr\u0151l sz\u00f3l\u00f3 t\u00e1j\u00e9koztat\u00f3 alkalmunkra, melyre szeptember 1-j\u00e9n 10:00 \u00f3rakor ker\u00fcl sor online az al\u00e1bbi Zoom-linken:<\/p>\n<p><a href=\"https:\/\/semmelweis.zoom.us\/j\/92456751507\" target=\"_blank\" rel=\"noopener\">https:\/\/semmelweis.zoom.us\/j\/92456751507<\/a><\/p>\n<p>A t\u00e1j\u00e9koztat\u00f3n r\u00e9szletesen bemutatjuk a rendszer funkci\u00f3it, m\u0171k\u00f6d\u00e9s\u00e9t, valamint lehet\u0151s\u00e9g ny\u00edlik a felmer\u00fclt k\u00e9rd\u00e9sek megv\u00e1laszol\u00e1s\u00e1ra.<\/p>\n<p>&nbsp;<\/p>\n<h6>K\u00e9rj\u00fck az int\u00e9zeti egy\u00fcttm\u0171k\u00f6d\u00e9st<\/h6>\n<p>A 3.0-s verzi\u00f3val nem csup\u00e1n egy \u00fajabb informatikai rendszerfriss\u00edt\u00e9s \u00e9rkezett. Egy olyan eszk\u00f6z v\u00e1lt el\u00e9rhet\u0151v\u00e9, amelynek c\u00e9lja, hogy a hallgat\u00f3i visszajelz\u00e9s \u00fatja a QR-k\u00f3d beolvas\u00e1s\u00e1t\u00f3l az eredm\u00e9nyek \u00e9rtelmez\u00e9s\u00e9ig \u00e9s az azokb\u00f3l k\u00f6vetkez\u0151 int\u00e9zked\u00e9sekig egyetlen, \u00e1tl\u00e1that\u00f3 rendszerben legyen k\u00f6vethet\u0151. Az \u00f6sszes\u00edtett eredm\u00e9nyekb\u0151l kari \u00e9s int\u00e9zeti \u00e9rt\u00e9kel\u00e9sek, illetve int\u00e9zked\u00e9si tervek is k\u00e9sz\u00fclhetnek, \u00edgy a visszajelz\u00e9s val\u00f3di \u00e9rt\u00e9ke v\u00e9gs\u0151 soron abban m\u00e9rhet\u0151, hogy k\u00e9pes-e hozz\u00e1j\u00e1rulni az oktat\u00e1s min\u0151s\u00e9g\u00e9nek folyamatos jav\u00edt\u00e1s\u00e1hoz.<\/p>\n<p><strong>B\u00edzunk benne, hogy az \u00faj rendszer a Semmelweis Egyetem oktat\u00e1si kult\u00far\u00e1j\u00e1nak tov\u00e1bbi er\u0151s\u00edt\u00e9s\u00e9t szolg\u00e1lja, \u00e9s a hallgat\u00f3i v\u00e9lem\u00e9nyeket nem lez\u00e1r\u00e1sk\u00e9nt, hanem a fejl\u0151d\u00e9s egyik legfontosabb kiindul\u00f3pontjak\u00e9nt tudjuk haszn\u00e1lni.<\/strong><\/p>\n","protected":false},"excerpt":{"rendered":"<p>Az \u00faj\u00edt\u00e1sokkal egy korszer\u0171bb, \u00e1tl\u00e1that\u00f3bb \u00e9s a mindennapi oktat\u00e1sszervez\u00e9shez jobban illeszked\u0151 rendszer \u00e1ll rendelkez\u00e9s\u00fcnkre. Az \u00faj verzi\u00f3 egyszer\u0171bb\u00e9 teszi a visszajelz\u00e9sek begy\u0171jt\u00e9s\u00e9t, az eredm\u00e9nyek \u00e1ttekint\u00e9s\u00e9t \u00e9s azok tov\u00e1bbi felhaszn\u00e1l\u00e1s\u00e1t, mik\u00f6zben a hallgat\u00f3i v\u00e9lem\u00e9nyek anonim m\u00f3don ker\u00fclnek feldolgoz\u00e1sra. <a class=\"button\" href=\"https:\/\/feedback.semmelweis.hu\">Bel\u00e9p\u00e9s a rendszerbe<\/a> Mi v\u00e1ltozott a 3.0-s verzi\u00f3ban? Az oktat\u00f3i fel\u00fclet k\u00f6zponti eleme imm\u00e1r a Tant\u00e1rgyaim\u00a0men\u00fcpont, ahol az oktat\u00f3k egy helyen &hellip;<\/p>\n","protected":false},"author":101470,"featured_media":3048,"comment_status":"closed","ping_status":"closed","sticky":false,"template":"","format":"standard","meta":{"_acf_changed":false,"footnotes":""},"categories":[1],"tags":[],"class_list":["post-6575","post","type-post","status-publish","format-standard","has-post-thumbnail","hentry","category-hirek"],"acf":[],"_links":{"self":[{"href":"https:\/\/semmelweis.hu\/oktatasmodszertan\/wp-json\/wp\/v2\/posts\/6575","targetHints":{"allow":["GET"]}}],"collection":[{"href":"https:\/\/semmelweis.hu\/oktatasmodszertan\/wp-json\/wp\/v2\/posts"}],"about":[{"href":"https:\/\/semmelweis.hu\/oktatasmodszertan\/wp-json\/wp\/v2\/types\/post"}],"author":[{"embeddable":true,"href":"https:\/\/semmelweis.hu\/oktatasmodszertan\/wp-json\/wp\/v2\/users\/101470"}],"replies":[{"embeddable":true,"href":"https:\/\/semmelweis.hu\/oktatasmodszertan\/wp-json\/wp\/v2\/comments?post=6575"}],"version-history":[{"count":5,"href":"https:\/\/semmelweis.hu\/oktatasmodszertan\/wp-json\/wp\/v2\/posts\/6575\/revisions"}],"predecessor-version":[{"id":6582,"href":"https:\/\/semmelweis.hu\/oktatasmodszertan\/wp-json\/wp\/v2\/posts\/6575\/revisions\/6582"}],"wp:featuredmedia":[{"embeddable":true,"href":"https:\/\/semmelweis.hu\/oktatasmodszertan\/wp-json\/wp\/v2\/media\/3048"}],"wp:attachment":[{"href":"https:\/\/semmelweis.hu\/oktatasmodszertan\/wp-json\/wp\/v2\/media?parent=6575"}],"wp:term":[{"taxonomy":"category","embeddable":true,"href":"https:\/\/semmelweis.hu\/oktatasmodszertan\/wp-json\/wp\/v2\/categories?post=6575"},{"taxonomy":"post_tag","embeddable":true,"href":"https:\/\/semmelweis.hu\/oktatasmodszertan\/wp-json\/wp\/v2\/tags?post=6575"}],"curies":[{"name":"wp","href":"https:\/\/api.w.org\/{rel}","templated":true}]}}