{"id":1496,"date":"2020-03-16T12:07:34","date_gmt":"2020-03-16T11:07:34","guid":{"rendered":"http:\/\/semmelweis.hu\/oktatasmodszertan\/?p=1496"},"modified":"2020-03-19T08:21:29","modified_gmt":"2020-03-19T07:21:29","slug":"tudnivalok-a-seka-azonositorol","status":"publish","type":"post","link":"https:\/\/semmelweis.hu\/oktatasmodszertan\/2020\/03\/16\/tudnivalok-a-seka-azonositorol\/","title":{"rendered":"Tudnival\u00f3k a SeKA-azonos\u00edt\u00f3r\u00f3l"},"content":{"rendered":"<p><strong>A t\u00e1voktat\u00e1s bevezet\u00e9s\u00e9vel kapcsolatban jelent\u0151sen megn\u0151tt a szervezeti egys\u00e9g\u00fcnkh\u00f6z \u00e9rkez\u0151 SeKA-azonos\u00edt\u00f3val kapcsolatos megkeres\u00e9sek sz\u00e1ma, ez\u00e9rt t\u00fcrelm\u00fcket \u00e9s egy\u00fcttm\u0171k\u00f6d\u00e9s\u00fcket k\u00e9rj\u00fck. Fontos: VPN-kapcsolatra nincs sz\u00fcks\u00e9g a SeKA-bejelentkez\u00e9s l\u00e9trehoz\u00e1s\u00e1hoz \u00e9s haszn\u00e1lat\u00e1hoz (\u00edgy a Moodle-hez \u00e9s a Zoomhoz sem).\u00a0<\/strong><strong><em>(Ha egy\u00e9b okokb\u00f3l m\u00e9gis sz\u00fcks\u00e9g\u00fck van VPN kapcsolatra, azzal kapcsolatban\u00a0<a href=\"https:\/\/semmelweis.hu\/informatika\/egyeb-szolgaltatasok\/eroforrasok-tavoli-elerese\/\" target=\"_blank\" rel=\"noopener noreferrer\">az Informatikai Igazgat\u00f3s\u00e1g honlapj\u00e1<\/a>n t\u00e1j\u00e9koz\u00f3dhatnak<\/em><\/strong><strong><em>)<\/em><\/strong><\/p>\n<p><strong>Oktat\u00f3k \u00e9s az egyetem m\u00e1s dolgoz\u00f3i eset\u00e9n<\/strong>\u00a0a SeKA bejelentkez\u00e9si n\u00e9v azonos a k\u00f6zponti levelez\u0151rendszerben (GroupWise) haszn\u00e1lt azonos\u00edt\u00f3val, de a jelsz\u00f3t k\u00fcl\u00f6n, az aktiv\u00e1l\u00e1skor \u00e1ll\u00edtja be minden felhaszn\u00e1l\u00f3 saj\u00e1t mag\u00e1nak. Amennyiben m\u00e9g sosem l\u00e9pett be a SeK\u00c1-val, k\u00e9rj\u00fck, els\u0151 l\u00e9p\u00e9sben v\u00e9gezze el az\u00a0<a href=\"https:\/\/seka.semmelweis.hu\/hu\/segitseg\/seka_aktivalas\" target=\"_blank\" rel=\"noopener noreferrer\">aktiv\u00e1ci\u00f3t.<\/a>\u00a0Ha nem siker\u00fcl az aktiv\u00e1ci\u00f3, n\u00e9zze \u00e1t az\u00a0<a href=\"https:\/\/seka.semmelweis.hu\/sites\/seka.semmelweis.hu\/files\/SeKA-aktivacio_0.pdf\" target=\"_blank\" rel=\"noopener noreferrer\">al\u00e1bbi dokumentum<\/a>\u00a05. oldal\u00e1n tal\u00e1lhat\u00f3 hiba\u00fczeneteket, \u00e9s ez alapj\u00e1n j\u00e1rjon el.<\/p>\n<p><strong>Hallgat\u00f3k eset\u00e9n<\/strong>\u00a0a SeKA-login n\u00e9v azonos a 6 karakterb\u0151l \u00e1ll\u00f3 Neptun-azonos\u00edt\u00f3val, azonban a jelsz\u00f3t k\u00fcl\u00f6n, az aktiv\u00e1l\u00e1skor \u00e1ll\u00edtja be minden hallgat\u00f3 saj\u00e1t mag\u00e1nak. Amennyiben m\u00e9g sosem l\u00e9pett be a SeK\u00c1-val, k\u00e9rj\u00fck, els\u0151 l\u00e9p\u00e9sben v\u00e9gezze el az\u00a0<a href=\"https:\/\/seka.semmelweis.hu\/hu\/segitseg\/seka_aktivalas\" target=\"_blank\" rel=\"noopener noreferrer\">aktiv\u00e1ci\u00f3t.<\/a>\u00a0Ha nem siker\u00fcl az aktiv\u00e1ci\u00f3, n\u00e9zze \u00e1t az\u00a0<a href=\"https:\/\/seka.semmelweis.hu\/sites\/seka.semmelweis.hu\/files\/SeKA-aktivacio_0.pdf\" target=\"_blank\" rel=\"noopener noreferrer\">al\u00e1bbi dokumentum<\/a>\u00a05. oldal\u00e1n tal\u00e1lhat\u00f3 hiba\u00fczeneteket, \u00e9s ez alapj\u00e1n j\u00e1rjon el.<\/p>\n<p><strong>K\u00e9rj\u00fck, hogy miel\u0151tt munkat\u00e1rsainkhoz fordulnak, olvass\u00e1k el a k\u00f6vetkez\u0151 seg\u00e9danyagokat a SeKA-bejelentkez\u00e9ssel kapcsolatban:<\/strong><\/p>\n<p><a class=\"button\" href=\"https:\/\/seka.semmelweis.hu\/hu\/segitseg\/seka_aktivalas\" target=\"_blank\" rel=\"noopener noreferrer\"><strong>AKTIV\u00c1L\u00c1S<\/strong><\/a><\/p>\n<p><a class=\"button\" href=\"https:\/\/seka.semmelweis.hu\/hu\/segitseg\/nincs_jelszo\" target=\"_blank\" rel=\"noopener noreferrer\"><strong>JELSZ\u00d3<\/strong><\/a><\/p>\n<p><strong><a class=\"button\" href=\"https:\/\/seka.semmelweis.hu\/hu\/info\/gyik\" target=\"_blank\" rel=\"noopener noreferrer\">GYIK<\/a><\/strong><\/p>\n<p><strong>Bel\u00e9p\u00e9si fel\u00fclet:\u00a0<\/strong><a href=\"https:\/\/seka.semmelweis.hu\/\" target=\"_blank\" rel=\"noopener noreferrer\"><em><strong>https:\/\/seka.semmelweis.hu\/<\/strong><\/em><\/a><\/p>\n<p>&nbsp;<\/p>\n<p><em><strong>Oktat\u00f3knak SeKA-ig\u00e9nyl\u00e9s:<\/strong><\/em><\/p>\n<p><strong>Amennyiben nincs SeKA-hozz\u00e1f\u00e9r\u00e9se \u00e9s nincs Groupwise e-mail-c\u00edme sem,<\/strong>\u00a0el\u0151sz\u00f6r sz\u00fcks\u00e9ges egy Groupwise-login n\u00e9v (nem e-mail-c\u00edm, csak bejelentkez\u00e9si n\u00e9v) a k\u00f6zponti eDirectory rendszerben. Amennyiben m\u00e9g nincs ilyene, szervezeti egys\u00e9ge vezet\u0151j\u00e9nek vagy a helyi rendszergazd\u00e1nak kell ig\u00e9nyelnie a\u00a0<strong>novell_it@semmelweis-univ.hu<\/strong>\u00a0c\u00edmen.<\/p>\n<p><strong>Amennyiben nincs SeKA-hozz\u00e1f\u00e9r\u00e9se, de rendelkezik Groupwise-email-c\u00edmmel vagy login n\u00e9vvel,<\/strong>\u00a0\u00fagy a\u00a0<strong>segitseg@e-learning.semmelweis.hu<\/strong>\u00a0e-mail-c\u00edmen tudja ezt megig\u00e9nyelni. K\u00e9rj\u00fck, hogy<strong>\u00a0az egyetemi e-mail-c\u00edm\u00e9t \u00e9s az ahhoz tartoz\u00f3 felhaszn\u00e1l\u00f3nevet felt\u00e9tlen\u00fcl k\u00fcldje el nek\u00fcnk<\/strong>\u00a0(Groupwise user name). Szervezeti egys\u00e9g\u00e9t, kar\u00e1t szint\u00e9n \u00edrja meg az e-mailben.<\/p>\n<p>&nbsp;<\/p>\n<p><strong>Tov\u00e1bbi k\u00e9rd\u00e9seikkel, elakad\u00e1saikkal kapcsolatban az al\u00e1bbi el\u00e9rhet\u0151s\u00e9geken tudunk seg\u00edteni:<\/strong><\/p>\n<p><strong>ELS\u0150DLEGESEN:<\/strong><br \/>\nsegitseg@e-learning.semmelweis.hu<\/p>\n<p><strong>Tov\u00e1bbi lehet\u0151s\u00e9gek:<\/strong><\/p>\n<p><strong>L\u00e9n\u00e1rt Krisztina \u2013 \u00fcgyint\u00e9z\u0151<\/strong><br \/>\ntel: +36 1 459-1500 \/ 56581<br \/>\ne-mail: e-learning@semmelweis-univ.hu<br \/>\nlenart.krisztina@semmelweis-univ.hu<\/p>\n<p><strong>dr. Monz\u00e9ger Katalin \u2013 \u00fcgyviv\u0151 szak\u00e9rt\u0151<\/strong><br \/>\ntel: (06-20) 670-1746<br \/>\nmonzeger.katalin@semmelweis-univ.hu<\/p>\n<p><strong>Dr. Kokovay \u00c1gnes \u2013 az E-learning \u00e9s Digit\u00e1lis Tartalomfejleszt\u0151 K\u00f6zpont vezet\u0151je, egyetemi docens<\/strong><br \/>\ntel: (06-20) 666-3385<br \/>\ne-mail: kokovay.agnes@semmelweis-univ.hu<\/p>\n<p>&nbsp;<\/p>\n<p><strong><em>K\u00f6vesse szervezeti egys\u00e9g\u00fcnket a\u00a0<a href=\"https:\/\/www.facebook.com\/oktatasfejlesztesikozpont\/\" target=\"_blank\" rel=\"noopener noreferrer\">Facebookon<\/a>\u00a0is aktualit\u00e1sok\u00e9rt, m\u00f3dszertani cikkek\u00e9rt!<\/em><\/strong><\/p>\n","protected":false},"excerpt":{"rendered":"<p>A t\u00e1voktat\u00e1s bevezet\u00e9s\u00e9vel kapcsolatban jelent\u0151sen megn\u0151tt a szervezeti egys\u00e9g\u00fcnkh\u00f6z \u00e9rkez\u0151 SeKA-azonos\u00edt\u00f3val kapcsolatos megkeres\u00e9sek sz\u00e1ma, ez\u00e9rt t\u00fcrelm\u00fcket \u00e9s egy\u00fcttm\u0171k\u00f6d\u00e9s\u00fcket k\u00e9rj\u00fck. Fontos: VPN-kapcsolatra nincs sz\u00fcks\u00e9g a SeKA-bejelentkez\u00e9s l\u00e9trehoz\u00e1s\u00e1hoz \u00e9s haszn\u00e1lat\u00e1hoz (\u00edgy a Moodle-hez \u00e9s a Zoomhoz sem).\u00a0(Ha egy\u00e9b okokb\u00f3l m\u00e9gis sz\u00fcks\u00e9g\u00fck van VPN kapcsolatra, azzal kapcsolatban\u00a0 <a href=\"https:\/\/semmelweis.hu\/informatika\/egyeb-szolgaltatasok\/eroforrasok-tavoli-elerese\/\" target=\"_blank\" rel=\"noopener noreferrer\">az Informatikai Igazgat\u00f3s\u00e1g honlapj\u00e1<\/a> n t\u00e1j\u00e9koz\u00f3dhatnak) Oktat\u00f3k \u00e9s az egyetem m\u00e1s dolgoz\u00f3i eset\u00e9n\u00a0a SeKA bejelentkez\u00e9si &hellip;<\/p>\n","protected":false},"author":101470,"featured_media":1509,"comment_status":"closed","ping_status":"closed","sticky":false,"template":"","format":"standard","meta":{"_acf_changed":false,"footnotes":""},"categories":[1],"tags":[50,52,48],"class_list":["post-1496","post","type-post","status-publish","format-standard","has-post-thumbnail","hentry","category-hirek","tag-e-learning","tag-moodle","tag-seka"],"acf":[],"_links":{"self":[{"href":"https:\/\/semmelweis.hu\/oktatasmodszertan\/wp-json\/wp\/v2\/posts\/1496","targetHints":{"allow":["GET"]}}],"collection":[{"href":"https:\/\/semmelweis.hu\/oktatasmodszertan\/wp-json\/wp\/v2\/posts"}],"about":[{"href":"https:\/\/semmelweis.hu\/oktatasmodszertan\/wp-json\/wp\/v2\/types\/post"}],"author":[{"embeddable":true,"href":"https:\/\/semmelweis.hu\/oktatasmodszertan\/wp-json\/wp\/v2\/users\/101470"}],"replies":[{"embeddable":true,"href":"https:\/\/semmelweis.hu\/oktatasmodszertan\/wp-json\/wp\/v2\/comments?post=1496"}],"version-history":[{"count":10,"href":"https:\/\/semmelweis.hu\/oktatasmodszertan\/wp-json\/wp\/v2\/posts\/1496\/revisions"}],"predecessor-version":[{"id":1534,"href":"https:\/\/semmelweis.hu\/oktatasmodszertan\/wp-json\/wp\/v2\/posts\/1496\/revisions\/1534"}],"wp:featuredmedia":[{"embeddable":true,"href":"https:\/\/semmelweis.hu\/oktatasmodszertan\/wp-json\/wp\/v2\/media\/1509"}],"wp:attachment":[{"href":"https:\/\/semmelweis.hu\/oktatasmodszertan\/wp-json\/wp\/v2\/media?parent=1496"}],"wp:term":[{"taxonomy":"category","embeddable":true,"href":"https:\/\/semmelweis.hu\/oktatasmodszertan\/wp-json\/wp\/v2\/categories?post=1496"},{"taxonomy":"post_tag","embeddable":true,"href":"https:\/\/semmelweis.hu\/oktatasmodszertan\/wp-json\/wp\/v2\/tags?post=1496"}],"curies":[{"name":"wp","href":"https:\/\/api.w.org\/{rel}","templated":true}]}}