{"id":35396,"date":"2026-08-17T09:27:28","date_gmt":"2026-08-17T07:27:28","guid":{"rendered":"https:\/\/semmelweis.hu\/nki\/?p=35396"},"modified":"2026-09-02T09:46:25","modified_gmt":"2026-09-02T07:46:25","slug":"elso-malajziai-egyetemi-partnerevel-kotott-egyuttmukodesi-megallapodast-a-semmelweis-egyetem","status":"publish","type":"post","link":"https:\/\/semmelweis.hu\/nki\/2026\/08\/17\/elso-malajziai-egyetemi-partnerevel-kotott-egyuttmukodesi-megallapodast-a-semmelweis-egyetem\/","title":{"rendered":"Els\u0151 malajziai egyetemi partner\u00e9vel k\u00f6t\u00f6tt egy\u00fcttm\u0171k\u00f6d\u00e9si meg\u00e1llapod\u00e1st a Semmelweis Egyetem"},"content":{"rendered":"<p class=\"isSelectedEnd\" style=\"text-align: justify\"><strong>Egy\u00fcttm\u0171k\u00f6d\u00e9si meg\u00e1llapod\u00e1st \u00edrt al\u00e1 2026. augusztus 13-\u00e1n a Semmelweis Egyetem \u00e9s a malajziai UCSI University. A partners\u00e9g \u00faj fejezetet nyit a Semmelweis Egyetem d\u00e9lkelet-\u00e1zsiai kapcsolatrendszer\u00e9ben, hiszen ez az int\u00e9zm\u00e9ny els\u0151 egy\u00fcttm\u0171k\u00f6d\u00e9si meg\u00e1llapod\u00e1sa malajziai fels\u0151oktat\u00e1si partnerrel. A k\u00e9tnapos l\u00e1togat\u00e1s sor\u00e1n a felek az oktat\u00e1si, kutat\u00e1si \u00e9s klinikai egy\u00fcttm\u0171k\u00f6d\u00e9s lehet\u0151s\u00e9geir\u0151l egyeztettek, a deleg\u00e1ci\u00f3 emellett t\u00f6bb egyetemi szervezeti egys\u00e9g szakmai tev\u00e9kenys\u00e9g\u00e9be is betekint\u00e9st nyert.<\/strong><\/p>\n<p><img loading=\"lazy\" decoding=\"async\" class=\"size-medium wp-image-35398 aligncenter\" src=\"https:\/\/semmelweis.hu\/nki\/files\/2026\/09\/RS242192_0E1A2650_hl-400x267.jpg\" alt=\"\" width=\"400\" height=\"267\" srcset=\"https:\/\/semmelweis.hu\/nki\/files\/2026\/09\/RS242192_0E1A2650_hl-400x267.jpg 400w, https:\/\/semmelweis.hu\/nki\/files\/2026\/09\/RS242192_0E1A2650_hl-1024x683.jpg 1024w, https:\/\/semmelweis.hu\/nki\/files\/2026\/09\/RS242192_0E1A2650_hl-768x512.jpg 768w, https:\/\/semmelweis.hu\/nki\/files\/2026\/09\/RS242192_0E1A2650_hl-1536x1024.jpg 1536w, https:\/\/semmelweis.hu\/nki\/files\/2026\/09\/RS242192_0E1A2650_hl-2048x1365.jpg 2048w, https:\/\/semmelweis.hu\/nki\/files\/2026\/09\/RS242192_0E1A2650_hl-753x502.jpg 753w, https:\/\/semmelweis.hu\/nki\/files\/2026\/09\/RS242192_0E1A2650_hl-203x135.jpg 203w\" sizes=\"auto, (max-width: 400px) 100vw, 400px\" \/><\/p>\n<p class=\"isSelectedEnd\" style=\"text-align: justify\">A UCSI University deleg\u00e1ci\u00f3j\u00e1t Prof. Ir. Dr. Jimmy Mok Vee Hoong, az egyetem Springhill Campus\u00e1nak rektorhelyettese \u00e9s Prof. Dr. Mogana Sundari Rajagopal, a Gy\u00f3gyszer\u00e9sztudom\u00e1nyi Kar d\u00e9k\u00e1nja alkotta. A kapcsolat kialak\u00edt\u00e1s\u00e1t \u00e9s a l\u00e1togat\u00e1s megval\u00f3sul\u00e1s\u00e1t Norafizan Bin Mustaffa, Malajzia magyarorsz\u00e1gi ideiglenes \u00fcgyviv\u0151je is akt\u00edvan t\u00e1mogatta. A diplomata a tal\u00e1lkoz\u00f3 sor\u00e1n kiemelte, hogy a fels\u0151oktat\u00e1si egy\u00fcttm\u0171k\u00f6d\u00e9sek b\u0151v\u00edt\u00e9se a magyar\u2013malajziai kapcsolatok er\u0151s\u00edt\u00e9s\u00e9nek fontos ter\u00fclete lehet.<\/p>\n<p class=\"isSelectedEnd\" style=\"text-align: justify\">Az 1986-ban alap\u00edtott UCSI University Malajzia egyik vezet\u0151 mag\u00e1negyeteme, amely Kuala Lumpurban, Kuchingban \u00e9s Springhillben m\u0171k\u00f6dtet kampuszt, emellett nemzetk\u00f6zi jelenl\u00e9t\u00e9t is folyamatosan b\u0151v\u00edti. T\u00f6bb mint 12 ezer hallgat\u00f3ja sz\u00e1m\u00e1ra t\u00f6bb mint 150 alap-, mester- \u00e9s doktori programot k\u00edn\u00e1l, t\u00f6bbek k\u00f6z\u00f6tt az orvos- \u00e9s eg\u00e9szs\u00e9gtudom\u00e1nyok, a gy\u00f3gyszer\u00e9szet, a m\u00e9rn\u00f6ki tudom\u00e1nyok \u00e9s az \u00fczleti k\u00e9pz\u00e9s ter\u00fclet\u00e9n.<\/p>\n<p class=\"isSelectedEnd\" style=\"text-align: justify\">A deleg\u00e1ci\u00f3 l\u00e1togat\u00e1s\u00e1nak els\u0151 napj\u00e1n a Semmelweis Egyetem Nemzetk\u00f6zi Kapcsolatok \u00e9s Alumni Igazgat\u00f3s\u00e1g\u00e1nak munkat\u00e1rsai fogadt\u00e1k a vend\u00e9geket. Az int\u00e9zm\u00e9nyek bemutat\u00e1sa sor\u00e1n a felek \u00e1ttekintett\u00e9k k\u00e9pz\u00e9si \u00e9s kutat\u00e1si strukt\u00far\u00e1jukat, nemzetk\u00f6zies\u00edt\u00e9si t\u00f6rekv\u00e9seiket, valamint a lehets\u00e9ges egy\u00fcttm\u0171k\u00f6d\u00e9si ter\u00fcleteket. Sz\u00f3 esett a Semmelweis Egyetem folyamatosan b\u0151v\u00fcl\u0151 nemzetk\u00f6zi hallgat\u00f3i k\u00f6z\u00f6ss\u00e9g\u00e9r\u0151l, valamint a UCSI University er\u0151s nemzetk\u00f6zi orient\u00e1ci\u00f3j\u00e1r\u00f3l \u00e9s kiterjedt partnerh\u00e1l\u00f3zat\u00e1r\u00f3l. A k\u00e9t int\u00e9zm\u00e9ny nemzetk\u00f6zi rangsorokban elfoglalt poz\u00edci\u00f3ja \u00e9s fejl\u0151d\u00e9si p\u00e1ly\u00e1ja t\u00f6bb hasonl\u00f3s\u00e1got mutat, ami j\u00f3 alapot jelenthet a hosszabb t\u00e1v\u00fa oktat\u00e1si \u00e9s kutat\u00e1si egy\u00fcttm\u0171k\u00f6d\u00e9shez.<\/p>\n<p class=\"isSelectedEnd\" style=\"text-align: justify\">A szakmai program keret\u00e9ben a deleg\u00e1ci\u00f3 r\u00e9szletesebben is megismerhette a Semmelweis Egyetem gy\u00f3gyszer\u00e9sztudom\u00e1nyi k\u00e9pz\u00e9s\u00e9t \u00e9s kutat\u00e1si tev\u00e9kenys\u00e9g\u00e9t. Dr. T\u00e1bi Tam\u00e1s d\u00e9k\u00e1nhelyettes bemutatta a Gy\u00f3gyszer\u00e9sztudom\u00e1nyi Kar k\u00e9pz\u00e9si \u00e9s kutat\u00e1si profilj\u00e1t, majd a vend\u00e9gek a Gy\u00f3gyszer\u00e9szeti Int\u00e9zetbe l\u00e1togattak, ahol Bertalann\u00e9 Dr. Balogh Emese fogadta \u0151ket. Ezt k\u00f6vet\u0151en az Intenz\u00edv Ter\u00e1pi\u00e1s Klinik\u00e1n Dr. Moln\u00e1r Zsolt igazgat\u00f3 ismertette az int\u00e9zm\u00e9ny betegell\u00e1t\u00e1si, oktat\u00e1si \u00e9s szakmai tev\u00e9kenys\u00e9g\u00e9t.<\/p>\n<p class=\"isSelectedEnd\" style=\"text-align: justify\">Az egy\u00fcttm\u0171k\u00f6d\u00e9si meg\u00e1llapod\u00e1s \u00fcnnep\u00e9lyes al\u00e1\u00edr\u00e1s\u00e1ra augusztus 13-\u00e1n, a Semmelweis Egyetem Szen\u00e1tusi Term\u00e9ben ker\u00fclt sor. Az esem\u00e9nyen Feket\u00e9n\u00e9 Dr. Szab\u00f3 \u00c9va strat\u00e9giai \u00e9s fejleszt\u00e9si rektorhelyettes a Semmelweis Egyetem r\u00e9sz\u00e9r\u0151l \u00edrta al\u00e1 a meg\u00e1llapod\u00e1st. A tal\u00e1lkoz\u00f3n a felek meger\u0151s\u00edtett\u00e9k sz\u00e1nd\u00e9kukat arra, hogy az int\u00e9zm\u00e9nyi kapcsolatot konkr\u00e9t oktat\u00e1si \u00e9s kutat\u00e1si egy\u00fcttm\u0171k\u00f6d\u00e9sekkel t\u00f6lts\u00e9k meg.<\/p>\n<p class=\"isSelectedEnd\" style=\"text-align: justify\">A lehets\u00e9ges k\u00f6z\u00f6s ter\u00fcletek k\u00f6z\u00f6tt kiemelt szerepet kaphat a hallgat\u00f3i \u00e9s oktat\u00f3i mobilit\u00e1s, a k\u00f6z\u00f6s kutat\u00e1si projektek \u00e9s nemzetk\u00f6zi p\u00e1ly\u00e1zatokban val\u00f3 r\u00e9szv\u00e9tel, valamint a gy\u00f3gyszer\u00e9szeti \u00e9s eg\u00e9szs\u00e9gtudom\u00e1nyi egy\u00fcttm\u0171k\u00f6d\u00e9s. A UCSI University gyakorlatorient\u00e1lt k\u00e9pz\u00e9si modellje, saj\u00e1t oktat\u00f3k\u00f3rh\u00e1zi h\u00e1ttere \u00e9s kiterjedt nemzetk\u00f6zi kapcsolatrendszere t\u00f6bb olyan kapcsol\u00f3d\u00e1si pontot is k\u00edn\u00e1l, amely hosszabb t\u00e1von k\u00f6z\u00f6s k\u00e9pz\u00e9si \u00e9s kutat\u00e1si kezdem\u00e9nyez\u00e9sek alapj\u00e1t jelentheti.<\/p>\n<p style=\"text-align: justify\">A Semmelweis Egyetem els\u0151 malajziai egyetemi partners\u00e9ge egy f\u00f6ldrajzilag \u00faj r\u00e9gi\u00f3ban nyit lehet\u0151s\u00e9get a kapcsolatrendszer tov\u00e1bbi b\u0151v\u00edt\u00e9s\u00e9re. A k\u00e9t int\u00e9zm\u00e9ny hasonl\u00f3 nemzetk\u00f6zi amb\u00edci\u00f3i \u00e9s kutat\u00e1si t\u00f6rekv\u00e9sei mellett egym\u00e1st kieg\u00e9sz\u00edt\u0151 region\u00e1lis kapcsolatokkal rendelkezik, ami k\u00fcl\u00f6n\u00f6sen a hallgat\u00f3i \u00e9s kutat\u00f3i mobilit\u00e1s, a k\u00f6z\u00f6s nemzetk\u00f6zi p\u00e1ly\u00e1zatok, valamint az eur\u00f3pai \u00e9s d\u00e9lkelet-\u00e1zsiai szakmai h\u00e1l\u00f3zatok \u00f6sszekapcsol\u00e1sa ter\u00e9n jelenthet tov\u00e1bbi lehet\u0151s\u00e9geket.<\/p>\n\n        [slb_exclude]\n        <div class=\"row galeria-wrapper mx-0 h-auto\">\n            <div class=\"col-9 pl-0 pr-2\">\n            <span class=\"gallery-item frame\">\n\t\t\t\t<div class=\"galeria-left-img\"><a href=\"https:\/\/semmelweis.hu\/nki\/files\/2026\/09\/3.jpeg\"><img src=https:\/\/semmelweis.hu\/nki\/files\/2026\/09\/3.jpeg  \n                            alt=\"\" \n                            class=\"attachment-sote-gallery-big size-sote-gallery-big\" \n                            srcset=\"https:\/\/semmelweis.hu\/nki\/files\/2026\/09\/3-300x400.jpeg 300w, https:\/\/semmelweis.hu\/nki\/files\/2026\/09\/3-768x1024.jpeg 768w, https:\/\/semmelweis.hu\/nki\/files\/2026\/09\/3-1152x1536.jpeg 1152w, https:\/\/semmelweis.hu\/nki\/files\/2026\/09\/3-1536x2048.jpeg 1536w, https:\/\/semmelweis.hu\/nki\/files\/2026\/09\/3-753x1004.jpeg 753w, https:\/\/semmelweis.hu\/nki\/files\/2026\/09\/3.jpeg 1815w\" ><\/a><\/div>\n            <\/span>\n\n            <\/div>\n\n\t\t\t<div class=\"col-3 pl-0 pr-0\">\n\t\t\t\t<div class=\"galeria-right-img d-flex justify-content-between flex-column h-100 w-100 px-0 mx-0 \">\n                <div class=\"galeria-box\">\n\t\t\t\t\t<h3 class=\"galeria-title\">Gal\u00e9ria<\/h3>\n\t\t\t\t\t<div class=\"galeria-subtitle\">\n\n\t\t\t\t\t\t<div class=\"galeria-page-counter\"><span>15<\/span>k\u00e9p<\/div>\n                    <\/div> <\/div>\n                    <span class=\"gallery-item frame d-none d-md-flex\">\n\t\t\t\t\t<div class=\"galeria-small-img mt-0\"><a href=\"https:\/\/semmelweis.hu\/nki\/files\/2026\/09\/4.jpeg\"><img src=https:\/\/semmelweis.hu\/nki\/files\/2026\/09\/4.jpeg \n                                alt=\"\"  \n                                class=\"attachment-sote-gallery-small size-sote-gallery-small\" \n                                srcset=\"https:\/\/semmelweis.hu\/nki\/files\/2026\/09\/4-300x400.jpeg 300w, https:\/\/semmelweis.hu\/nki\/files\/2026\/09\/4-768x1023.jpeg 768w, https:\/\/semmelweis.hu\/nki\/files\/2026\/09\/4-1153x1536.jpeg 1153w, https:\/\/semmelweis.hu\/nki\/files\/2026\/09\/4-1537x2048.jpeg 1537w, https:\/\/semmelweis.hu\/nki\/files\/2026\/09\/4-753x1003.jpeg 753w, https:\/\/semmelweis.hu\/nki\/files\/2026\/09\/4.jpeg 1816w\" ><\/a><\/div>\n                    <\/span>\n                    <span class=\"gallery-item frame d-none d-md-flex\">\n\t\t\t\t\t<div class=\"galeria-small-img mt-0\"><a href=\"https:\/\/semmelweis.hu\/nki\/files\/2026\/09\/6.jpeg\"><img src=https:\/\/semmelweis.hu\/nki\/files\/2026\/09\/6.jpeg \n                                alt=\"\" \n                                class=\"attachment-sote-gallery-small size-sote-gallery-small\" \n                                srcset=\"https:\/\/semmelweis.hu\/nki\/files\/2026\/09\/6-300x400.jpeg 300w, https:\/\/semmelweis.hu\/nki\/files\/2026\/09\/6-768x1023.jpeg 768w, https:\/\/semmelweis.hu\/nki\/files\/2026\/09\/6-1153x1536.jpeg 1153w, https:\/\/semmelweis.hu\/nki\/files\/2026\/09\/6-1537x2048.jpeg 1537w, https:\/\/semmelweis.hu\/nki\/files\/2026\/09\/6-753x1003.jpeg 753w, https:\/\/semmelweis.hu\/nki\/files\/2026\/09\/6.jpeg 1816w\" ><\/a><\/div>\n                    <\/span>\n\n                <\/div>\n\n            <\/div>\n\n            <span class=\"gallery-item\"><div class=\"hidden\"><a href=\"https:\/\/semmelweis.hu\/nki\/files\/2026\/09\/9.jpeg\">\n        <img src=https:\/\/semmelweis.hu\/nki\/files\/2026\/09\/9.jpeg alt=\"\" class=\"attachment-sote-gallery-big size-sote-gallery-big\" srcset=\"https:\/\/semmelweis.hu\/nki\/files\/2026\/09\/9-300x400.jpeg 300w, https:\/\/semmelweis.hu\/nki\/files\/2026\/09\/9-768x1023.jpeg 768w, https:\/\/semmelweis.hu\/nki\/files\/2026\/09\/9-1153x1536.jpeg 1153w, https:\/\/semmelweis.hu\/nki\/files\/2026\/09\/9-1537x2048.jpeg 1537w, https:\/\/semmelweis.hu\/nki\/files\/2026\/09\/9-753x1003.jpeg 753w, https:\/\/semmelweis.hu\/nki\/files\/2026\/09\/9.jpeg 1816w\" >\n        <\/a><\/div><\/span><span class=\"gallery-item\"><div class=\"hidden\"><a href=\"https:\/\/semmelweis.hu\/nki\/files\/2026\/09\/12.jpeg\">\n        <img src=https:\/\/semmelweis.hu\/nki\/files\/2026\/09\/12.jpeg alt=\"\" class=\"attachment-sote-gallery-big size-sote-gallery-big\" srcset=\"https:\/\/semmelweis.hu\/nki\/files\/2026\/09\/12-300x400.jpeg 300w, https:\/\/semmelweis.hu\/nki\/files\/2026\/09\/12-768x1023.jpeg 768w, https:\/\/semmelweis.hu\/nki\/files\/2026\/09\/12-1153x1536.jpeg 1153w, https:\/\/semmelweis.hu\/nki\/files\/2026\/09\/12-1537x2048.jpeg 1537w, https:\/\/semmelweis.hu\/nki\/files\/2026\/09\/12-753x1003.jpeg 753w, https:\/\/semmelweis.hu\/nki\/files\/2026\/09\/12.jpeg 1816w\" >\n        <\/a><\/div><\/span><span class=\"gallery-item\"><div class=\"hidden\"><a href=\"https:\/\/semmelweis.hu\/nki\/files\/2026\/09\/16.jpeg\">\n        <img src=https:\/\/semmelweis.hu\/nki\/files\/2026\/09\/16.jpeg alt=\"\" class=\"attachment-sote-gallery-big size-sote-gallery-big\" srcset=\"https:\/\/semmelweis.hu\/nki\/files\/2026\/09\/16-300x400.jpeg 300w, https:\/\/semmelweis.hu\/nki\/files\/2026\/09\/16-768x1023.jpeg 768w, https:\/\/semmelweis.hu\/nki\/files\/2026\/09\/16-1153x1536.jpeg 1153w, https:\/\/semmelweis.hu\/nki\/files\/2026\/09\/16-1537x2048.jpeg 1537w, https:\/\/semmelweis.hu\/nki\/files\/2026\/09\/16-753x1003.jpeg 753w, https:\/\/semmelweis.hu\/nki\/files\/2026\/09\/16.jpeg 1816w\" >\n        <\/a><\/div><\/span><span class=\"gallery-item\"><div class=\"hidden\"><a href=\"https:\/\/semmelweis.hu\/nki\/files\/2026\/09\/RS242176_0E1A2488_hl-scaled.jpg\">\n        <img src=https:\/\/semmelweis.hu\/nki\/files\/2026\/09\/RS242176_0E1A2488_hl-scaled.jpg alt=\"\" class=\"attachment-sote-gallery-big size-sote-gallery-big\" srcset=\"https:\/\/semmelweis.hu\/nki\/files\/2026\/09\/RS242176_0E1A2488_hl-400x267.jpg 400w, https:\/\/semmelweis.hu\/nki\/files\/2026\/09\/RS242176_0E1A2488_hl-1024x683.jpg 1024w, https:\/\/semmelweis.hu\/nki\/files\/2026\/09\/RS242176_0E1A2488_hl-768x512.jpg 768w, https:\/\/semmelweis.hu\/nki\/files\/2026\/09\/RS242176_0E1A2488_hl-1536x1024.jpg 1536w, https:\/\/semmelweis.hu\/nki\/files\/2026\/09\/RS242176_0E1A2488_hl-2048x1365.jpg 2048w, https:\/\/semmelweis.hu\/nki\/files\/2026\/09\/RS242176_0E1A2488_hl-753x502.jpg 753w, https:\/\/semmelweis.hu\/nki\/files\/2026\/09\/RS242176_0E1A2488_hl-203x135.jpg 203w\" >\n        <\/a><\/div><\/span><span class=\"gallery-item\"><div class=\"hidden\"><a href=\"https:\/\/semmelweis.hu\/nki\/files\/2026\/09\/RS242180_0E1A2531_hl-scaled.jpg\">\n        <img src=https:\/\/semmelweis.hu\/nki\/files\/2026\/09\/RS242180_0E1A2531_hl-scaled.jpg alt=\"\" class=\"attachment-sote-gallery-big size-sote-gallery-big\" srcset=\"https:\/\/semmelweis.hu\/nki\/files\/2026\/09\/RS242180_0E1A2531_hl-400x267.jpg 400w, https:\/\/semmelweis.hu\/nki\/files\/2026\/09\/RS242180_0E1A2531_hl-1024x683.jpg 1024w, https:\/\/semmelweis.hu\/nki\/files\/2026\/09\/RS242180_0E1A2531_hl-768x512.jpg 768w, https:\/\/semmelweis.hu\/nki\/files\/2026\/09\/RS242180_0E1A2531_hl-1536x1024.jpg 1536w, https:\/\/semmelweis.hu\/nki\/files\/2026\/09\/RS242180_0E1A2531_hl-2048x1365.jpg 2048w, https:\/\/semmelweis.hu\/nki\/files\/2026\/09\/RS242180_0E1A2531_hl-753x502.jpg 753w, https:\/\/semmelweis.hu\/nki\/files\/2026\/09\/RS242180_0E1A2531_hl-203x135.jpg 203w\" >\n        <\/a><\/div><\/span><span class=\"gallery-item\"><div class=\"hidden\"><a href=\"https:\/\/semmelweis.hu\/nki\/files\/2026\/09\/RS242184_0E1A2566_hl-scaled.jpg\">\n        <img src=https:\/\/semmelweis.hu\/nki\/files\/2026\/09\/RS242184_0E1A2566_hl-scaled.jpg alt=\"\" class=\"attachment-sote-gallery-big size-sote-gallery-big\" srcset=\"https:\/\/semmelweis.hu\/nki\/files\/2026\/09\/RS242184_0E1A2566_hl-400x267.jpg 400w, https:\/\/semmelweis.hu\/nki\/files\/2026\/09\/RS242184_0E1A2566_hl-1024x683.jpg 1024w, https:\/\/semmelweis.hu\/nki\/files\/2026\/09\/RS242184_0E1A2566_hl-768x512.jpg 768w, https:\/\/semmelweis.hu\/nki\/files\/2026\/09\/RS242184_0E1A2566_hl-1536x1024.jpg 1536w, https:\/\/semmelweis.hu\/nki\/files\/2026\/09\/RS242184_0E1A2566_hl-2048x1365.jpg 2048w, https:\/\/semmelweis.hu\/nki\/files\/2026\/09\/RS242184_0E1A2566_hl-753x502.jpg 753w, https:\/\/semmelweis.hu\/nki\/files\/2026\/09\/RS242184_0E1A2566_hl-203x135.jpg 203w\" >\n        <\/a><\/div><\/span><span class=\"gallery-item\"><div class=\"hidden\"><a href=\"https:\/\/semmelweis.hu\/nki\/files\/2026\/09\/RS242189_0E1A2626_hl-scaled.jpg\">\n        <img src=https:\/\/semmelweis.hu\/nki\/files\/2026\/09\/RS242189_0E1A2626_hl-scaled.jpg alt=\"\" class=\"attachment-sote-gallery-big size-sote-gallery-big\" srcset=\"https:\/\/semmelweis.hu\/nki\/files\/2026\/09\/RS242189_0E1A2626_hl-400x267.jpg 400w, https:\/\/semmelweis.hu\/nki\/files\/2026\/09\/RS242189_0E1A2626_hl-1024x683.jpg 1024w, https:\/\/semmelweis.hu\/nki\/files\/2026\/09\/RS242189_0E1A2626_hl-768x512.jpg 768w, https:\/\/semmelweis.hu\/nki\/files\/2026\/09\/RS242189_0E1A2626_hl-1536x1024.jpg 1536w, https:\/\/semmelweis.hu\/nki\/files\/2026\/09\/RS242189_0E1A2626_hl-2048x1365.jpg 2048w, https:\/\/semmelweis.hu\/nki\/files\/2026\/09\/RS242189_0E1A2626_hl-753x502.jpg 753w, https:\/\/semmelweis.hu\/nki\/files\/2026\/09\/RS242189_0E1A2626_hl-203x135.jpg 203w\" >\n        <\/a><\/div><\/span><span class=\"gallery-item\"><div class=\"hidden\"><a href=\"https:\/\/semmelweis.hu\/nki\/files\/2026\/09\/RS242191_0E1A2641_hl-scaled.jpg\">\n        <img src=https:\/\/semmelweis.hu\/nki\/files\/2026\/09\/RS242191_0E1A2641_hl-scaled.jpg alt=\"\" class=\"attachment-sote-gallery-big size-sote-gallery-big\" srcset=\"https:\/\/semmelweis.hu\/nki\/files\/2026\/09\/RS242191_0E1A2641_hl-400x267.jpg 400w, https:\/\/semmelweis.hu\/nki\/files\/2026\/09\/RS242191_0E1A2641_hl-1024x683.jpg 1024w, https:\/\/semmelweis.hu\/nki\/files\/2026\/09\/RS242191_0E1A2641_hl-768x512.jpg 768w, https:\/\/semmelweis.hu\/nki\/files\/2026\/09\/RS242191_0E1A2641_hl-1536x1024.jpg 1536w, https:\/\/semmelweis.hu\/nki\/files\/2026\/09\/RS242191_0E1A2641_hl-2048x1365.jpg 2048w, https:\/\/semmelweis.hu\/nki\/files\/2026\/09\/RS242191_0E1A2641_hl-753x502.jpg 753w, https:\/\/semmelweis.hu\/nki\/files\/2026\/09\/RS242191_0E1A2641_hl-203x135.jpg 203w\" >\n        <\/a><\/div><\/span><span class=\"gallery-item\"><div class=\"hidden\"><a href=\"https:\/\/semmelweis.hu\/nki\/files\/2026\/09\/RS242192_0E1A2650_hl-1-scaled.jpg\">\n        <img src=https:\/\/semmelweis.hu\/nki\/files\/2026\/09\/RS242192_0E1A2650_hl-1-scaled.jpg alt=\"\" class=\"attachment-sote-gallery-big size-sote-gallery-big\" srcset=\"https:\/\/semmelweis.hu\/nki\/files\/2026\/09\/RS242192_0E1A2650_hl-1-400x267.jpg 400w, https:\/\/semmelweis.hu\/nki\/files\/2026\/09\/RS242192_0E1A2650_hl-1-1024x683.jpg 1024w, https:\/\/semmelweis.hu\/nki\/files\/2026\/09\/RS242192_0E1A2650_hl-1-768x512.jpg 768w, https:\/\/semmelweis.hu\/nki\/files\/2026\/09\/RS242192_0E1A2650_hl-1-1536x1024.jpg 1536w, https:\/\/semmelweis.hu\/nki\/files\/2026\/09\/RS242192_0E1A2650_hl-1-2048x1365.jpg 2048w, https:\/\/semmelweis.hu\/nki\/files\/2026\/09\/RS242192_0E1A2650_hl-1-753x502.jpg 753w, https:\/\/semmelweis.hu\/nki\/files\/2026\/09\/RS242192_0E1A2650_hl-1-203x135.jpg 203w\" >\n        <\/a><\/div><\/span><span class=\"gallery-item\"><div class=\"hidden\"><a href=\"https:\/\/semmelweis.hu\/nki\/files\/2026\/09\/RS242193_0E1A2675_hl-scaled.jpg\">\n        <img src=https:\/\/semmelweis.hu\/nki\/files\/2026\/09\/RS242193_0E1A2675_hl-scaled.jpg alt=\"\" class=\"attachment-sote-gallery-big size-sote-gallery-big\" srcset=\"https:\/\/semmelweis.hu\/nki\/files\/2026\/09\/RS242193_0E1A2675_hl-400x267.jpg 400w, https:\/\/semmelweis.hu\/nki\/files\/2026\/09\/RS242193_0E1A2675_hl-1024x683.jpg 1024w, https:\/\/semmelweis.hu\/nki\/files\/2026\/09\/RS242193_0E1A2675_hl-768x512.jpg 768w, https:\/\/semmelweis.hu\/nki\/files\/2026\/09\/RS242193_0E1A2675_hl-1536x1024.jpg 1536w, https:\/\/semmelweis.hu\/nki\/files\/2026\/09\/RS242193_0E1A2675_hl-2048x1365.jpg 2048w, https:\/\/semmelweis.hu\/nki\/files\/2026\/09\/RS242193_0E1A2675_hl-753x502.jpg 753w, https:\/\/semmelweis.hu\/nki\/files\/2026\/09\/RS242193_0E1A2675_hl-203x135.jpg 203w\" >\n        <\/a><\/div><\/span><span class=\"gallery-item\"><div class=\"hidden\"><a href=\"https:\/\/semmelweis.hu\/nki\/files\/2026\/09\/RS242194_0E1A2689_hl-scaled.jpg\">\n        <img src=https:\/\/semmelweis.hu\/nki\/files\/2026\/09\/RS242194_0E1A2689_hl-scaled.jpg alt=\"\" class=\"attachment-sote-gallery-big size-sote-gallery-big\" srcset=\"https:\/\/semmelweis.hu\/nki\/files\/2026\/09\/RS242194_0E1A2689_hl-400x267.jpg 400w, https:\/\/semmelweis.hu\/nki\/files\/2026\/09\/RS242194_0E1A2689_hl-1024x683.jpg 1024w, https:\/\/semmelweis.hu\/nki\/files\/2026\/09\/RS242194_0E1A2689_hl-768x512.jpg 768w, https:\/\/semmelweis.hu\/nki\/files\/2026\/09\/RS242194_0E1A2689_hl-1536x1024.jpg 1536w, https:\/\/semmelweis.hu\/nki\/files\/2026\/09\/RS242194_0E1A2689_hl-2048x1365.jpg 2048w, https:\/\/semmelweis.hu\/nki\/files\/2026\/09\/RS242194_0E1A2689_hl-753x502.jpg 753w, https:\/\/semmelweis.hu\/nki\/files\/2026\/09\/RS242194_0E1A2689_hl-203x135.jpg 203w\" >\n        <\/a><\/div><\/span><span class=\"gallery-item\"><div class=\"hidden\"><a href=\"https:\/\/semmelweis.hu\/nki\/files\/2026\/09\/RS242197_0E1A2749_hl-scaled.jpg\">\n        <img src=https:\/\/semmelweis.hu\/nki\/files\/2026\/09\/RS242197_0E1A2749_hl-scaled.jpg alt=\"\" class=\"attachment-sote-gallery-big size-sote-gallery-big\" srcset=\"https:\/\/semmelweis.hu\/nki\/files\/2026\/09\/RS242197_0E1A2749_hl-400x267.jpg 400w, https:\/\/semmelweis.hu\/nki\/files\/2026\/09\/RS242197_0E1A2749_hl-1024x683.jpg 1024w, https:\/\/semmelweis.hu\/nki\/files\/2026\/09\/RS242197_0E1A2749_hl-768x512.jpg 768w, https:\/\/semmelweis.hu\/nki\/files\/2026\/09\/RS242197_0E1A2749_hl-1536x1024.jpg 1536w, https:\/\/semmelweis.hu\/nki\/files\/2026\/09\/RS242197_0E1A2749_hl-2048x1365.jpg 2048w, https:\/\/semmelweis.hu\/nki\/files\/2026\/09\/RS242197_0E1A2749_hl-753x502.jpg 753w, https:\/\/semmelweis.hu\/nki\/files\/2026\/09\/RS242197_0E1A2749_hl-203x135.jpg 203w\" >\n        <\/a><\/div><\/span>\n            <\/div>\n\n            [\/slb_exclude]\n\t\n","protected":false},"excerpt":{"rendered":"<p>Egy\u00fcttm\u0171k\u00f6d\u00e9si meg\u00e1llapod\u00e1st \u00edrt al\u00e1 2026. augusztus 13-\u00e1n a Semmelweis Egyetem \u00e9s a malajziai UCSI University. A partners\u00e9g \u00faj fejezetet nyit a Semmelweis Egyetem d\u00e9lkelet-\u00e1zsiai kapcsolatrendszer\u00e9ben, hiszen ez az int\u00e9zm\u00e9ny els\u0151 egy\u00fcttm\u0171k\u00f6d\u00e9si meg\u00e1llapod\u00e1sa malajziai fels\u0151oktat\u00e1si partnerrel. A k\u00e9tnapos l\u00e1togat\u00e1s sor\u00e1n a felek az oktat\u00e1si, kutat\u00e1si \u00e9s klinikai egy\u00fcttm\u0171k\u00f6d\u00e9s lehet\u0151s\u00e9geir\u0151l egyeztettek, a deleg\u00e1ci\u00f3 emellett t\u00f6bb egyetemi szervezeti &hellip;<\/p>\n","protected":false},"author":102604,"featured_media":35399,"comment_status":"closed","ping_status":"closed","sticky":false,"template":"","format":"standard","meta":{"_acf_changed":false,"footnotes":""},"categories":[309],"tags":[],"class_list":["post-35396","post","type-post","status-publish","format-standard","has-post-thumbnail","hentry","category-nk-hirek"],"acf":[],"_links":{"self":[{"href":"https:\/\/semmelweis.hu\/nki\/wp-json\/wp\/v2\/posts\/35396","targetHints":{"allow":["GET"]}}],"collection":[{"href":"https:\/\/semmelweis.hu\/nki\/wp-json\/wp\/v2\/posts"}],"about":[{"href":"https:\/\/semmelweis.hu\/nki\/wp-json\/wp\/v2\/types\/post"}],"author":[{"embeddable":true,"href":"https:\/\/semmelweis.hu\/nki\/wp-json\/wp\/v2\/users\/102604"}],"replies":[{"embeddable":true,"href":"https:\/\/semmelweis.hu\/nki\/wp-json\/wp\/v2\/comments?post=35396"}],"version-history":[{"count":1,"href":"https:\/\/semmelweis.hu\/nki\/wp-json\/wp\/v2\/posts\/35396\/revisions"}],"predecessor-version":[{"id":35418,"href":"https:\/\/semmelweis.hu\/nki\/wp-json\/wp\/v2\/posts\/35396\/revisions\/35418"}],"wp:featuredmedia":[{"embeddable":true,"href":"https:\/\/semmelweis.hu\/nki\/wp-json\/wp\/v2\/media\/35399"}],"wp:attachment":[{"href":"https:\/\/semmelweis.hu\/nki\/wp-json\/wp\/v2\/media?parent=35396"}],"wp:term":[{"taxonomy":"category","embeddable":true,"href":"https:\/\/semmelweis.hu\/nki\/wp-json\/wp\/v2\/categories?post=35396"},{"taxonomy":"post_tag","embeddable":true,"href":"https:\/\/semmelweis.hu\/nki\/wp-json\/wp\/v2\/tags?post=35396"}],"curies":[{"name":"wp","href":"https:\/\/api.w.org\/{rel}","templated":true}]}}