{"id":33539,"date":"2025-01-30T11:00:54","date_gmt":"2025-01-30T10:00:54","guid":{"rendered":"https:\/\/semmelweis.hu\/nki\/?p=33539"},"modified":"2025-01-30T19:58:14","modified_gmt":"2025-01-30T18:58:14","slug":"a-semmelweis-egyetem-nemzetkozi-kapcsolatok-talalkozoi-2025-januarban","status":"publish","type":"post","link":"https:\/\/semmelweis.hu\/nki\/2025\/01\/30\/a-semmelweis-egyetem-nemzetkozi-kapcsolatok-talalkozoi-2025-januarban\/","title":{"rendered":"A Semmelweis Egyetem Nemzetk\u00f6zi Kapcsolatok aktualit\u00e1sai 2025. janu\u00e1rban"},"content":{"rendered":"<p style=\"font-weight: 400;text-align: justify\"><strong>Besz\u00e1mol\u00f3nk a Semmelweis Egyetem nemzetk\u00f6zi kapcsolatok vonatkoz\u00e1s\u00e1ban szervezett 2025. janu\u00e1ri tal\u00e1lkoz\u00f3it \u00e9s aktualit\u00e1sait \u00f6sszes\u00edti.<\/strong><\/p>\n<p style=\"text-align: justify\"><img decoding=\"async\" src=\"https:\/\/semmelweis.hu\/nki\/files\/2025\/01\/2025_januar_montazs.png\" alt=\"\" \/><\/p>\n<p style=\"font-weight: 400;text-align: justify\">Dr. Merkely B\u00e9la rektor \u00far fogadta a <strong>t\u00f6r\u00f6k<\/strong> Mardin Artuklu Egyetem rektor\u00e1t Dr. \u0130brahim \u00d6zco\u015far professzort \u00e9s Serkan Yi\u011fit docens urat. A megbesz\u00e9l\u00e9s alakalm\u00e1val al\u00e1\u00edr\u00e1sra ker\u00fclt egy sz\u00e1nd\u00e9knyilatkozat, mely keretet ad a k\u00e9s\u0151bbiekben kialak\u00edtand\u00f3 konkr\u00e9t egy\u00fcttm\u0171k\u00f6d\u00e9si projektek megval\u00f3s\u00edt\u00e1s\u00e1hoz. Merkely rektor \u00far biztos\u00edtotta a fiatal t\u00f6r\u00f6k egyetem rektor\u00e1t arr\u00f3l, hogy a Semmelweis Egyetem megvizsg\u00e1lja a j\u00f6v\u0151beli k\u00f6z\u00f6s egy\u00fcttm\u0171k\u00f6d\u00e9sek kialak\u00edt\u00e1s\u00e1nak lehet\u0151s\u00e9g\u00e9t.<\/p>\n<p style=\"font-weight: 400;text-align: justify\">Dr. Merkely B\u00e9la rektor \u00far fogadta Dr. Heba Negm, Budapestre akkredit\u00e1lt <strong>egyiptomi<\/strong> nagyk\u00f6vet asszonyt, aki az udvariass\u00e1gi l\u00e1togat\u00e1s keret\u00e9ben felaj\u00e1nlotta seg\u00edts\u00e9g\u00e9t egyiptomi akad\u00e9miai \u00e9s kutat\u00e1si partners\u00e9gek kialak\u00edt\u00e1s\u00e1ban. Rektor \u00far r\u00f6viden bemutatta egyetem\u00fcnk tev\u00e9keny\u00e9g\u00e9t, majd nagyk\u00f6vet asszony elmondta, hogy a magyar-egyiptomi kapcsolatok fejleszt\u00e9s\u00e9re a tavaly Egyiptomban szervezett rektori konferenci\u00e1k tal\u00e1lkoz\u00f3ja ut\u00e1n j\u00f3 alkalom lesz az MRK (Magyar Rektori Konferencia) szervez\u00e9s\u00e9ben 2025-ben Budapesten megerendez\u00e9sre ker\u00fcl\u0151 magyar-egyiptomi f\u00f3rum.<\/p>\n<p style=\"font-weight: 400;text-align: justify\"><span style=\"font-size: 1rem\">Dr. Nyir\u00e1dy P\u00e9ter professzor \u00far, az \u00c1ltal\u00e1nos Orvostudom\u00e1nyi Kar D\u00e9k\u00e1nja \u00e9s az Urol\u00f3giai Klinika igazgat\u00f3ja oklevelet adott \u00e1t a Nemzetk\u00f6zi Kapcsolatok Igazgat\u00f3s\u00e1ga \u00e1ltal megszervezett \u00e9s az Urol\u00f3giai Klinika \u00e1ltal biztos\u00edtott, k\u00e9th\u00f3napos klinikai gyakorlati programon r\u00e9szt vev\u0151 <\/span><strong style=\"font-size: 1rem\">kazah<\/strong><span style=\"font-size: 1rem\"> urol\u00f3gus szakorvosnak. Az <\/span><a href=\"https:\/\/semmelweis.hu\/short-courses\/tailor-made-offers\/\">egy\u00e9ni ig\u00e9nyek szerint kialak\u00edtott r\u00f6vidprogramon<\/a><span style=\"font-size: 1rem\"> r\u00e9sztvev\u0151 szakorvos elmondta, hogy hasznos tapasztalatokat szerzett a Semmelweis Egyetemen, \u00faj m\u00f3dszereket ismert meg t\u00f6bb szakmai t\u00e9mak\u00f6rben is bele\u00e9rtve az urol\u00f3giai onkol\u00f3gia, a robotassziszt\u00e1lt urol\u00f3gia vagy a f\u00fazi\u00f3s prosztata biopszia ter\u00fcleteket.<\/span><\/p>\n<p style=\"font-weight: 400;text-align: justify\">Udvariass\u00e1gi l\u00e1togat\u00e1st tett az Egyetemen az <strong>iraki<\/strong> misszi\u00f3vezet\u0151, aki \u00e9rdekl\u0151d\u00f6tt a kor\u00e1bban elind\u00edtott k\u00f6z\u00f6s projektek alakul\u00e1s\u00e1r\u00f3l. A Semmelweis Egyetem Nemzetk\u00f6zi Kapcsolatok Igazgat\u00f3ja r\u00f6viden t\u00e1j\u00e9koztatta nagyk\u00f6vet urat a tavalyi \u00e9v eredm\u00e9nyeir\u0151l \u00e9s a 2025 \u00e9vi tervekr\u0151l, majd a nagyk\u00f6vet \u00far biztos\u00edtotta t\u00e1mogat\u00e1s\u00e1r\u00f3l az Egyetem \u00e9s a magyar-iraki kapcsolatok fejleszt\u00e9s\u00e9ben.<\/p>\n<p style=\"font-weight: 400;text-align: justify\">Dr. Pop Marcel, a Nemzetk\u00f6zi Kapcsolatok Igazgat\u00f3s\u00e1g vezet\u0151je \u00e9s Dr. Iv\u00e1dy Vilmos rektori biztos \u00far fogadta a -Semmelweis Kft. szervez\u00e9s\u00e9ben az Egyetemre l\u00e1togat\u00f3- fiatal <strong>\u00fczb\u00e9g<\/strong> egyetem, az EMU University Elbek Gaybullaev alap\u00edt\u00f3j\u00e1t \u00e9s deleg\u00e1ci\u00f3j\u00e1t. A megbesz\u00e9l\u00e9s alkalm\u00e1val els\u0151sorban az \u00fcb\u00e9g egyetem nemzetk\u00f6ziesed\u00e9sre vonatkoz\u00f3 c\u00e9ljair\u00f3l volt sz\u00f3, valamint arr\u00f3l, hogy az el\u00e9rend\u0151 c\u00e9lok megval\u00f3s\u00edt\u00e1s\u00e1hoz a Semmelweis Egyetem milyen m\u00f3don tudna hozz\u00e1j\u00e1rulni a strat\u00e9giai szinten meghat\u00e1rozott egyetemi nemzetk\u00f6ziesed\u00e9si c\u00e9lkit\u0171z\u00e9sek megval\u00f3sul\u00e1s\u00e1t figyelembe v\u00e9ve.<\/p>\n<p style=\"text-align: justify\">A Nemzetk\u00f6zi Kapcsolatok Igazgat\u00f3s\u00e1g koordin\u00e1ci\u00f3j\u00e1ban \u00fajra el\u00e9rhet\u0151 2025. janu\u00e1r 20 \u00e9s m\u00e1rcius 18 k\u00f6z\u00f6tt a 11 eur\u00f3pai (k\u00f6zt\u00fck<strong> angol, n\u00e9met, francia, olasz, spanyol, sv\u00e9d, ukr\u00e1n<\/strong>) egyetemet mag\u00e1ban foglal\u00f3 <a href=\"https:\/\/semmelweis.hu\/hirek\/2025\/01\/24\/megnyilt-a-regisztracio-az-euniwell-seed-funding-program-kovetkezo-tamogatasi-idoszakara\/\">EUniWell Eur\u00f3pai Egyetemi Sz\u00f6vets\u00e9g \u00e1ltal ki\u00edrt 8. Seed Funding p\u00e1ly\u00e1zata<\/a>, melynek keretein bel\u00fcl projektenk\u00e9nt 25,000 euro t\u00e1mogat\u00e1st kapnak a partneregyetemek innovat\u00edv \u00f6tleteit megval\u00f3s\u00edt\u00f3, kiv\u00e1lasztott kezdem\u00e9nyez\u00e9sek. \u00a0Minden egyetemi kutat\u00f3, oktat\u00f3, hallgat\u00f3 \u00e9s adminisztrat\u00edv munkat\u00e1rs p\u00e1ly\u00e1zhat, a szervez\u0151k v\u00e1rj\u00e1k az izgalmas projektjavaslatokat!<\/p>\n<p style=\"text-align: justify\">V\u00e9g\u00fcl, janu\u00e1rban ker\u00fclt megrendez\u00e9sre a <a href=\"https:\/\/semmelweis.hu\/short-courses\/\">Semmelweis Egyetem t\u00e9r\u00edt\u00e9ses t\u00e9li r\u00f6vidprogramja<\/a>, melyen 14 <strong>k\u00ednai<\/strong> orvostanhallgat\u00f3 \u00e9s PhD hallgat\u00f3 vett r\u00e9szt. A k\u00e9t hetes elm\u00e9leti k\u00e9pz\u00e9s keret\u00e9ben a r\u00e9sztvev\u0151k a Transzl\u00e1ci\u00f3s Medicina alapjaiba kaptak bevezet\u00e9st egy intenz\u00edv tr\u00e9ning keretein bel\u00fcl, a Nemzetk\u00f6zi Kapcsolatok Igazgat\u00f3s\u00e1g koordin\u00e1ci\u00f3j\u00e1ban \u00e9s a Semmelweis Egyetem Transzl\u00e1ci\u00f3s Medicina K\u00f6zpontj\u00e1nak bevon\u00e1s\u00e1val.<\/p>\n<p><img loading=\"lazy\" decoding=\"async\" class=\"\" src=\"https:\/\/semmelweis.hu\/nki\/files\/2025\/01\/GEC_Winter-School_csoportkep.jpg\" alt=\"\" width=\"1400\" height=\"933\" \/><\/p>\n","protected":false},"excerpt":{"rendered":"<p>Besz\u00e1mol\u00f3nk a Semmelweis Egyetem nemzetk\u00f6zi kapcsolatok vonatkoz\u00e1s\u00e1ban szervezett 2025. janu\u00e1ri tal\u00e1lkoz\u00f3it \u00e9s aktualit\u00e1sait \u00f6sszes\u00edti. Dr. Merkely B\u00e9la rektor \u00far fogadta a t\u00f6r\u00f6k Mardin Artuklu Egyetem rektor\u00e1t Dr. \u0130brahim \u00d6zco\u015far professzort \u00e9s Serkan Yi\u011fit docens urat. A megbesz\u00e9l\u00e9s alakalm\u00e1val al\u00e1\u00edr\u00e1sra ker\u00fclt egy sz\u00e1nd\u00e9knyilatkozat, mely keretet ad a k\u00e9s\u0151bbiekben kialak\u00edtand\u00f3 konkr\u00e9t egy\u00fcttm\u0171k\u00f6d\u00e9si projektek megval\u00f3s\u00edt\u00e1s\u00e1hoz. Merkely rektor \u00far &hellip;<\/p>\n","protected":false},"author":102198,"featured_media":33606,"comment_status":"closed","ping_status":"closed","sticky":false,"template":"","format":"standard","meta":{"_acf_changed":false,"footnotes":""},"categories":[309],"tags":[],"class_list":["post-33539","post","type-post","status-publish","format-standard","has-post-thumbnail","hentry","category-nk-hirek"],"acf":[],"_links":{"self":[{"href":"https:\/\/semmelweis.hu\/nki\/wp-json\/wp\/v2\/posts\/33539","targetHints":{"allow":["GET"]}}],"collection":[{"href":"https:\/\/semmelweis.hu\/nki\/wp-json\/wp\/v2\/posts"}],"about":[{"href":"https:\/\/semmelweis.hu\/nki\/wp-json\/wp\/v2\/types\/post"}],"author":[{"embeddable":true,"href":"https:\/\/semmelweis.hu\/nki\/wp-json\/wp\/v2\/users\/102198"}],"replies":[{"embeddable":true,"href":"https:\/\/semmelweis.hu\/nki\/wp-json\/wp\/v2\/comments?post=33539"}],"version-history":[{"count":9,"href":"https:\/\/semmelweis.hu\/nki\/wp-json\/wp\/v2\/posts\/33539\/revisions"}],"predecessor-version":[{"id":33611,"href":"https:\/\/semmelweis.hu\/nki\/wp-json\/wp\/v2\/posts\/33539\/revisions\/33611"}],"wp:featuredmedia":[{"embeddable":true,"href":"https:\/\/semmelweis.hu\/nki\/wp-json\/wp\/v2\/media\/33606"}],"wp:attachment":[{"href":"https:\/\/semmelweis.hu\/nki\/wp-json\/wp\/v2\/media?parent=33539"}],"wp:term":[{"taxonomy":"category","embeddable":true,"href":"https:\/\/semmelweis.hu\/nki\/wp-json\/wp\/v2\/categories?post=33539"},{"taxonomy":"post_tag","embeddable":true,"href":"https:\/\/semmelweis.hu\/nki\/wp-json\/wp\/v2\/tags?post=33539"}],"curies":[{"name":"wp","href":"https:\/\/api.w.org\/{rel}","templated":true}]}}