{"id":3578,"date":"2026-02-18T11:33:09","date_gmt":"2026-02-18T10:33:09","guid":{"rendered":"https:\/\/semmelweis.hu\/nepegeszsegtan\/?p=3578"},"modified":"2026-02-18T13:46:42","modified_gmt":"2026-02-18T12:46:42","slug":"5-eloadast-es-6-hallgatot-dijaztak-az-intezetbol-az-idei-tdk-konferencian","status":"publish","type":"post","link":"https:\/\/semmelweis.hu\/nepegeszsegtan\/2026\/02\/18\/5-eloadast-es-6-hallgatot-dijaztak-az-intezetbol-az-idei-tdk-konferencian\/","title":{"rendered":"5 el\u0151ad\u00e1st \u00e9s 6 hallgat\u00f3t d\u00edjaztak az int\u00e9zetb\u0151l az idei TDK konferenci\u00e1n"},"content":{"rendered":"<div class=\"lead\">Id\u00e9n febru\u00e1r 12-14. k\u00f6z\u00f6tt ker\u00fclt megrendez\u00e9sre az egyetemi TDK konferencia. Int\u00e9zet\u00fcnkb\u0151l 11 TDK-s hallgat\u00f3 szerepelt absztraktok szerz\u0151jek\u00e9nt, akik a konferenci\u00e1n \u00f6sszesen 7 el\u0151ad\u00e1st tartottak meg.<\/p>\n<hr \/>\n<\/div>\n<p><strong>K\u00d6ZEG\u00c9SZS\u00c9G\u00dcGY, EPIDEMIOL\u00d3GIA, PREVENCI\u00d3 A szekci\u00f3ban:<\/strong><\/p>\n<p>Dr. Cs\u00edp\u0151 Tam\u00e1s \u00e9s Dr. Lip\u00e9cz \u00c1gnes t\u00e9mavezet\u00e9s\u00e9ben:<\/p>\n<ul>\n<li><strong>Gy\u0151rffy Emese<\/strong> (SE \u00c1OK VI.) \u00e9s<strong> Ungv\u00e1ri Anna S\u00e1ra<\/strong> (SE \u00c1OK IV.): <em>A k\u00f6zponti idegrendszeri mikrocirkul\u00e1ci\u00f3s \u00e1llapot \u00e9s a motoros-kognit\u00edv teljes\u00edtm\u00e9ny \u00f6sszef\u00fcgg\u00e9sei a Semmelweis Study k\u00f6z\u00e9pkor\u00fa r\u00e9sztvev\u0151iben &#8211; <strong>II. helyez\u00e9s, OTDK javaslat<\/strong><\/em><\/li>\n<\/ul>\n<p>Dr. \u00c1rva Dorottya t\u00e9mavezet\u00e9s\u00e9ben:<\/p>\n<ul>\n<li><strong>Sud\u00e1r Luca \u00c9dua<\/strong> (SE \u00c1OK VI.):<em> A kort\u00e1rs iskolai eg\u00e9szs\u00e9gnevel\u00e9s hat\u00e1sa a serd\u00fcl\u0151k ismereteire a <\/em><em>doh\u00e1nyz\u00e1s k\u00e1ros hat\u00e1sair\u00f3l: A Balassagyarmati Eg\u00e9szs\u00e9gnevel\u0151 <\/em><em>Program \u00e9rt\u00e9kel\u00e9se &#8211; <strong>megosztott III. helyez\u00e9s<\/strong><\/em><\/li>\n<\/ul>\n<p>Dr. Cs\u00edp\u0151 Tam\u00e1s \u00e9s Prof. Dr. Ungv\u00e1ri Zolt\u00e1n t\u00e9mavezet\u00e9s\u00e9ben:<\/p>\n<ul>\n<li><strong>P\u00f3nyai Panna Ter\u00e9zia<\/strong> (SE \u00c1OK IV) \u00e9s <strong>K\u00e1llai Attila<\/strong> (SE \u00c1OK VI.): <em>A nagyerekben m\u00e9rt \u00e9rfali merevs\u00e9ghez t\u00e1rsul\u00f3 \u00e9letm\u00f3dbeli faktorok \u00e9s kis\u00e9rfunkci\u00f3s v\u00e1ltoz\u00e1sok vizsg\u00e1lata a Semmelweis Study r\u00e9sztvev\u0151iben<\/em><\/li>\n<li>S\u00e1ndor M\u00e1rton (SE \u00c1OK IV.): <em><em>A centr\u00e1lis elh\u00edz\u00e1shoz t\u00e1rsul\u00f3 k\u00f6zponti idegrendszeri mikrocirkul\u00e1ci\u00f3s v\u00e1ltoz\u00e1sok vizsg\u00e1lata retinaereken a Semmelweis Study k\u00f6z\u00e9pkor\u00fa r\u00e9sztvev\u0151iben<\/em><\/em><\/li>\n<\/ul>\n<hr \/>\n<p><strong>K\u00d6ZEG\u00c9SZS\u00c9G\u00dcGY, EPIDEMIOL\u00d3GIA, PREVENCI\u00d3 B szekci\u00f3ban:<\/strong><\/p>\n<p>Dr. Cs\u00edp\u0151 Tam\u00e1s t\u00e9mavezet\u00e9s\u00e9ben:<\/p>\n<ul>\n<li><strong>Ungv\u00e1ri Anna S\u00e1ra<\/strong> (SE \u00c1OK IV.) \u00e9s <strong>Gy\u0151rffy Emese<\/strong> (SE \u00c1OK VI.): <em>Retinal Microvascular Health as an Early Biomarker of Cognitive Vulnerability: Insights from the Semmelweis Study &#8211; <strong>I. helyez\u00e9s, OTDK jel\u00f6l\u00e9s<\/strong><\/em><\/li>\n<li><strong>Kiss R\u00e1hel Csenge<\/strong> (SE \u00c1OK V.): <em>A munka- \u00e9s szabadnapi alv\u00e1smin\u0151s\u00e9g k\u00fcl\u00f6nbs\u00e9g\u00e9hez t\u00e1rsul\u00f3 <\/em><em>sz\u00edvfrekvencia-variabilit\u00e1s vizsg\u00e1lata a Semmelweis Study k\u00f6z\u00e9pkor\u00fa <\/em><em>r\u00e9sztvev\u0151iben &#8211; <strong>II. helyez\u00e9s, OTDK javaslat<\/strong><\/em><\/li>\n<\/ul>\n<p>Dr. Major D\u00e1vid t\u00e9mavezet\u00e9s\u00e9ben:\u00a0<\/p>\n<ul>\n<li><strong>Elena Mishina<\/strong> (ELTE PPK BSc III.) \u00e9s <strong>Vivienne Seymour<\/strong> (SE \u00c1OK VI.): <em>Healthy Longevity Medicine: Knowledge and Career Interest Among Medical and Allied Health Students &#8211; <strong>megosztott III. helyez\u00e9s<\/strong><\/em><\/li>\n<\/ul>\n<p>A konferenci\u00e1r\u00f3l sz\u00f3l\u00f3 r\u00e9szletesebb le\u00edr\u00e1st \u00e9s a d\u00edjazottak teljes list\u00e1j\u00e1t <a href=\"https:\/\/semmelweis.hu\/hirek\/2026\/02\/17\/az-iden-is-rekordot-dontott-a-tdk-konferencia-a-semmelweis-egyetemen\/\">ez a cikk<\/a> mutatja be, az absztraktf\u00fczet pedig<a href=\"https:\/\/www.semmelweiskiado.hu\/termek\/2258\/orvoskepzes\/2026-ci-evfolyam-11-444\"> itt \u00e9rhet\u0151 el<\/a>.<\/p>\n<div class=\"fontos_div\">\n<p>Minden r\u00e9sztvev\u0151nek, d\u00edjazottnak \u00e9s t\u00e9mavezet\u0151iknek gratul\u00e1lunk!<\/p>\n<\/div>\n<p>&nbsp;<\/p>\n","protected":false},"excerpt":{"rendered":"<p>Id\u00e9n febru\u00e1r 12-14. k\u00f6z\u00f6tt ker\u00fclt megrendez\u00e9sre az egyetemi TDK konferencia. Int\u00e9zet\u00fcnkb\u0151l 11 TDK-s hallgat\u00f3 szerepelt absztraktok szerz\u0151jek\u00e9nt, akik a konferenci\u00e1n \u00f6sszesen 7 el\u0151ad\u00e1st tartottak meg. K\u00d6ZEG\u00c9SZS\u00c9G\u00dcGY, EPIDEMIOL\u00d3GIA, PREVENCI\u00d3 A szekci\u00f3ban: Dr. Cs\u00edp\u0151 Tam\u00e1s \u00e9s Dr. Lip\u00e9cz \u00c1gnes t\u00e9mavezet\u00e9s\u00e9ben: Gy\u0151rffy Emese (SE \u00c1OK VI.) \u00e9s Ungv\u00e1ri Anna S\u00e1ra (SE \u00c1OK IV.): A k\u00f6zponti idegrendszeri mikrocirkul\u00e1ci\u00f3s \u00e1llapot &hellip;<\/p>\n","protected":false},"author":101724,"featured_media":0,"comment_status":"closed","ping_status":"closed","sticky":false,"template":"","format":"standard","meta":{"_acf_changed":false,"footnotes":""},"categories":[38],"tags":[],"class_list":["post-3578","post","type-post","status-publish","format-standard","hentry","category-hireink"],"acf":[],"_links":{"self":[{"href":"https:\/\/semmelweis.hu\/nepegeszsegtan\/wp-json\/wp\/v2\/posts\/3578","targetHints":{"allow":["GET"]}}],"collection":[{"href":"https:\/\/semmelweis.hu\/nepegeszsegtan\/wp-json\/wp\/v2\/posts"}],"about":[{"href":"https:\/\/semmelweis.hu\/nepegeszsegtan\/wp-json\/wp\/v2\/types\/post"}],"author":[{"embeddable":true,"href":"https:\/\/semmelweis.hu\/nepegeszsegtan\/wp-json\/wp\/v2\/users\/101724"}],"replies":[{"embeddable":true,"href":"https:\/\/semmelweis.hu\/nepegeszsegtan\/wp-json\/wp\/v2\/comments?post=3578"}],"version-history":[{"count":7,"href":"https:\/\/semmelweis.hu\/nepegeszsegtan\/wp-json\/wp\/v2\/posts\/3578\/revisions"}],"predecessor-version":[{"id":3586,"href":"https:\/\/semmelweis.hu\/nepegeszsegtan\/wp-json\/wp\/v2\/posts\/3578\/revisions\/3586"}],"wp:attachment":[{"href":"https:\/\/semmelweis.hu\/nepegeszsegtan\/wp-json\/wp\/v2\/media?parent=3578"}],"wp:term":[{"taxonomy":"category","embeddable":true,"href":"https:\/\/semmelweis.hu\/nepegeszsegtan\/wp-json\/wp\/v2\/categories?post=3578"},{"taxonomy":"post_tag","embeddable":true,"href":"https:\/\/semmelweis.hu\/nepegeszsegtan\/wp-json\/wp\/v2\/tags?post=3578"}],"curies":[{"name":"wp","href":"https:\/\/api.w.org\/{rel}","templated":true}]}}