{"id":3542,"date":"2025-09-05T16:56:24","date_gmt":"2025-09-05T14:56:24","guid":{"rendered":"https:\/\/semmelweis.hu\/nepegeszsegtan\/?p=3542"},"modified":"2025-09-08T17:59:09","modified_gmt":"2025-09-08T15:59:09","slug":"xxx-primer-prevencios-forum-2025-oktober-9","status":"publish","type":"post","link":"https:\/\/semmelweis.hu\/nepegeszsegtan\/2025\/09\/05\/xxx-primer-prevencios-forum-2025-oktober-9\/","title":{"rendered":"XXX. Primer Prevenci\u00f3s F\u00f3rum, 2025. okt\u00f3ber 9."},"content":{"rendered":"<p>Tisztelt Koll\u00e9g\u00e1k, \u00e9s Kedves PPF t\u00f6rzstagok!<\/p>\n<p>A Primer Prevenci\u00f3s F\u00f3rum (PPF) t\u00f6rt\u00e9net\u00e9ben olyan fordul\u00f3ponthoz \u00e9rkezt\u00fcnk, amit 30 \u00e9vvel ezel\u0151tti megalap\u00edt\u00e1sakor m\u00e9g rem\u00e9lt\u00fcnk. M\u00e1r az elm\u00falt \u00e9vben is k\u00f6rvonalaz\u00f3dott ez a nagy v\u00e1ltoz\u00e1s, amikor a Semmelweis Egyetem Rektora, Merkely B\u00e9la professzor \u00far felkarolta rendezv\u00e9ny\u00fcnket \u00e9s az anyagi t\u00e1mogat\u00e1sa mell\u00e9 a D\u00edsztermet is felaj\u00e1nlotta \u00e1lland\u00f3 kongresszusunk megtart\u00e1s\u00e1ra. Siker\u00fclt bevonni a kongresszus r\u00e9sztvev\u0151i k\u00f6z\u00e9 az egyetem hallgat\u00f3it, ami azt \u00edg\u00e9ri, hogy a prevenci\u00f3s szeml\u00e9let a j\u00f6v\u0151 szakemberei sz\u00e1m\u00e1ra priorit\u00e1sk\u00e9nt fog szerepelni. Az idei 30-dik jubileumi kongresszust 2025. okt\u00f3ber 9-\u00e9n, 9 \u00f3rai kezdettel a NET D\u00edszterm\u00e9ben tartjuk. Ez az \u00fcnnep okot ad arra, hogy visszatekints\u00fcnk az eddig megtett \u00fatra, az eredm\u00e9nyekre \u00e9s a kudarcokra egyar\u00e1nt. \u00d6r\u00f6mmel l\u00e1tjuk azt a fejl\u0151d\u00e9st, ami az eg\u00e9szs\u00e9g\u00fcgyben foglalkoztatottak eg\u00e9szs\u00e9gv\u00e9delm\u00e9ben t\u00f6rt\u00e9nt, ugyanakkor l\u00e1tjuk, hogy csak nehezen v\u00e1ltozik a szeml\u00e9let. Tematikus konferenci\u00e1inkon szakmai anyagokkal, kiadv\u00e1nyokkal seg\u00edtett\u00fcnk pl.a citosztatikumok el\u0151\u00e1ll\u00edt\u00e1s\u00e1nak biztons\u00e1goss\u00e1 t\u00e9tel\u00e9ben, vagy az etil\u00e9noxidos k\u00e9zi steriliz\u00e1l\u00e1s megsz\u00fcntet\u00e9s\u00e9ben. Szorgalmaztuk az orvosok, n\u0151v\u00e9rek \u00e9s az egy\u00e9b eg\u00e9szs\u00e9g\u00fcgyi szem\u00e9lyzet sz\u00e1m\u00e1ra azt a lehet\u0151s\u00e9get, hogy a betegekt\u0151l sz\u00e1rmaz\u00f3 fert\u0151z\u00e9sek okozta megbeteged\u00e9seket munkahelyi \u00e1rtalomk\u00e9nt kezelj\u00e9k. Ez k\u00fcl\u00f6n\u00f6sen sokakat \u00e9rintett az \u00e9rintett dolgoz\u00f3k sz\u00e1m\u00e1ra a Covid j\u00e1rv\u00e1ny idej\u00e9n. A k\u00f3rh\u00e1zi vesz\u00e9lyes hullad\u00e9kok kezel\u00e9s\u00e9nek helyes gyakorlat\u00e1nak bemutat\u00e1s\u00e1val a F\u00f3rum minden l\u00e9p\u00e9sn\u00e9l seg\u00e9dkezet ny\u00fajtott a szakm\u00e1nak. Foglalkoztunk a fiatalokat vesz\u00e9lyeztet\u0151 k\u00e1ros szenved\u00e9lyek megel\u0151z\u00e9s\u00e9vel, a sportol\u00e1s \u00e9s a helyes \u00e9trend gyakorlat\u00e1val, az elh\u00edz\u00e1si j\u00e1rv\u00e1ny kezel\u00e9s\u00e9vel, a stressz okozta \u00e1rtalmakkal, a kemiz\u00e1ci\u00f3 k\u00e9rd\u00e9sei mellett a k\u00f6rnyezet \u00e9s a globaliz\u00e1ci\u00f3 eg\u00e9szs\u00e9gre gyakorolt hat\u00e1saival. Tov\u00e1bb\u00e1 kiemelt figyelmet szentelt\u00fcnk a r\u00e1k korai felismer\u00e9s\u00e9re, \u00e9s primer prevenci\u00f3j\u00e1ra f\u0151leg a genetikai v\u00e1ltoz\u00e1sok monitoroz\u00e1s\u00e1nak m\u00f3dszer\u00e9vel \u00e9s a v\u00e9d\u0151olt\u00e1sok seg\u00edts\u00e9g\u00e9vel. Sz\u00e1mos egy\u00e9b t\u00e9ma mellett a tavalyi konferencia az eg\u00e9szs\u00e9ges \u00f6reged\u00e9s t\u00e9mak\u00f6r\u00e9t vitatta meg, ami jelenleg a legjobban izgatja a tudom\u00e1nyos k\u00f6z\u00e9letet \u00e9s a k\u00f6zv\u00e9lem\u00e9nyt egyar\u00e1nt. Ezen az \u00fcnnepi konferenci\u00e1n r\u00e9gi \u00e9s \u00faj tagokat \u00e9s minden \u00e9rdekl\u0151d\u0151t szeretettel v\u00e1runk. A felh\u00edv\u00e1shoz csatolom a konferencia programj\u00e1t, amin a r\u00e9szv\u00e9tel ingyenes, de regisztr\u00e1ci\u00f3hoz k\u00f6t\u00f6tt. Regisztr\u00e1lni a mell\u00e9kelt \u0171rlapon lehet, amit k\u00e9rem k\u00fcldjenek vissza az al\u00e1bbi e-mail c\u00edmre:<\/p>\n<p>szentgyorgyi.hajnal@semmelweis.hu<\/p>\n<p>Sz\u00edv\u00e9lyes \u00fcdv\u00f6zlettel:<br \/>\nProf. Tompa Anna<br \/>\na PPF alap\u00edt\u00f3 eln\u00f6ke<\/p>\n<p><a href=\"https:\/\/semmelweis.hu\/nepegeszsegtan\/files\/2025\/09\/Meghivo-a-30.-Jubileumi-Primer-Prevencio-Forumra.pdf\">PPF megh\u00edv\u00f3<\/a><\/p>\n<p><a href=\"https:\/\/semmelweis.hu\/nepegeszsegtan\/files\/2025\/09\/PPF-30.-Jelentkezesi-lap.pdf\">PPF jelentkez\u00e9si lap<\/a><\/p>\n<p><a href=\"https:\/\/semmelweis.hu\/nepegeszsegtan\/files\/2025\/09\/PPF-30.-Program.pdf\">PPF program<\/a><\/p>\n","protected":false},"excerpt":{"rendered":"<p>Tisztelt Koll\u00e9g\u00e1k, \u00e9s Kedves PPF t\u00f6rzstagok! A Primer Prevenci\u00f3s F\u00f3rum (PPF) t\u00f6rt\u00e9net\u00e9ben olyan fordul\u00f3ponthoz \u00e9rkezt\u00fcnk, amit 30 \u00e9vvel ezel\u0151tti megalap\u00edt\u00e1sakor m\u00e9g rem\u00e9lt\u00fcnk. M\u00e1r az elm\u00falt \u00e9vben is k\u00f6rvonalaz\u00f3dott ez a nagy v\u00e1ltoz\u00e1s, amikor a Semmelweis Egyetem Rektora, Merkely B\u00e9la professzor \u00far felkarolta rendezv\u00e9ny\u00fcnket \u00e9s az anyagi t\u00e1mogat\u00e1sa mell\u00e9 a D\u00edsztermet is felaj\u00e1nlotta \u00e1lland\u00f3 kongresszusunk megtart\u00e1s\u00e1ra. &hellip;<\/p>\n","protected":false},"author":52,"featured_media":0,"comment_status":"closed","ping_status":"closed","sticky":false,"template":"","format":"standard","meta":{"_acf_changed":false,"footnotes":""},"categories":[38],"tags":[60,62],"class_list":["post-3542","post","type-post","status-publish","format-standard","hentry","category-hireink","tag-ppf","tag-primer-prevencios-forum"],"acf":[],"_links":{"self":[{"href":"https:\/\/semmelweis.hu\/nepegeszsegtan\/wp-json\/wp\/v2\/posts\/3542","targetHints":{"allow":["GET"]}}],"collection":[{"href":"https:\/\/semmelweis.hu\/nepegeszsegtan\/wp-json\/wp\/v2\/posts"}],"about":[{"href":"https:\/\/semmelweis.hu\/nepegeszsegtan\/wp-json\/wp\/v2\/types\/post"}],"author":[{"embeddable":true,"href":"https:\/\/semmelweis.hu\/nepegeszsegtan\/wp-json\/wp\/v2\/users\/52"}],"replies":[{"embeddable":true,"href":"https:\/\/semmelweis.hu\/nepegeszsegtan\/wp-json\/wp\/v2\/comments?post=3542"}],"version-history":[{"count":4,"href":"https:\/\/semmelweis.hu\/nepegeszsegtan\/wp-json\/wp\/v2\/posts\/3542\/revisions"}],"predecessor-version":[{"id":3550,"href":"https:\/\/semmelweis.hu\/nepegeszsegtan\/wp-json\/wp\/v2\/posts\/3542\/revisions\/3550"}],"wp:attachment":[{"href":"https:\/\/semmelweis.hu\/nepegeszsegtan\/wp-json\/wp\/v2\/media?parent=3542"}],"wp:term":[{"taxonomy":"category","embeddable":true,"href":"https:\/\/semmelweis.hu\/nepegeszsegtan\/wp-json\/wp\/v2\/categories?post=3542"},{"taxonomy":"post_tag","embeddable":true,"href":"https:\/\/semmelweis.hu\/nepegeszsegtan\/wp-json\/wp\/v2\/tags?post=3542"}],"curies":[{"name":"wp","href":"https:\/\/api.w.org\/{rel}","templated":true}]}}