{"id":3502,"date":"2024-04-03T13:38:14","date_gmt":"2024-04-03T11:38:14","guid":{"rendered":"https:\/\/semmelweis.hu\/nepegeszsegtan\/?p=3502"},"modified":"2024-04-03T13:40:14","modified_gmt":"2024-04-03T11:40:14","slug":"3502","status":"publish","type":"post","link":"https:\/\/semmelweis.hu\/nepegeszsegtan\/2024\/04\/03\/3502\/","title":{"rendered":"XXIX. Primer Prevenci\u00f3s F\u00f3rum, 2024. \u00e1prilis 25., Gondoskod\u00f3 egyetem &#8211; Eg\u00e9szs\u00e9ges \u00f6reged\u00e9s"},"content":{"rendered":"<p>Tisztelt Semmelweis Polg\u00e1rok, Kedves Hallgat\u00f3k!<\/p>\n<p>Egyetem\u00fcnk hossz\u00fat\u00e1v\u00fa strat\u00e9gi\u00e1j\u00e1nak nem csup\u00e1n az a c\u00e9lja, hogy nemzetk\u00f6zi szinten is elismert oktat\u00e1st, gy\u00f3gy\u00edt\u00e1st biztos\u00edtson, hanem k\u00fcldet\u00e9s\u00e9nek \u00e9rzi azt, hogy az eg\u00e9szs\u00e9ges \u00e9letm\u00f3dra \u00e9s az eg\u00e9szs\u00e9g meg\u0151rz\u00e9s\u00e9re a lakoss\u00e1g sz\u00e1m\u00e1ra is k\u00f6nnyen hozz\u00e1f\u00e9rhet\u0151 modellt dolgozzon ki. Ennek egyik eszk\u00f6ze az a nemzetk\u00f6zi kollabor\u00e1ci\u00f3ban indul\u00f3 projekt (Semmelweis Study), amelynek bemutat\u00e1s\u00e1ra a Primer Prevenci\u00f3s F\u00f3rum 29. kongresszusa v\u00e1llalkozott. A 30 \u00e9ves m\u00faltra visszatekint\u0151 kongresszust az Egyetem\u00fcnk vezet\u00e9se, <strong>Merkely B\u00e9la rektor \u00far \u00e9s a Bel\u00fcgyminiszt\u00e9rium, Pint\u00e9r S\u00e1ndor is t\u00e1mogatja, <\/strong>\u00edgy els\u0151 alkalommal a NET \u00e9p\u00fclet D\u00edszterm\u00e9ben rendezz\u00fck meg. Erre az esem\u00e9nyre szeretettel megh\u00edvom \u00d6n\u00f6ket 2024 \u00e1prilis 25-\u00e9n cs\u00fct\u00f6rt\u00f6k\u00f6n. A felh\u00edv\u00e1shoz mell\u00e9kelem az eg\u00e9sznapos rendezv\u00e9ny programj\u00e1t, amihez t\u00f6rt\u00e9n\u0151 csatlakoz\u00e1s regisztr\u00e1ci\u00f3hoz k\u00f6t\u00f6tt.<\/p>\n<p>Prof. Dr. Tompa Anna a PPF eln\u00f6ke<\/p>\n<p><a href=\"https:\/\/semmelweis.hu\/nepegeszsegtan\/files\/2024\/04\/PPF_2024_program.pdf\">PPF program<\/a><\/p>\n<p><a href=\"https:\/\/semmelweis.hu\/nepegeszsegtan\/files\/2024\/04\/JELENTKEZESI-LAP-2024.doc\">PPF jelentkez\u00e9si lap<\/a><\/p>\n<p>&nbsp;<\/p>\n","protected":false},"excerpt":{"rendered":"<p>Tisztelt Semmelweis Polg\u00e1rok, Kedves Hallgat\u00f3k! Egyetem\u00fcnk hossz\u00fat\u00e1v\u00fa strat\u00e9gi\u00e1j\u00e1nak nem csup\u00e1n az a c\u00e9lja, hogy nemzetk\u00f6zi szinten is elismert oktat\u00e1st, gy\u00f3gy\u00edt\u00e1st biztos\u00edtson, hanem k\u00fcldet\u00e9s\u00e9nek \u00e9rzi azt, hogy az eg\u00e9szs\u00e9ges \u00e9letm\u00f3dra \u00e9s az eg\u00e9szs\u00e9g meg\u0151rz\u00e9s\u00e9re a lakoss\u00e1g sz\u00e1m\u00e1ra is k\u00f6nnyen hozz\u00e1f\u00e9rhet\u0151 modellt dolgozzon ki. Ennek egyik eszk\u00f6ze az a nemzetk\u00f6zi kollabor\u00e1ci\u00f3ban indul\u00f3 projekt (Semmelweis Study), amelynek bemutat\u00e1s\u00e1ra &hellip;<\/p>\n","protected":false},"author":52,"featured_media":0,"comment_status":"closed","ping_status":"closed","sticky":false,"template":"","format":"standard","meta":{"_acf_changed":false,"footnotes":""},"categories":[38],"tags":[60,62,64],"class_list":["post-3502","post","type-post","status-publish","format-standard","hentry","category-hireink","tag-ppf","tag-primer-prevencios-forum","tag-semmelweis-study"],"acf":[],"_links":{"self":[{"href":"https:\/\/semmelweis.hu\/nepegeszsegtan\/wp-json\/wp\/v2\/posts\/3502","targetHints":{"allow":["GET"]}}],"collection":[{"href":"https:\/\/semmelweis.hu\/nepegeszsegtan\/wp-json\/wp\/v2\/posts"}],"about":[{"href":"https:\/\/semmelweis.hu\/nepegeszsegtan\/wp-json\/wp\/v2\/types\/post"}],"author":[{"embeddable":true,"href":"https:\/\/semmelweis.hu\/nepegeszsegtan\/wp-json\/wp\/v2\/users\/52"}],"replies":[{"embeddable":true,"href":"https:\/\/semmelweis.hu\/nepegeszsegtan\/wp-json\/wp\/v2\/comments?post=3502"}],"version-history":[{"count":2,"href":"https:\/\/semmelweis.hu\/nepegeszsegtan\/wp-json\/wp\/v2\/posts\/3502\/revisions"}],"predecessor-version":[{"id":3507,"href":"https:\/\/semmelweis.hu\/nepegeszsegtan\/wp-json\/wp\/v2\/posts\/3502\/revisions\/3507"}],"wp:attachment":[{"href":"https:\/\/semmelweis.hu\/nepegeszsegtan\/wp-json\/wp\/v2\/media?parent=3502"}],"wp:term":[{"taxonomy":"category","embeddable":true,"href":"https:\/\/semmelweis.hu\/nepegeszsegtan\/wp-json\/wp\/v2\/categories?post=3502"},{"taxonomy":"post_tag","embeddable":true,"href":"https:\/\/semmelweis.hu\/nepegeszsegtan\/wp-json\/wp\/v2\/tags?post=3502"}],"curies":[{"name":"wp","href":"https:\/\/api.w.org\/{rel}","templated":true}]}}