{"id":465,"date":"2022-10-21T07:05:52","date_gmt":"2022-10-21T05:05:52","guid":{"rendered":"https:\/\/semmelweis.hu\/neoa\/?p=465"},"modified":"2023-10-11T15:14:27","modified_gmt":"2023-10-11T13:14:27","slug":"rektori-palyazati-felhivas","status":"publish","type":"post","link":"https:\/\/semmelweis.hu\/neoa\/2022\/10\/21\/rektori-palyazati-felhivas\/","title":{"rendered":"Rektori p\u00e1ly\u00e1zati felh\u00edv\u00e1s"},"content":{"rendered":"<div class=\"keretes w-100\">\n<p>A Semmelweis Egyetem rektor\u00e1nak megb\u00edzat\u00e1sa 2023. j\u00fanius 30-\u00e1n lej\u00e1r, ez\u00e9rt a Nemzeti Eg\u00e9szs\u00e9g\u00fcgyi \u00e9s Orvosk\u00e9pz\u00e9s\u00e9rt Alap\u00edtv\u00e1ny <strong>p\u00e1ly\u00e1zatot \u00edrt ki a rektori (magasabb vezet\u0151i) megb\u00edz\u00e1s ell\u00e1t\u00e1s\u00e1ra<\/strong>. A megb\u00edz\u00e1s hat\u00e1rozott id\u0151re, 2023. j\u00falius 1. napj\u00e1t\u00f3l 5 \u00e9vre sz\u00f3l. A p\u00e1ly\u00e1zatokat a felh\u00edv\u00e1s k\u00f6zz\u00e9t\u00e9tel\u00e9t k\u00f6vet\u0151en legk\u00e9s\u0151bb <strong>2022. december 21. napj\u00e1n 16.00 \u00f3r\u00e1ig<\/strong> kell beny\u00fajtani. A p\u00e1ly\u00e1zati felh\u00edv\u00e1s sz\u00f6vege az al\u00e1bbiakban olvashat\u00f3.<\/p>\n<p><strong><span style=\"color: #ff6600\">A p\u00e1ly\u00e1zat lez\u00e1rult. <\/span><\/strong><\/p>\n<p><strong><span style=\"color: #ff6600\">A Nemzeti Eg\u00e9szs\u00e9g\u00fcgyi \u00e9s Orvosk\u00e9pz\u00e9s\u00e9rt Alap\u00edtv\u00e1ny Kurat\u00f3riuma d\u00f6nt\u00e9st hozott arr\u00f3l, hogy a Semmelweis Egyetem Szen\u00e1tusa \u00e1ltal megv\u00e1lasztott rektorjel\u00f6ltet, Dr. Merkely B\u00e9la egyetemi tan\u00e1rt k\u00edv\u00e1nja a rektori magasabb vezet\u0151i feladatokkal megb\u00edzni, ez\u00e9rt a Kultur\u00e1lis \u00e9s Innov\u00e1ci\u00f3s Miniszt\u00e9rium \u00fatj\u00e1n kezdem\u00e9nyezte a K\u00f6zt\u00e1rsas\u00e1gi Eln\u00f6k \u00e1ltali kinevez\u00e9s\u00e9t. <br \/>\n<\/span><\/strong><\/p>\n<\/div>\n<p style=\"text-align: right\"><strong>Ikt: 63\/NEOALAP\/2022<\/strong><\/p>\n<h4 style=\"text-align: center\"><strong>Nemzeti Eg\u00e9szs\u00e9g\u00fcgyi \u00e9s Orvosk\u00e9pz\u00e9s\u00e9rt Alap\u00edtv\u00e1ny<\/strong><strong>\u00a0<\/strong><\/h4>\n<p style=\"text-align: center\">a nemzeti fels\u0151oktat\u00e1sr\u00f3l sz\u00f3l\u00f3 2011. \u00e9vi CCIV. t\u00f6rv\u00e9ny, a Semmelweis Egyetem Alap\u00edt\u00f3 Okirata, <br \/>\nvalamint Szervezeti \u00e9s M\u0171k\u00f6d\u00e9si Szab\u00e1lyzata alapj\u00e1n p\u00e1ly\u00e1zatot hirdet a<\/p>\n<h4 style=\"text-align: center\">Semmelweis Egyetem<br \/>\nrektori (magasabb vezet\u0151i) megb\u00edz\u00e1s\u00e1nak ell\u00e1t\u00e1s\u00e1ra\u00a0<\/h4>\n<p><strong>A jogviszony id\u0151tartama:<\/strong><\/p>\n<p>Hat\u00e1rozatlan idej\u0171 munkajogviszony.<\/p>\n<p><strong>A foglalkoztat\u00e1s jellege: <\/strong><\/p>\n<p>A munka t\u00f6rv\u00e9nyk\u00f6nyv\u00e9r\u0151l sz\u00f3l\u00f3 2012. \u00e9vi I. t\u00f6rv\u00e9ny szerinti vezet\u0151 \u00e1ll\u00e1s\u00fa munkav\u00e1llal\u00f3ra vonatkoz\u00f3 teljes munkaidej\u0171 munkaviszony.<\/p>\n<p><strong>A magasabb vezet\u0151i megb\u00edz\u00e1s id\u0151tartama:<\/strong><\/p>\n<p>A magasabb vezet\u0151i megb\u00edz\u00e1s hat\u00e1rozott id\u0151re, 2023. j\u00falius 1. napj\u00e1t\u00f3l 5 \u00e9vre sz\u00f3l.<\/p>\n<p><strong>A munkav\u00e9gz\u00e9s helye:<\/strong><\/p>\n<p>Semmelweis Egyetem sz\u00e9khelye (1085 Budapest, \u00dcll\u0151i \u00fat 26.) \u00e9s telephelyei<\/p>\n<p><strong>A magasabb vezet\u0151i megb\u00edz\u00e1ssal j\u00e1r\u00f3 l\u00e9nyeges feladatok:<\/strong><\/p>\n<p>A hat\u00e1lyos jogszab\u00e1lyok, az Alap\u00edt\u00f3 Okirat, valamint az int\u00e9zm\u00e9ny Szervezeti \u00e9s M\u0171k\u00f6d\u00e9si Szab\u00e1lyzata alapj\u00e1n a rektor ell\u00e1tja az int\u00e9zm\u00e9ny ir\u00e1ny\u00edt\u00e1s\u00e1val \u00f6sszef\u00fcgg\u0151 feladatokat, k\u00fcl\u00f6n\u00f6sen:<\/p>\n<ul>\n<li>felel\u0151s az egyetem alaptev\u00e9kenys\u00e9g\u00e9nek ir\u00e1ny\u00edt\u00e1s\u00e1\u00e9rt, az oktat\u00e1s, tudom\u00e1nyos kutat\u00e1s, betegell\u00e1t\u00e1s folyamatos fejleszt\u00e9s\u00e9\u00e9rt, e k\u00f6rben ir\u00e1ny\u00edt vagy fenntart\u00f3i jogot gyakorol a Szervezeti \u00e9s M\u0171k\u00f6d\u00e9si Szab\u00e1lyzatban meghat\u00e1rozottak szerint a klinikai k\u00f6zpont, valamint az egyetem fenntart\u00e1s\u00e1ban m\u0171k\u00f6d\u0151 k\u00f6znevel\u00e9si int\u00e9zm\u00e9nyek \u00e9s szakk\u00e9pz\u0151 int\u00e9zm\u00e9nyek tekintet\u00e9ben,<\/li>\n<li>k\u00e9pviseli az egyetemet a nemzetk\u00f6zi kapcsolatok tekintet\u00e9ben; koordin\u00e1lja a hazai fels\u0151oktat\u00e1si int\u00e9zm\u00e9nyekkel t\u00f6rt\u00e9n\u0151 szakmai kapcsolattart\u00e1st, \u00e9s a fels\u0151oktat\u00e1s orsz\u00e1gos szervezeteivel t\u00f6rt\u00e9n\u0151 egy\u00fcttm\u0171k\u00f6d\u00e9st, k\u00e9pviseli az egyetemet a Magyar Rektori Konferencia szervezet\u00e9ben,<\/li>\n<li>felel\u0151s az\u00e9rt, hogy az int\u00e9zm\u00e9ny k\u00e9pz\u00e9si programja a vonatkoz\u00f3 jogszab\u00e1lyi rendelkez\u00e9sekkel \u00f6sszhangban \u00e1lljon,<\/li>\n<li>felel\u0151s az int\u00e9zm\u00e9ny m\u0171k\u00f6d\u00e9si enged\u00e9ly\u00e9nek m\u00f3dos\u00edt\u00e1s\u00e1hoz, k\u00e9pz\u00e9sek ind\u00edt\u00e1s\u00e1hoz, a doktori iskola nyilv\u00e1ntart\u00e1sba v\u00e9tel\u00e9hez, a fels\u0151oktat\u00e1si felv\u00e9teli elj\u00e1r\u00e1shoz sz\u00fcks\u00e9ges, jogszab\u00e1lyban meghat\u00e1rozott int\u00e9zked\u00e9sek kiadm\u00e1nyoz\u00e1s\u00e1\u00e9rt,<\/li>\n<li>az Alap\u00edt\u00f3 Okirat V.8. pontja szerint feladat- \u00e9s hat\u00e1sk\u00f6r\u00e9ben gyakorolja a munk\u00e1ltat\u00f3i jogokat, tov\u00e1bb\u00e1 a megb\u00edz\u00e1si jogviszonnyal kapcsolatos, a megb\u00edz\u00f3t megillet\u0151 jogosults\u00e1gokat,<\/li>\n<li>a hat\u00e1sk\u00f6r\u00e9be tartoz\u00f3 \u00fcgyek tekintet\u00e9ben kapcsolatot tart az \u00e9rdekk\u00e9pviseleti szervezetekkel, a hallgat\u00f3i \u00e9s a doktorandusz \u00f6nkorm\u00e1nyzattal,<\/li>\n<li>ell\u00e1tja a jogszab\u00e1lyok, az int\u00e9zm\u00e9ny alap\u00edt\u00f3 okirata, valamint Szervezeti \u00e9s M\u0171k\u00f6d\u00e9si Szab\u00e1lyzata \u00e1ltal meghat\u00e1rozott tov\u00e1bbi feladatokat.<\/li>\n<\/ul>\n<p><strong>Munkab\u00e9r \u00e9s juttat\u00e1sok: <\/strong><\/p>\n<p>A munkab\u00e9r \u00e9s juttat\u00e1sok meg\u00e1llap\u00edt\u00e1sa megegyez\u00e9s szerint t\u00f6rt\u00e9nik.<\/p>\n<p><strong>P\u00e1ly\u00e1zati felt\u00e9telek: <\/strong><\/p>\n<ul>\n<li>mesterfokozat (vagy az Nftv. 112. \u00a7 (7) bekezd\u00e9se alapj\u00e1n azzal egyen\u00e9rt\u00e9k\u0171 egyetemi szint\u0171 v\u00e9gzetts\u00e9g) \u00e9s szakk\u00e9pzetts\u00e9g;<\/li>\n<li>az Nftv. szerinti tudom\u00e1nyos fokozat;<\/li>\n<li>a fels\u0151oktat\u00e1si int\u00e9zm\u00e9nnyel egyetemi tan\u00e1ri munkak\u00f6rben teljes munkaid\u0151re, hat\u00e1rozatlan id\u0151re sz\u00f3l\u00f3 munkaviszonyban \u00e1ll, illetve akivel ilyen jogviszonyt l\u00e9tes\u00edtenek;<\/li>\n<li>fels\u0151oktat\u00e1si int\u00e9zm\u00e9nyben szerzett vezet\u00e9si, szervez\u00e9si ismeretek \u00e9s gyakorlat;<\/li>\n<li>legal\u00e1bb egy \u201eC\u201d t\u00edpus\u00fa (komplex) k\u00f6z\u00e9pfok\u00fa (B2 szint\u0171) \u00e1llamilag elismert \u00e1ltal\u00e1nos nyelvi vagy azzal egyen\u00e9rt\u00e9k\u0171 nyelvvizsga;<\/li>\n<li>b\u00fcntetlen el\u0151\u00e9let, tov\u00e1bb\u00e1 az, hogy a p\u00e1ly\u00e1z\u00f3 ne \u00e1lljon a tev\u00e9kenys\u00e9g folytat\u00e1s\u00e1t kiz\u00e1r\u00f3 foglalkoztat\u00e1st\u00f3l eltilt\u00e1s hat\u00e1lya alatt;<\/li>\n<li>magyar \u00e1llampolg\u00e1r, vagy k\u00fcl\u00f6n jogszab\u00e1ly szerint a szabad mozg\u00e1s \u00e9s tart\u00f3zkod\u00e1s jog\u00e1val rendelkez\u0151, illetve bev\u00e1ndorolt vagy letelepedett szem\u00e9ly legyen.<strong style=\"font-size: 1rem\">\u00a0<\/strong><\/li>\n<\/ul>\n<p><strong>A p\u00e1ly\u00e1zatnak tartalmaznia kell a p\u00e1ly\u00e1z\u00f3:<\/strong><\/p>\n<ul>\n<li>jelentkez\u00e9s\u00e9t a p\u00e1ly\u00e1zati ki\u00edr\u00e1sban foglaltakra (iktat\u00f3sz\u00e1m hivatkoz\u00e1s\u00e1val),<\/li>\n<li>eredeti al\u00e1\u00edr\u00e1ssal ell\u00e1tott \u00f6n\u00e9letrajzot,<\/li>\n<li>szakmai, illet\u0151leg oktat\u00e1si, tudom\u00e1nyos kutat\u00e1si munk\u00e1j\u00e1nak, eddigi vezet\u0151i tev\u00e9kenys\u00e9g\u00e9nek, szakmai eredm\u00e9nyeinek r\u00e9szletes le\u00edr\u00e1s\u00e1t,<\/li>\n<li>az int\u00e9zm\u00e9ny vezet\u00e9s\u00e9vel kapcsolatos terveit, azok megval\u00f3s\u00edt\u00e1s\u00e1ra vonatkoz\u00f3 elk\u00e9pzel\u00e9seit, melynek \u00f6ssze\u00e1ll\u00edt\u00e1s\u00e1hoz a p\u00e1ly\u00e1zati felh\u00edv\u00e1s k\u00f6zz\u00e9t\u00e9tel\u00e9nek napj\u00e1t\u00f3l december 5. napj\u00e1ig a p\u00e1ly\u00e1z\u00f3 a sz\u00fcks\u00e9ges k\u00f6z\u00e9rdek\u0171 inform\u00e1ci\u00f3k, adatok megismer\u00e9se ir\u00e1nt \u00edr\u00e1sban vagy elektronikus \u00faton \u2013 a <a href=\"mailto:rektorhelyettes@semmelweis-univ.hu\">rektorhelyettes@semmelweis-univ.hu<\/a> e-mail c\u00edmen \u2013 az \u00e1ltal\u00e1nos rektorhelyetteshez fordulhat azzal, hogy adatk\u00e9r\u00e9s\u00e9t m\u00e1solatban megk\u00fcldi a <a href=\"mailto:rektoripalyazat.neoa@semmelweis.hu\">rektoripalyazat.neoa@semmelweis.hu<\/a> email c\u00edmre is,<\/li>\n<li>MTMT rendszerben el\u00e9rhet\u0151 publik\u00e1ci\u00f3inak list\u00e1j\u00e1t (kiz\u00e1r\u00f3lag az elektronikusan megk\u00fcld\u00f6tt p\u00e1ly\u00e1zatban kell mell\u00e9kelni) \u00e9s tudom\u00e1nymetriai t\u00e1bl\u00e1zatait (az Egyetem K\u00f6zponti K\u00f6nyvt\u00e1ra \u00e1ltal hiteles\u00edtve),<\/li>\n<li>munkahely\u00e9nek megnevez\u00e9s\u00e9t, kor\u00e1bbi \u00e9s jelenlegi beoszt\u00e1sait (a vezet\u0151i megb\u00edz\u00e1s id\u0151tartam\u00e1nak megjel\u00f6l\u00e9s\u00e9vel), munkak\u00f6ri besorol\u00e1s\u00e1t tan\u00fas\u00edt\u00f3 igazol\u00e1st,<\/li>\n<li>v\u00e9gzetts\u00e9get, szakk\u00e9pzetts\u00e9get, tudom\u00e1nyos fokozatot, egyetemi tan\u00e1ri kinevez\u00e9st, idegennyelv-tud\u00e1st tan\u00fas\u00edt\u00f3 okiratok k\u00f6zjegyz\u0151 \u00e1ltal hiteles\u00edtett m\u00e1solat\u00e1t, amennyiben a Semmelweis Egyetemmel munkaviszonyban \u00e1ll, ezen dokumentumok Emberier\u0151forr\u00e1s-gazd\u00e1lkod\u00e1si F\u0151igazgat\u00f3s\u00e1g \u00e1ltal hiteles\u00edtett m\u00e1solat\u00e1t,<\/li>\n<li>h\u00e1rom h\u00f3napn\u00e1l nem r\u00e9gebbi hat\u00f3s\u00e1gi erk\u00f6lcsi bizony\u00edtv\u00e1nyt,<\/li>\n<li>nyilatkozatot arr\u00f3l, hogy a p\u00e1ly\u00e1z\u00f3 a p\u00e1ly\u00e1zati anyagban foglalt szem\u00e9lyes adatainak kezel\u00e9s\u00e9hez a p\u00e1ly\u00e1zati elj\u00e1r\u00e1ssal \u00f6sszef\u00fcgg\u00e9sben hozz\u00e1j\u00e1rul, tov\u00e1bb\u00e1 hozz\u00e1j\u00e1rul rektori vezet\u0151i programj\u00e1nak a Semmelweis Egyetem bels\u0151 honlapj\u00e1n val\u00f3 elhelyez\u00e9s\u00e9hez,<\/li>\n<li>vagyonnyilatkozat-t\u00e9teli k\u00f6telezetts\u00e9g v\u00e1llal\u00e1s\u00e1r\u00f3l sz\u00f3l\u00f3 nyilatkozat\u00e1t,<\/li>\n<li>minden olyan inform\u00e1ci\u00f3t \u00e9s iratot, melyet a p\u00e1ly\u00e1z\u00f3 fontosnak tart.<\/li>\n<\/ul>\n<p><strong>A megb\u00edz\u00e1s bet\u00f6lthet\u0151s\u00e9g\u00e9nek id\u0151pontja:<\/strong><\/p>\n<p>A megb\u00edz\u00e1s legkor\u00e1bban 2023. j\u00falius 1. napj\u00e1t\u00f3l t\u00f6lthet\u0151 be.<\/p>\n<p><strong>A p\u00e1ly\u00e1zat beny\u00fajt\u00e1s\u00e1nak hat\u00e1rideje<\/strong>:<\/p>\n<p>A p\u00e1ly\u00e1zatokat a <a href=\"https:\/\/semmelweis.hu\">https:\/\/semmelweis.hu<\/a> internetes oldalon 2022. november 21. napj\u00e1n t\u00f6rt\u00e9nt megjelen\u00e9st k\u00f6vet\u0151en legk\u00e9s\u0151bb 2022. december 21. napj\u00e1n 16.00 \u00f3r\u00e1ig kell beny\u00fajtani.<\/p>\n<p><strong>A p\u00e1ly\u00e1zat c\u00edmzettje<\/strong>:<\/p>\n<p>Nemzeti Eg\u00e9szs\u00e9g\u00fcgyi \u00e9s Orvosk\u00e9pz\u00e9s\u00e9rt Alap\u00edtv\u00e1ny (1085 Budapest, \u00dcll\u0151i \u00fat 26.)<\/p>\n<p>A p\u00e1ly\u00e1zati ki\u00edr\u00e1ssal kapcsolatosan tov\u00e1bbi inform\u00e1ci\u00f3\u00e9rt a Semmelweis Egyetem Emberier\u0151forr\u00e1s-gazd\u00e1lkod\u00e1si F\u0151igazgat\u00f3s\u00e1g\u00e1hoz lehet fordulni a <a href=\"mailto:titkarsag.human@semmelweis.hu\">titkarsag.human@semmelweis.hu<\/a> e-mail c\u00edmen.<\/p>\n<p><strong>A p\u00e1ly\u00e1zatok beny\u00fajt\u00e1s\u00e1nak m\u00f3dja:<\/strong><\/p>\n<p>A szab\u00e1lyszer\u0171en \u00f6ssze\u00e1ll\u00edtott p\u00e1ly\u00e1zatot<\/p>\n<ul>\n<li><strong>elektronikus \u00faton<\/strong> a\u00a0<a href=\"mailto:rektoripalyazat.neoa@semmelweis.hu\">rektoripalyazat.neoa@semmelweis.hu<\/a>\u00a0e-mail c\u00edmre, \u00e9s<\/li>\n<li><strong>nyomtatott form\u00e1ban<\/strong> \u00f6sszef\u0171zve, z\u00e1rt bor\u00edt\u00e9kban egy eredeti \u00e9s egy m\u00e1solati p\u00e9ld\u00e1nyban, szem\u00e9lyesen a Nemzeti Eg\u00e9szs\u00e9g\u00fcgyi \u00e9s Orvosk\u00e9pz\u00e9s\u00e9rt Alap\u00edtv\u00e1nyhoz (c\u00edm: 1085 Budapest, \u00dcll\u0151i \u00fat 26. 203. szoba)<\/li>\n<\/ul>\n<p>kell beny\u00fajtani.<\/p>\n<p><strong>A bor\u00edt\u00e9kon k\u00e9rj\u00fck felt\u00fcntetni: \u201eP\u00e1ly\u00e1zat a Semmelweis Egyetem rektori magasabb vezet\u0151i megb\u00edzat\u00e1s\u00e1ra\u201d, valamint a p\u00e1ly\u00e1zati ki\u00edr\u00e1s iktat\u00f3sz\u00e1m\u00e1t<\/strong>. A p\u00e1ly\u00e1zati felt\u00e9telek megl\u00e9te a megadott p\u00e1ly\u00e1z\u00e1si hat\u00e1rid\u0151ig beny\u00fajtott \u00f6sszes dokumentum alapj\u00e1n fogadhat\u00f3 el.<\/p>\n<p><strong>A p\u00e1ly\u00e1zat elb\u00edr\u00e1l\u00e1s\u00e1nak m\u00f3dja, rendje:<\/strong><\/p>\n<p>A vonatkoz\u00f3 jogszab\u00e1lyokban, az Alap\u00edt\u00f3 Okirat \u00e9s az SzMSz \u00e9rintett rendelkez\u00e9seiben foglaltak szerint a rektori megb\u00edz\u00e1sra beny\u00fajtott valamennyi, a p\u00e1ly\u00e1zati felt\u00e9teleknek megfelelt p\u00e1ly\u00e1zatot a Szen\u00e1tus elb\u00edr\u00e1lja \u00e9s valamennyi tagja t\u00f6bbs\u00e9g\u00e9nek szavazat\u00e1val megv\u00e1lasztja a rektorjel\u00f6ltet, \u00e9s javaslat\u00e1t megk\u00fcldi a fenntart\u00f3 r\u00e9sz\u00e9re, aki kezdem\u00e9nyezi a szen\u00e1tus \u00e1ltal megv\u00e1lasztott rektorjel\u00f6lt megb\u00edz\u00e1s\u00e1t a k\u00f6zt\u00e1rsas\u00e1gi eln\u00f6kn\u00e9l.<\/p>\n<p><strong>A p\u00e1ly\u00e1zat elb\u00edr\u00e1l\u00e1s\u00e1nak hat\u00e1rideje: 2023. m\u00e1jus 31. <\/strong><\/p>\n<p>Kelt, Budapest, 2022. november 18.<\/p>\n<p>&nbsp;<\/p>\n<p style=\"text-align: center\"><strong>Orb\u00e1n G\u00e1bor<br \/>\n<\/strong>eln\u00f6k<br \/>\nNemzeti Eg\u00e9szs\u00e9g\u00fcgyi \u00e9s Orvosk\u00e9pz\u00e9s\u00e9rt Alap\u00edtv\u00e1ny\u00a0Kurat\u00f3riuma<\/p>\n<p>&nbsp;<\/p>\n<p><a href=\"https:\/\/semmelweis.hu\/neoa\/files\/2022\/11\/semmelweis-egyetem-rektori-palyazat-2022.pdf\" target=\"_blank\" rel=\"noopener\">Az al\u00e1\u00edrt, beszkennelt v\u00e1ltozat erre a linkre kattintva olvashat\u00f3 pdf form\u00e1tumban \u2192<\/a><\/p>\n","protected":false},"excerpt":{"rendered":"<p>A Semmelweis Egyetem rektor\u00e1nak megb\u00edzat\u00e1sa 2023. j\u00fanius 30-\u00e1n lej\u00e1r, ez\u00e9rt a Nemzeti Eg\u00e9szs\u00e9g\u00fcgyi \u00e9s Orvosk\u00e9pz\u00e9s\u00e9rt Alap\u00edtv\u00e1ny p\u00e1ly\u00e1zatot \u00edrt ki a rektori (magasabb vezet\u0151i) megb\u00edz\u00e1s ell\u00e1t\u00e1s\u00e1ra. A megb\u00edz\u00e1s hat\u00e1rozott id\u0151re, 2023. j\u00falius 1. napj\u00e1t\u00f3l 5 \u00e9vre sz\u00f3l. A p\u00e1ly\u00e1zatokat a felh\u00edv\u00e1s k\u00f6zz\u00e9t\u00e9tel\u00e9t k\u00f6vet\u0151en legk\u00e9s\u0151bb 2022. december 21. napj\u00e1n 16.00 \u00f3r\u00e1ig kell beny\u00fajtani. A p\u00e1ly\u00e1zati felh\u00edv\u00e1s sz\u00f6vege &hellip;<\/p>\n","protected":false},"author":102168,"featured_media":0,"comment_status":"closed","ping_status":"closed","sticky":false,"template":"","format":"standard","meta":{"_acf_changed":false,"footnotes":""},"categories":[116],"tags":[],"class_list":["post-465","post","type-post","status-publish","format-standard","hentry","category-palyazatok"],"acf":[],"_links":{"self":[{"href":"https:\/\/semmelweis.hu\/neoa\/wp-json\/wp\/v2\/posts\/465","targetHints":{"allow":["GET"]}}],"collection":[{"href":"https:\/\/semmelweis.hu\/neoa\/wp-json\/wp\/v2\/posts"}],"about":[{"href":"https:\/\/semmelweis.hu\/neoa\/wp-json\/wp\/v2\/types\/post"}],"author":[{"embeddable":true,"href":"https:\/\/semmelweis.hu\/neoa\/wp-json\/wp\/v2\/users\/102168"}],"replies":[{"embeddable":true,"href":"https:\/\/semmelweis.hu\/neoa\/wp-json\/wp\/v2\/comments?post=465"}],"version-history":[{"count":5,"href":"https:\/\/semmelweis.hu\/neoa\/wp-json\/wp\/v2\/posts\/465\/revisions"}],"predecessor-version":[{"id":533,"href":"https:\/\/semmelweis.hu\/neoa\/wp-json\/wp\/v2\/posts\/465\/revisions\/533"}],"wp:attachment":[{"href":"https:\/\/semmelweis.hu\/neoa\/wp-json\/wp\/v2\/media?parent=465"}],"wp:term":[{"taxonomy":"category","embeddable":true,"href":"https:\/\/semmelweis.hu\/neoa\/wp-json\/wp\/v2\/categories?post=465"},{"taxonomy":"post_tag","embeddable":true,"href":"https:\/\/semmelweis.hu\/neoa\/wp-json\/wp\/v2\/tags?post=465"}],"curies":[{"name":"wp","href":"https:\/\/api.w.org\/{rel}","templated":true}]}}