{"id":3887,"date":"2023-09-12T21:30:49","date_gmt":"2023-09-12T19:30:49","guid":{"rendered":"https:\/\/semmelweis.hu\/mikrobiologia\/?p=3887"},"modified":"2023-09-14T22:00:02","modified_gmt":"2023-09-14T20:00:02","slug":"vezeto-rezidensi-talalkozo-es-orszagos-rezidens-konferencia","status":"publish","type":"post","link":"https:\/\/semmelweis.hu\/mikrobiologia\/vezeto-rezidensi-talalkozo-es-orszagos-rezidens-konferencia\/","title":{"rendered":"I. Vezet\u0151 Rezidens Tal\u00e1lkoz\u00f3 \u00e9s Orsz\u00e1gos Rezidens Konferencia"},"content":{"rendered":"<p style=\"text-align: justify\"><span style=\"color: #003366\"><strong><a href=\"https:\/\/rezidens.hu\/hirek\/kiemelt-hir2\/mrsz-orszagos-rezidens-konferencia-2023-09-29-10-01-debrecen\/\" target=\"_blank\" rel=\"noopener\"><img loading=\"lazy\" decoding=\"async\" class=\"size-full wp-image-3888 alignleft\" src=\"https:\/\/semmelweis.hu\/mikrobiologia\/files\/2023\/09\/MRSZ.png\" alt=\"\" width=\"230\" height=\"135\" \/><\/a>2023.09.29-10.01.<\/strong><\/span> k\u00f6z\u00f6tt ker\u00fcl megrendez\u00e9se <strong><span style=\"color: #000080\">Debrecenben<\/span><\/strong><span style=\"color: #000080\"><span style=\"color: #000000\">, az<\/span><\/span><strong><span style=\"color: #000080\"> Erd\u0151s Club Hotel<\/span><\/strong>ben<span class=\"xt0psk2\"> a Magyar Rezidens Sz\u00f6vets\u00e9g (MRSZ) szervez\u00e9s\u00e9ben a <span style=\"color: #000080\"><strong>Vezet\u0151 Rezidensi Tal\u00e1lkoz\u00f3 \u00e9s Orsz\u00e1gos Rezidens Konferencia<\/strong><span style=\"color: #000000\">, amelynek f\u00f3kusz\u00e1ban sz\u00e1mos szakmai \u00e9s k\u00f6z\u00f6ss\u00e9g\u00e9p\u00edt\u0151 program, illetve az orsz\u00e1gos k\u00fcld\u00f6ttgy\u0171l\u00e9s r\u00e9v\u00e9n a<\/span><strong> Vezet\u0151 rezidens rendszer <\/strong><span style=\"color: #000000\">\u00e9s a<\/span><strong> RENY-rendszer m\u0171k\u00f6d\u00e9se<\/strong><span style=\"color: #000000\">, valamint a <\/span><strong>szakorvosk\u00e9pz\u00e9s fejleszt\u00e9se \u00e1llnak.<\/strong><\/span><\/span><\/p>\n<p style=\"text-align: justify\"><span style=\"color: #003366\"><strong>Rezidens \u00e9s fiatal szakorvos koll\u00e9g\u00e1k<\/strong><\/span> r\u00e9sz\u00e9re az esem\u00e9nyen val\u00f3 r\u00e9szv\u00e9tel MRSZ tags\u00e1ghoz, valamint <span style=\"color: #003366\"><strong>regisztr\u00e1ci\u00f3hoz<\/strong><\/span> k\u00f6t\u00f6tt (hat\u00e1rid\u0151: <span style=\"color: #003366\"><strong>2023.09.15<\/strong>.<strong>16:00<\/strong><\/span>). A sz\u00e1ll\u00e1ssal, r\u00e9szv\u00e9teli d\u00edjjal \u00e9s regisztr\u00e1ci\u00f3val kapcsolatos tov\u00e1bbi inform\u00e1ci\u00f3k a <a href=\"https:\/\/rezidens.hu\/hirek\/kiemelt-hir2\/mrsz-orszagos-rezidens-konferencia-2023-09-29-10-01-debrecen\/\" target=\"_blank\" rel=\"noopener\">MRSZ hivatalos oldal\u00e1n <\/a>\u00e9rhet\u0151ek el.\u00a0<\/p>\n<p>A MRSZ szeretettel v\u00e1r minden kedves \u00e9rdekl\u0151d\u0151t!<\/p>\n<p><span style=\"font-size: 10pt\">(Kiemelt k\u00e9p forr\u00e1sa: https:\/\/specialistdirectinc.com\/digital-pathology-en\/future-medical-technology-digital-pathology\/)<\/span><\/p>\n","protected":false},"excerpt":{"rendered":"<p><a href=\"https:\/\/rezidens.hu\/hirek\/kiemelt-hir2\/mrsz-orszagos-rezidens-konferencia-2023-09-29-10-01-debrecen\/\" target=\"_blank\" rel=\"noopener\"><\/a> 2023.09.29-10.01. k\u00f6z\u00f6tt ker\u00fcl megrendez\u00e9se Debrecenben, az Erd\u0151s Club Hotelben a Magyar Rezidens Sz\u00f6vets\u00e9g (MRSZ) szervez\u00e9s\u00e9ben a Vezet\u0151 Rezidensi Tal\u00e1lkoz\u00f3 \u00e9s Orsz\u00e1gos Rezidens Konferencia, amelynek f\u00f3kusz\u00e1ban sz\u00e1mos szakmai \u00e9s k\u00f6z\u00f6ss\u00e9g\u00e9p\u00edt\u0151 program, illetve az orsz\u00e1gos k\u00fcld\u00f6ttgy\u0171l\u00e9s r\u00e9v\u00e9n a Vezet\u0151 rezidens rendszer \u00e9s a RENY-rendszer m\u0171k\u00f6d\u00e9se, valamint a szakorvosk\u00e9pz\u00e9s fejleszt\u00e9se \u00e1llnak. Rezidens \u00e9s fiatal szakorvos koll\u00e9g\u00e1k r\u00e9sz\u00e9re az &hellip;<\/p>\n","protected":false},"author":182,"featured_media":3895,"comment_status":"closed","ping_status":"closed","sticky":false,"template":"","format":"standard","meta":{"_acf_changed":false,"footnotes":""},"categories":[137,130],"tags":[133,145,143],"class_list":["post-3887","post","type-post","status-publish","format-standard","has-post-thumbnail","hentry","category-hireink","category-hirek","tag-rendezvenyek","tag-rezidens-konferencia","tag-vezeto-rezidens"],"acf":[],"_links":{"self":[{"href":"https:\/\/semmelweis.hu\/mikrobiologia\/wp-json\/wp\/v2\/posts\/3887","targetHints":{"allow":["GET"]}}],"collection":[{"href":"https:\/\/semmelweis.hu\/mikrobiologia\/wp-json\/wp\/v2\/posts"}],"about":[{"href":"https:\/\/semmelweis.hu\/mikrobiologia\/wp-json\/wp\/v2\/types\/post"}],"author":[{"embeddable":true,"href":"https:\/\/semmelweis.hu\/mikrobiologia\/wp-json\/wp\/v2\/users\/182"}],"replies":[{"embeddable":true,"href":"https:\/\/semmelweis.hu\/mikrobiologia\/wp-json\/wp\/v2\/comments?post=3887"}],"version-history":[{"count":7,"href":"https:\/\/semmelweis.hu\/mikrobiologia\/wp-json\/wp\/v2\/posts\/3887\/revisions"}],"predecessor-version":[{"id":3899,"href":"https:\/\/semmelweis.hu\/mikrobiologia\/wp-json\/wp\/v2\/posts\/3887\/revisions\/3899"}],"wp:featuredmedia":[{"embeddable":true,"href":"https:\/\/semmelweis.hu\/mikrobiologia\/wp-json\/wp\/v2\/media\/3895"}],"wp:attachment":[{"href":"https:\/\/semmelweis.hu\/mikrobiologia\/wp-json\/wp\/v2\/media?parent=3887"}],"wp:term":[{"taxonomy":"category","embeddable":true,"href":"https:\/\/semmelweis.hu\/mikrobiologia\/wp-json\/wp\/v2\/categories?post=3887"},{"taxonomy":"post_tag","embeddable":true,"href":"https:\/\/semmelweis.hu\/mikrobiologia\/wp-json\/wp\/v2\/tags?post=3887"}],"curies":[{"name":"wp","href":"https:\/\/api.w.org\/{rel}","templated":true}]}}