{"id":91742,"date":"2025-01-09T11:59:02","date_gmt":"2025-01-09T10:59:02","guid":{"rendered":"https:\/\/semmelweis.hu\/mfi\/?p=91742"},"modified":"2025-01-09T11:59:32","modified_gmt":"2025-01-09T10:59:32","slug":"91742","status":"publish","type":"post","link":"https:\/\/semmelweis.hu\/mfi\/2025\/01\/09\/91742\/","title":{"rendered":"Semmelweis Egyetem felvon\u00f3 t\u00e1vfel\u00fcgyeleti rendszer"},"content":{"rendered":"<table style=\"border-collapse: collapse;width: 100%\">\n<tbody>\n<tr>\n<td style=\"width: 50%;text-align: center\"><a href=\"https:\/\/semmelweis.hu\/mfi\/files\/2025\/01\/SE_logo.png\"><img loading=\"lazy\" decoding=\"async\" class=\"aligncenter size-thumbnail wp-image-91748\" src=\"https:\/\/semmelweis.hu\/mfi\/files\/2025\/01\/SE_logo-150x150.png\" alt=\"\" width=\"150\" height=\"150\" srcset=\"https:\/\/semmelweis.hu\/mfi\/files\/2025\/01\/SE_logo-150x150.png 150w, https:\/\/semmelweis.hu\/mfi\/files\/2025\/01\/SE_logo.png 244w\" sizes=\"auto, (max-width: 150px) 100vw, 150px\" \/><\/a><\/td>\n<td style=\"width: 50%;text-align: center\"><span style=\"font-size: 24pt\"><strong>Semmelweis Egyetem<\/strong><\/span><br \/>\n<span style=\"font-size: 24pt\"><strong>felvon\u00f3 t\u00e1vfel\u00fcgyeleti rendszer<\/strong><\/span><\/td>\n<\/tr>\n<tr>\n<td style=\"width: 50%\">\n<p><strong>Modern \u00e9p\u00fclet\u00fczemeltet\u00e9s<\/strong><\/p>\n<p>Egy modern \u00e9p\u00fclet \u00fczemeltet\u0151j\u00e9vel szemben egyre nagyobb az elv\u00e1r\u00e1s, hogy napra k\u00e9sz inform\u00e1ci\u00f3kkal rendelkezzen az \u00e9p\u00fclet\u00e9ben m\u0171k\u00f6d\u0151 k\u00fcl\u00f6nb\u00f6z\u0151 berendez\u00e9sek \u00e1llapot\u00e1r\u00f3l, \u00e9s ezzel egy\u00fctt min\u00e9l hat\u00e9konyabban el\u0151zze meg a nem v\u00e1rt m\u0171szaki meghib\u00e1sod\u00e1sokat. Ez a feladat hatv\u00e1nyozottan bonyolultabb, ha egym\u00e1st\u00f3l t\u00e1volabb l\u00e9v\u0151 telephelyeken l\u00e9v\u0151 \u00e9p\u00fcleteket is p\u00e1rhuzamosan kell fel\u00fcgyelni.<\/p>\n<\/td>\n<td style=\"width: 50%\">\n<p><strong>Semmelweis Egyetemen a felvon\u00f3 fel\u00fcgyeleti rendszer bevezet\u00e9se<\/strong><\/p>\n<p>Ebben a kih\u00edv\u00e1sban ny\u00fajthat hat\u00e9kony seg\u00edts\u00e9get egy a folyamatos szenzor adatokra \u00e9p\u00edt\u0151, online fel\u00fcleten megjelen\u00edtett IoT (internet of things) rendszer. A technol\u00f3gi\u00e1t m\u00e9g 2023-ban az \u00c9MI-T\u00dcV S\u00dcD Kft. mutatta be a Semmelweis Egyetem \u00fczemeltet\u00e9si csoportj\u00e1nak, \u00e9s hosszabb el\u0151k\u00e9sz\u00edt\u0151 szakmai munka ut\u00e1n a L\u00e9tes\u00edtm\u00e9nyfejleszt\u00e9si \u00e9s \u00dczemeltet\u00e9s Igazgat\u00f3s\u00e1g elind\u00edtotta az online t\u00e1vfel\u00fcgyeleti rendszer tesztel\u00e9s\u00e9t els\u0151k\u00e9nt a Kor\u00e1nyi S\u00e1ndor utcai K\u00f6zponti Betegell\u00e1t\u00f3 \u00e9p\u00fclet k\u00e9t felvon\u00f3j\u00e1n. Els\u0151k\u00e9nt a Lift Manager rendszer haszn\u00e1lat\u00e1t, amely id\u00e9n okt\u00f3ber k\u00f6zep\u00e9t\u0151l figyeli a helikopter lesz\u00e1ll\u00f3 p\u00e1ly\u00e1t is kiszolg\u00e1l\u00f3 k\u00e9t darab felvon\u00f3t. Az\u00e9rt esett a v\u00e1laszt\u00e1s erre a k\u00e9t liftre, mert itt k\u00fcl\u00f6n\u00f6sen fontos a megb\u00edzhat\u00f3, v\u00e1ratlan hib\u00e1kt\u00f3l mentes m\u0171k\u00f6d\u00e9s.<\/p>\n<\/td>\n<\/tr>\n<\/tbody>\n<\/table>\n<p><a href=\"https:\/\/semmelweis.hu\/mfi\/files\/2025\/01\/Kep2.png\"><img loading=\"lazy\" decoding=\"async\" class=\"aligncenter wp-image-91747 size-full\" src=\"https:\/\/semmelweis.hu\/mfi\/files\/2025\/01\/Kep2.png\" alt=\"\" width=\"1840\" height=\"990\" srcset=\"https:\/\/semmelweis.hu\/mfi\/files\/2025\/01\/Kep2.png 1840w, https:\/\/semmelweis.hu\/mfi\/files\/2025\/01\/Kep2-300x161.png 300w, https:\/\/semmelweis.hu\/mfi\/files\/2025\/01\/Kep2-1024x551.png 1024w, https:\/\/semmelweis.hu\/mfi\/files\/2025\/01\/Kep2-768x413.png 768w, https:\/\/semmelweis.hu\/mfi\/files\/2025\/01\/Kep2-1536x826.png 1536w, https:\/\/semmelweis.hu\/mfi\/files\/2025\/01\/Kep2-753x405.png 753w\" sizes=\"auto, (max-width: 1840px) 100vw, 1840px\" \/><\/a><\/p>\n<p style=\"text-align: center\"><em>1. \u00e1bra \u2013 A Semmelweis Egyetem Lift Manager t\u00e1vfel\u00fcgyeleti rendszer\u00e9be bevont felvon\u00f3inak \u00e1ttekint\u0151 n\u00e9zete<\/em><\/p>\n<p style=\"text-align: center\"><span style=\"font-size: 18pt\"><strong>Hogyan seg\u00edti a L\u00e9tes\u00edtm\u00e9ny\u00fczemeltet\u00e9si F\u0151oszt\u00e1ly munk\u00e1j\u00e1t a Lift Manager rendszer<\/strong><\/span><\/p>\n<table style=\"border-collapse: collapse;width: 100%\">\n<tbody>\n<tr>\n<td style=\"width: 50%\">A L\u00e9tes\u00edtm\u00e9nyfejleszt\u00e9si \u00e9s \u00dczemeltet\u00e9si Igazgat\u00f3s\u00e1g biztos\u00edtja a K\u00f6zponti Betegell\u00e1t\u00f3 \u00c9p\u00fclet\u00e9ben m\u0171k\u00f6d\u0151 Heliport \u00fczemeltet\u00e9s t\u00e1mogat\u00e1s\u00e1t.<\/td>\n<td style=\"width: 50%\">A L\u00e9tes\u00edtm\u00e9ny\u00fczemeltet\u00e9si F\u0151oszt\u00e1lyon, az \u00dczemeltet\u00e9s T\u00e1mogat\u00e1si Oszt\u00e1ly felvon\u00f3k szakter\u00fclet\u00e9n dolgoz\u00f3 koll\u00e9g\u00e1k munk\u00e1j\u00e1t nagyban seg\u00edteni fogja az online t\u00e1vfel\u00fcgyeleti rendszer bevezet\u00e9se.<\/td>\n<\/tr>\n<\/tbody>\n<\/table>\n<p>A Lift Manager rendszeren kereszt\u00fcl val\u00f3s id\u0151ben lehet adatokat kapni a felvon\u00f3k pillanatnyi poz\u00edci\u00f3j\u00e1r\u00f3l, \u00fczem\u00e1llapot\u00e1r\u00f3l, tov\u00e1bb\u00e1 r\u00e9szletes napi, heti, havi statisztik\u00e1kat ny\u00fajt a menetek sz\u00e1m\u00e1r\u00f3l, a kiszolg\u00e1lt szintekr\u0151l \u00e9s ajt\u00f3nyit\u00e1sokr\u00f3l.<\/p>\n<p><a href=\"https:\/\/semmelweis.hu\/mfi\/files\/2025\/01\/Kep1.png\"><img loading=\"lazy\" decoding=\"async\" class=\"aligncenter wp-image-91746 size-full\" src=\"https:\/\/semmelweis.hu\/mfi\/files\/2025\/01\/Kep1.png\" alt=\"\" width=\"1925\" height=\"835\" srcset=\"https:\/\/semmelweis.hu\/mfi\/files\/2025\/01\/Kep1.png 1925w, https:\/\/semmelweis.hu\/mfi\/files\/2025\/01\/Kep1-300x130.png 300w, https:\/\/semmelweis.hu\/mfi\/files\/2025\/01\/Kep1-1024x444.png 1024w, https:\/\/semmelweis.hu\/mfi\/files\/2025\/01\/Kep1-768x333.png 768w, https:\/\/semmelweis.hu\/mfi\/files\/2025\/01\/Kep1-1536x666.png 1536w, https:\/\/semmelweis.hu\/mfi\/files\/2025\/01\/Kep1-753x327.png 753w\" sizes=\"auto, (max-width: 1925px) 100vw, 1925px\" \/><\/a><\/p>\n<p style=\"text-align: center\"><em>2. \u00e1bra \u2013 Az egyik felvon\u00f3 pillanatnyi \u00e1llapot\u00e1t \u00e9s napi statisztik\u00e1it mutat\u00f3 n\u00e9zet<\/em><\/p>\n<p>A pillanatnyi \u00e1llapot \u00e9s statisztik\u00e1k mellett m\u00e9g fontosabb, hogy a rendszer riaszt\u00e1st k\u00fcld az \u00fczemeltet\u00e9snek, ha a m\u0171k\u00f6d\u00e9si param\u00e9terek elt\u00e9rnek a gy\u00e1ri \u00e9rt\u00e9kekt\u0151l. Erre j\u00f3 p\u00e9lda a felvon\u00f3 ajt\u00f3 m\u0171k\u00f6d\u00e9s ellen\u0151rz\u00e9se. Ha az ajt\u00f3 meghib\u00e1sod\u00e1s vagy k\u00fcls\u0151 akad\u00e1lyoztat\u00e1s miatt nem z\u00e1rul be a meghat\u00e1rozott id\u0151n bel\u00fcl, vagy t\u00f6bbsz\u00f6r visszanyit, err\u0151l \u00e9rtes\u00edt\u00e9s k\u00e9sz\u00fcl. Lehet, hogy csak takar\u00edt\u00e1s miatt tartja valaki nyitva az ajt\u00f3t, de lehet, hogy az ajt\u00f3mozgat\u00f3 berendez\u00e9s ment t\u00f6nkre, amir\u0151l \u00edgy a lehet\u0151 leghamarabb tudom\u00e1st szerz\u00fcnk \u00e9s el lehet kezdeni a hibaelh\u00e1r\u00edt\u00e1st.<\/p>\n<table style=\"border-collapse: collapse;width: 100%\">\n<tbody>\n<tr>\n<td style=\"width: 50%\">Az \u00dczemeltet\u00e9s T\u00e1mogat\u00e1si Oszt\u00e1ly munkat\u00e1rsa, Cs\u00e1sz\u00e1r Csaba (\u00fczemeltet\u00e9si szak\u00fcgyint\u00e9z\u0151), a felvon\u00f3 ter\u00fclet szak\u00e9rt\u0151j\u00e9vel kezd\u0151d\u00f6tt meg a program tesztel\u00e9se. Eddigi tapasztalatai alapj\u00e1n hasznosnak tal\u00e1lja a bevezetett online t\u00e1vfel\u00fcgyeleti rendszert. \u00dagy l\u00e1tja, hogy az el\u0151z\u0151ekben felmer\u00fclt hib\u00e1k, amelyek indokoltt\u00e1 tett\u00e9k a fejleszt\u00e9st (pl. ajt\u00f3, vez\u00e9rl\u00e9s, valamint mechanikai probl\u00e9m\u00e1k) kik\u00fcsz\u00f6b\u00f6lhet\u0151ek, megel\u0151zhet\u0151ek. A kor\u00e1bban felsorolt pozit\u00edv tulajdons\u00e1gok mellett fontos szerepet t\u00f6lthet be a karbantart\u00e1s, valamint a hibajav\u00edt\u00e1s ellen\u0151rz\u00e9s\u00e9ben.<\/td>\n<td style=\"width: 50%\"><a href=\"https:\/\/semmelweis.hu\/mfi\/files\/2025\/01\/20241115_095718-scaled.jpg\"><img loading=\"lazy\" decoding=\"async\" class=\"aligncenter wp-image-91743 size-medium\" src=\"https:\/\/semmelweis.hu\/mfi\/files\/2025\/01\/20241115_095718-169x300.jpg\" alt=\"\" width=\"169\" height=\"300\" srcset=\"https:\/\/semmelweis.hu\/mfi\/files\/2025\/01\/20241115_095718-169x300.jpg 169w, https:\/\/semmelweis.hu\/mfi\/files\/2025\/01\/20241115_095718-576x1024.jpg 576w, https:\/\/semmelweis.hu\/mfi\/files\/2025\/01\/20241115_095718-768x1365.jpg 768w, https:\/\/semmelweis.hu\/mfi\/files\/2025\/01\/20241115_095718-864x1536.jpg 864w, https:\/\/semmelweis.hu\/mfi\/files\/2025\/01\/20241115_095718-1153x2048.jpg 1153w, https:\/\/semmelweis.hu\/mfi\/files\/2025\/01\/20241115_095718-753x1338.jpg 753w, https:\/\/semmelweis.hu\/mfi\/files\/2025\/01\/20241115_095718-scaled.jpg 1441w\" sizes=\"auto, (max-width: 169px) 100vw, 169px\" \/><\/a><\/td>\n<\/tr>\n<tr>\n<td style=\"width: 50%\"><a href=\"https:\/\/semmelweis.hu\/mfi\/files\/2025\/01\/1000016199-scaled.jpg\"><img loading=\"lazy\" decoding=\"async\" class=\"aligncenter wp-image-91745 size-medium\" src=\"https:\/\/semmelweis.hu\/mfi\/files\/2025\/01\/1000016199-300x225.jpg\" alt=\"\" width=\"300\" height=\"225\" srcset=\"https:\/\/semmelweis.hu\/mfi\/files\/2025\/01\/1000016199-300x225.jpg 300w, https:\/\/semmelweis.hu\/mfi\/files\/2025\/01\/1000016199-1024x768.jpg 1024w, https:\/\/semmelweis.hu\/mfi\/files\/2025\/01\/1000016199-768x576.jpg 768w, https:\/\/semmelweis.hu\/mfi\/files\/2025\/01\/1000016199-1536x1152.jpg 1536w, https:\/\/semmelweis.hu\/mfi\/files\/2025\/01\/1000016199-2048x1536.jpg 2048w, https:\/\/semmelweis.hu\/mfi\/files\/2025\/01\/1000016199-753x565.jpg 753w\" sizes=\"auto, (max-width: 300px) 100vw, 300px\" \/><\/a><\/td>\n<td style=\"width: 50%\"><a href=\"https:\/\/semmelweis.hu\/mfi\/files\/2025\/01\/20241115_095746-scaled.jpg\"><img loading=\"lazy\" decoding=\"async\" class=\"aligncenter wp-image-91744 size-medium\" src=\"https:\/\/semmelweis.hu\/mfi\/files\/2025\/01\/20241115_095746-300x169.jpg\" alt=\"\" width=\"300\" height=\"169\" srcset=\"https:\/\/semmelweis.hu\/mfi\/files\/2025\/01\/20241115_095746-300x169.jpg 300w, https:\/\/semmelweis.hu\/mfi\/files\/2025\/01\/20241115_095746-1024x576.jpg 1024w, https:\/\/semmelweis.hu\/mfi\/files\/2025\/01\/20241115_095746-768x432.jpg 768w, https:\/\/semmelweis.hu\/mfi\/files\/2025\/01\/20241115_095746-1536x864.jpg 1536w, https:\/\/semmelweis.hu\/mfi\/files\/2025\/01\/20241115_095746-2048x1153.jpg 2048w, https:\/\/semmelweis.hu\/mfi\/files\/2025\/01\/20241115_095746-753x424.jpg 753w\" sizes=\"auto, (max-width: 300px) 100vw, 300px\" \/><\/a><\/td>\n<\/tr>\n<\/tbody>\n<\/table>\n<p>A Lift Manager rendszer el\u0151nye, hogy b\u00e1rmilyen gy\u00e1rtm\u00e1ny\u00fa \u00e9s kor\u00fa felvon\u00f3ra fel lehet szerelni. Az \u00e9rz\u00e9kel\u0151ket tartalmaz\u00f3 doboz \u00e9s a kommunik\u00e1ci\u00f3s egys\u00e9g a felvon\u00f3 rendszereit\u0151l f\u00fcggetlen\u00fcl m\u0171k\u00f6dnek \u00e9s folyamatosan gy\u0171jtik, illetve tov\u00e1bb\u00edtj\u00e1k az adatokat a k\u00f6zpontnak.<\/p>\n<p>A hat h\u00f3napos pr\u00f3baid\u0151szak alatt az online monitoring fel\u00fcleten t\u00fal a partner c\u00e9g minden h\u00f3napban k\u00fcld egy gyorsjelent\u00e9st, amiben \u00f6sszegzi a felvon\u00f3kkal kapcsolatos legfontosabb esem\u00e9nyeket. A f\u00e9l\u00e9ves id\u0151szak v\u00e9g\u00e9n egy r\u00e9szletes elemz\u00e9st is kap majd az Egyetem, ami a m\u0171k\u00f6d\u00e9s megb\u00edzhat\u00f3s\u00e1g\u00e1val kapcsolatos javaslatokat is tartalmaz majd. B\u00edzunk benne, hogy ez az \u00faj technol\u00f3gia \u00faj t\u00e1vlatokat nyit az \u00fczemeltet\u00e9s sz\u00e1m\u00e1ra, \u00e9s megb\u00edzhat\u00f3bb m\u0171k\u00f6d\u00e9st, kevesebb meghib\u00e1sod\u00e1st jelent majd a felvon\u00f3k haszn\u00e1l\u00f3i sz\u00e1m\u00e1ra.<\/p>\n","protected":false},"excerpt":{"rendered":"<p><a href=\"https:\/\/semmelweis.hu\/mfi\/files\/2025\/01\/SE_logo.png\"><\/a> Semmelweis Egyetem felvon\u00f3 t\u00e1vfel\u00fcgyeleti rendszer Modern \u00e9p\u00fclet\u00fczemeltet\u00e9s Egy modern \u00e9p\u00fclet \u00fczemeltet\u0151j\u00e9vel szemben egyre nagyobb az elv\u00e1r\u00e1s, hogy napra k\u00e9sz inform\u00e1ci\u00f3kkal rendelkezzen az \u00e9p\u00fclet\u00e9ben m\u0171k\u00f6d\u0151 k\u00fcl\u00f6nb\u00f6z\u0151 berendez\u00e9sek \u00e1llapot\u00e1r\u00f3l, \u00e9s ezzel egy\u00fctt min\u00e9l hat\u00e9konyabban el\u0151zze meg a nem v\u00e1rt m\u0171szaki meghib\u00e1sod\u00e1sokat. Ez a feladat hatv\u00e1nyozottan bonyolultabb, ha egym\u00e1st\u00f3l t\u00e1volabb l\u00e9v\u0151 telephelyeken l\u00e9v\u0151 \u00e9p\u00fcleteket is p\u00e1rhuzamosan kell fel\u00fcgyelni. &hellip;<\/p>\n","protected":false},"author":286,"featured_media":91746,"comment_status":"closed","ping_status":"closed","sticky":false,"template":"","format":"standard","meta":{"_acf_changed":false,"footnotes":""},"categories":[7],"tags":[21],"class_list":["post-91742","post","type-post","status-publish","format-standard","has-post-thumbnail","hentry","category-hirek","tag-lfui"],"acf":[],"_links":{"self":[{"href":"https:\/\/semmelweis.hu\/mfi\/wp-json\/wp\/v2\/posts\/91742","targetHints":{"allow":["GET"]}}],"collection":[{"href":"https:\/\/semmelweis.hu\/mfi\/wp-json\/wp\/v2\/posts"}],"about":[{"href":"https:\/\/semmelweis.hu\/mfi\/wp-json\/wp\/v2\/types\/post"}],"author":[{"embeddable":true,"href":"https:\/\/semmelweis.hu\/mfi\/wp-json\/wp\/v2\/users\/286"}],"replies":[{"embeddable":true,"href":"https:\/\/semmelweis.hu\/mfi\/wp-json\/wp\/v2\/comments?post=91742"}],"version-history":[{"count":2,"href":"https:\/\/semmelweis.hu\/mfi\/wp-json\/wp\/v2\/posts\/91742\/revisions"}],"predecessor-version":[{"id":91750,"href":"https:\/\/semmelweis.hu\/mfi\/wp-json\/wp\/v2\/posts\/91742\/revisions\/91750"}],"wp:featuredmedia":[{"embeddable":true,"href":"https:\/\/semmelweis.hu\/mfi\/wp-json\/wp\/v2\/media\/91746"}],"wp:attachment":[{"href":"https:\/\/semmelweis.hu\/mfi\/wp-json\/wp\/v2\/media?parent=91742"}],"wp:term":[{"taxonomy":"category","embeddable":true,"href":"https:\/\/semmelweis.hu\/mfi\/wp-json\/wp\/v2\/categories?post=91742"},{"taxonomy":"post_tag","embeddable":true,"href":"https:\/\/semmelweis.hu\/mfi\/wp-json\/wp\/v2\/tags?post=91742"}],"curies":[{"name":"wp","href":"https:\/\/api.w.org\/{rel}","templated":true}]}}