{"id":91739,"date":"2024-12-18T15:59:05","date_gmt":"2024-12-18T14:59:05","guid":{"rendered":"https:\/\/semmelweis.hu\/mfi\/?p=91739"},"modified":"2024-12-18T15:59:05","modified_gmt":"2024-12-18T14:59:05","slug":"logisztika-2024-unnepi-idoszak-keszenleti-beosztas","status":"publish","type":"post","link":"https:\/\/semmelweis.hu\/mfi\/2024\/12\/18\/logisztika-2024-unnepi-idoszak-keszenleti-beosztas\/","title":{"rendered":"Logisztika 2024. \u00fcnnepi id\u0151szak k\u00e9szenl\u00e9ti beoszt\u00e1s"},"content":{"rendered":"<p>december 23-janu\u00e1r 3.<\/p>\n<p>Tak\u00e1cs Zolt\u00e1n <a>+06-20-663-2344<\/a><\/p>\n","protected":false},"excerpt":{"rendered":"<p>december 23-janu\u00e1r 3.<br \/>\nTak\u00e1cs Zolt\u00e1n <a>+06-20-663-2344<\/a><\/p>\n","protected":false},"author":286,"featured_media":0,"comment_status":"closed","ping_status":"closed","sticky":false,"template":"","format":"standard","meta":{"_acf_changed":false,"footnotes":""},"categories":[7],"tags":[19],"class_list":["post-91739","post","type-post","status-publish","format-standard","hentry","category-hirek","tag-mfi"],"acf":[],"_links":{"self":[{"href":"https:\/\/semmelweis.hu\/mfi\/wp-json\/wp\/v2\/posts\/91739","targetHints":{"allow":["GET"]}}],"collection":[{"href":"https:\/\/semmelweis.hu\/mfi\/wp-json\/wp\/v2\/posts"}],"about":[{"href":"https:\/\/semmelweis.hu\/mfi\/wp-json\/wp\/v2\/types\/post"}],"author":[{"embeddable":true,"href":"https:\/\/semmelweis.hu\/mfi\/wp-json\/wp\/v2\/users\/286"}],"replies":[{"embeddable":true,"href":"https:\/\/semmelweis.hu\/mfi\/wp-json\/wp\/v2\/comments?post=91739"}],"version-history":[{"count":1,"href":"https:\/\/semmelweis.hu\/mfi\/wp-json\/wp\/v2\/posts\/91739\/revisions"}],"predecessor-version":[{"id":91740,"href":"https:\/\/semmelweis.hu\/mfi\/wp-json\/wp\/v2\/posts\/91739\/revisions\/91740"}],"wp:attachment":[{"href":"https:\/\/semmelweis.hu\/mfi\/wp-json\/wp\/v2\/media?parent=91739"}],"wp:term":[{"taxonomy":"category","embeddable":true,"href":"https:\/\/semmelweis.hu\/mfi\/wp-json\/wp\/v2\/categories?post=91739"},{"taxonomy":"post_tag","embeddable":true,"href":"https:\/\/semmelweis.hu\/mfi\/wp-json\/wp\/v2\/tags?post=91739"}],"curies":[{"name":"wp","href":"https:\/\/api.w.org\/{rel}","templated":true}]}}