{"id":91692,"date":"2024-10-21T10:28:35","date_gmt":"2024-10-21T08:28:35","guid":{"rendered":"https:\/\/semmelweis.hu\/mfi\/?p=91692"},"modified":"2024-10-21T10:28:35","modified_gmt":"2024-10-21T08:28:35","slug":"kotelezo-eves-adr-kornyezet-munka-tuz-es-polgari-vedelmi-oktatas-2","status":"publish","type":"post","link":"https:\/\/semmelweis.hu\/mfi\/2024\/10\/21\/kotelezo-eves-adr-kornyezet-munka-tuz-es-polgari-vedelmi-oktatas-2\/","title":{"rendered":"K\u00f6telez\u0151 \u00e9ves ADR, k\u00f6rnyezet, munka, t\u0171z- \u00e9s polg\u00e1ri v\u00e9delmi oktat\u00e1s"},"content":{"rendered":"<p>T\u00e1j\u00e9koztatom, hogy a Vesz\u00e9lyes \u00c1ruk Nemzetk\u00f6zi K\u00f6z\u00fati Sz\u00e1ll\u00edt\u00e1s\u00e1r\u00f3l sz\u00f3l\u00f3 Eur\u00f3pai Meg\u00e1llapod\u00e1s, valamint az Egyetem 65\/2022. (IX.02.) sz\u00e1m\u00fa K\u00f6rnyezetv\u00e9delmi Szab\u00e1lyzata \u00e1ltal el\u0151\u00edrt<strong>\u00a0k\u00f6telez\u0151, dokument\u00e1lt, ismeretfel\u00faj\u00edt\u00f3 ADR oktat\u00e1s megtart\u00e1sa<\/strong>\u00a0sz\u00fcks\u00e9ges az Egyetem vesz\u00e9lyes \u00e1ru- \u00e9s vesz\u00e9lyes hullad\u00e9ksz\u00e1ll\u00edt\u00e1ssal \u00e9rintett szervezeti egys\u00e9geiben dolgoz\u00f3 munkat\u00e1rsak r\u00e9sz\u00e9re. Az ADR oktat\u00e1ssal egybek\u00f6tve megtart\u00e1sra ker\u00fclhet a 1996. \u00e9vi XXXI. t\u00f6rv\u00e9ny \u00e9s az Egyetem 65\/2022. (IX.02.) sz\u00e1m\u00fa T\u0171zv\u00e9delmi Szab\u00e1lyzata alapj\u00e1n k\u00f6telez\u0151en el\u0151\u00edrt ism\u00e9tl\u0151d\u0151 t\u0171zv\u00e9delmi oktat\u00e1s \u00e9s a 1993. \u00e9vi XCIII. t\u00f6rv\u00e9ny \u00e9s az Egyetem 65\/2022. (IX.02.) sz\u00e1m\u00fa Munkav\u00e9delmi Szab\u00e1lyzata alapj\u00e1n k\u00f6telez\u0151en el\u0151\u00edrt ism\u00e9tl\u0151d\u0151 munkav\u00e9delmi oktat\u00e1s is. Az oktat\u00e1sok hat\u00e9konyabb lebonyol\u00edt\u00e1sa \u00e9rdek\u00e9ben a Biztons\u00e1gtechnikai Igazgat\u00f3s\u00e1g a mell\u00e9kelt \u00e9ves oktat\u00e1si \u00fctemtervet k\u00e9sz\u00edtette.<\/p>\n<p>Az \u00e9ves ism\u00e9tl\u0151 oktat\u00e1s megtart\u00e1s\u00e1ra 4 f\u00e9le oktat\u00e1si forma k\u00f6z\u00fcl lehet v\u00e1lasztani.<\/p>\n<p>Az oktat\u00e1shoz melynek id\u0151tartama kb. 80 perc, az oktat\u00e1si form\u00e1t\u00f3l f\u00fcgg\u0151en a k\u00f6vetkez\u0151ket k\u00e9rem sz\u00edveskedjen biztos\u00edtani:<\/p>\n<p>&nbsp;<\/p>\n<ol>\n<li><u>Szem\u00e9lyes oktat\u00e1s eset\u00e9n:<\/u><\/li>\n<\/ol>\n<ul>\n<li>oktat\u00e1si helysz\u00edn (tanterem, egy\u00e9b terem),<\/li>\n<li>oktat\u00e1si seg\u00e9deszk\u00f6z (projektor, sz\u00e1m\u00edt\u00f3g\u00e9p\/laptop),<\/li>\n<li>valamint az \u00e9rintett munkav\u00e1llal\u00f3k \u00e9rtes\u00edt\u00e9se, r\u00e9szv\u00e9tel\u00fck biztos\u00edt\u00e1sa.<\/li>\n<\/ul>\n<p>&nbsp;<\/p>\n<p>&nbsp;<\/p>\n<ol>\n<li><u>Online oktat\u00e1s<\/u><\/li>\n<\/ol>\n<p>Amennyiben a szem\u00e9lyes oktat\u00e1s felt\u00e9telei nem biztos\u00edthat\u00f3k, lehet\u0151s\u00e9g van online, ZOOM program\/Teams seg\u00edts\u00e9g\u00e9vel megtartani az oktat\u00e1st. Az online oktat\u00e1son t\u00f6rt\u00e9n\u0151 r\u00e9szv\u00e9tel felt\u00e9telei:<\/p>\n<ul>\n<li>az alkalmaz\u00e1s let\u00f6lt\u00e9se,<\/li>\n<li>a teljes oktat\u00e1s id\u0151tartama alatt bekapcsolt webkamera haszn\u00e1lata,<\/li>\n<li>saj\u00e1t eszk\u00f6zr\u0151l val\u00f3 bejelentkez\u00e9s.<\/li>\n<li>Emellett az oktat\u00e1s v\u00e9g\u00e9n sz\u00fcks\u00e9ges a Redmenta fel\u00fcleten megtal\u00e1lhat\u00f3 teszt legal\u00e1bb 80%-os teljes\u00edt\u00e9se.<\/li>\n<\/ul>\n<p>&nbsp;<\/p>\n<ol start=\"3\">\n<li><u>Hibrid oktat\u00e1s<\/u><\/li>\n<\/ol>\n<p>Amennyiben nem megoldhat\u00f3 minden munkav\u00e1llal\u00f3 r\u00e9sz\u00e9r\u0151l az online vagy szem\u00e9lyes oktat\u00e1si forma, \u00fagy lehet\u0151s\u00e9g van hibrid oktat\u00e1s megtart\u00e1s\u00e1ra. Ez azt jelenti, hogy a munkav\u00e1llal\u00f3k egy r\u00e9sze az online oktat\u00e1si lehet\u0151s\u00e9gek egyik\u00e9n vesz r\u00e9szt, egy r\u00e9sze pedig \u00e9l\u0151ben, az el\u0151re egyeztetett oktat\u00e1si helysz\u00ednen \u00e9s id\u0151pontban.<\/p>\n<p>&nbsp;<\/p>\n<ol start=\"4\">\n<li><u>E-learning oktat\u00e1s<\/u><\/li>\n<\/ol>\n<p>Ebben az esetben lehet\u0151s\u00e9get biztos\u00edtunk egy\u00e9nileg is elsaj\u00e1t\u00edtani az oktat\u00e1si anyagban elv\u00e1rt ismereteket a Redmenta fel\u00fcletre felt\u00f6lt\u00f6tt seg\u00e9dlet seg\u00edts\u00e9g\u00e9vel. Ennek menete a k\u00f6vetkez\u0151: a Redmenta fel\u00fclet\u00e9n l\u00e9v\u0151 oktat\u00e1si anyag el\u00e9r\u00e9si \u00fatvonala e-mailben ker\u00fcl megk\u00fcld\u00e9sre a szervezeti egys\u00e9g sz\u00e1m\u00e1ra. A fel\u00fclet regisztr\u00e1ci\u00f3 n\u00e9lk\u00fcl is el\u00e9rhet\u0151. A munkav\u00e1llal\u00f3 sz\u00e1m\u00e1ra tetsz\u0151leges id\u0151pontban l\u00e9p be a fel\u00fcletre a megadott egy hetes id\u0151intervallumon bel\u00fcl \u00e9s k\u00e9sz\u00fcl fel az ott tal\u00e1lhat\u00f3 oktat\u00e1si anyagokb\u00f3l, melynek v\u00e9g\u00e9n teszt kit\u00f6lt\u00e9se k\u00f6telez\u0151. Ennek 80%-os teljes\u00edt\u00e9se eset\u00e9n fogadhat\u00f3 el az oktat\u00e1si k\u00f6telezetts\u00e9gnek val\u00f3 megfelel\u00e9s.<\/p>\n<p>&nbsp;<\/p>\n<p><strong>Az oktat\u00e1s elv\u00e9gz\u00e9s\u00e9t a tematika megjel\u00f6l\u00e9s\u00e9vel \u00e9s a r\u00e9sztvev\u0151k al\u00e1\u00edr\u00e1s\u00e1val ell\u00e1tva \u00edr\u00e1sban kell r\u00f6gz\u00edteni, a r\u00e9sztvev\u0151k al\u00e1\u00edr\u00e1sa n\u00e9lk\u00fcl nem \u00e9rv\u00e9nyes az oktat\u00e1s. Az online oktat\u00e1son r\u00e9sztvev\u0151k, valamint a Redmenta fel\u00fclet\u00e9t haszn\u00e1l\u00f3k a teszt sikeres teljes\u00edt\u00e9s\u00e9vel igazolj\u00e1k az oktat\u00e1s elv\u00e9gz\u00e9s\u00e9t.<\/strong><\/p>\n<p><strong>Az oktat\u00e1sr\u00f3l k\u00e9sz\u00fclt dokument\u00e1ci\u00f3t hat\u00f3s\u00e1gi ellen\u0151rz\u00e9s sor\u00e1n az ellen\u0151rz\u00e9st v\u00e9gz\u0151k bemutat\u00e1sra k\u00e9rik, hi\u00e1nya eset\u00e9n t\u00f6bb sz\u00e1zezer forintig terjed\u0151en b\u00edrs\u00e1golhatnak.<\/strong><\/p>\n<p>Az el\u0151\u00edrt oktat\u00e1si k\u00f6telezetts\u00e9g teljes\u00edt\u00e9se \u00e9rdek\u00e9ben k\u00e9rem sz\u00edves egy\u00fcttm\u0171k\u00f6d\u00e9s\u00e9t<strong>.\u00a0<\/strong>Amennyiben az oktat\u00e1sokkal, valamint a kijel\u00f6lt id\u0151ponttal kapcsolatban tov\u00e1bbi \u00e9szrev\u00e9tele van, k\u00e9rem forduljon munkat\u00e1rsaim fel\u00e9.<\/p>\n<p>&nbsp;<\/p>\n<p>Budapest, 2024. okt\u00f3ber<\/p>\n<p style=\"text-align: right\"><strong>Tisztelettel:<br \/>\n<\/strong>Simon M\u00e1ty\u00e1s<br \/>\n\u00a0\u00a0\u00a0\u00a0\u00a0 igazgat\u00f3<\/p>\n<p>Mell\u00e9klet: \u00c9ves oktat\u00e1si \u00fctemterv<\/p>\n<p>Mell\u00e9klet:<\/p>\n<table width=\"581\">\n<tbody>\n<tr>\n<td style=\"border-style: solid;border-color: #000000\" colspan=\"2\" width=\"581\">\n<p><strong>2024<\/strong><\/p>\n<\/td>\n<\/tr>\n<tr>\n<td style=\"border-style: solid;border-color: #000000\" colspan=\"2\" width=\"581\">\n<p><strong><u>Munka-, t\u0171z-, polg\u00e1ri v\u00e9delmi, k\u00f6rnyezetv\u00e9delmi- \u00e9s ADR <\/u><\/strong><\/p>\n<p><strong><u>oktat\u00e1sok \u00fctemterve<\/u><\/strong><\/p>\n<\/td>\n<\/tr>\n<tr>\n<td style=\"border-style: solid;border-color: #000000\" width=\"88\">\n<p><strong>Id\u0151pont<\/strong><\/p>\n<\/td>\n<td style=\"border-style: solid;border-color: #000000\" width=\"494\">\n<p><strong>Szervezeti egys\u00e9g megnevez\u00e9se<\/strong><\/p>\n<\/td>\n<\/tr>\n<tr>\n<td style=\"border-style: solid;border-color: #000000\" rowspan=\"7\" width=\"88\">\n<p><strong>janu\u00e1r<\/strong><\/p>\n<\/td>\n<td style=\"border-style: solid;border-color: #000000\" width=\"494\">\n<p>EOK \u00c9lettani Int\u00e9zet<\/p>\n<\/td>\n<\/tr>\n<tr>\n<td style=\"border-style: solid;border-color: #000000\" width=\"494\">\n<p>EOK Molekul\u00e1ris Biol\u00f3giai Tansz\u00e9k<\/p>\n<\/td>\n<\/tr>\n<tr>\n<td style=\"border-style: solid;border-color: #000000\" width=\"494\">\n<p>EOK Biofizikai \u00e9s Sug\u00e1rbiol\u00f3giai Int\u00e9zet<\/p>\n<\/td>\n<\/tr>\n<tr>\n<td style=\"border-style: solid;border-color: #000000\" width=\"494\">\n<p>H\u0151gyes T\u00f6mb int\u00e9zetei<\/p>\n<\/td>\n<\/tr>\n<tr>\n<td style=\"border-style: solid;border-color: #000000\" width=\"494\">\n<p>Belgy\u00f3gy\u00e1szati \u00e9s Hematol\u00f3giai Klinika<\/p>\n<\/td>\n<\/tr>\n<tr>\n<td style=\"border-style: solid;border-color: #000000\" width=\"494\">\n<p>Logisztikai Oszt\u00e1ly<\/p>\n<\/td>\n<\/tr>\n<tr>\n<td style=\"border-style: solid;border-color: #000000\" width=\"494\">\n<p>Patol\u00f3giai, Igazs\u00e1g\u00fcgyi \u00e9s Biztos\u00edt\u00e1si Orvostani Int\u00e9zet<\/p>\n<\/td>\n<\/tr>\n<tr>\n<td style=\"border-style: solid;border-color: #000000\" rowspan=\"7\" width=\"88\">\n<p><strong>febru\u00e1r<\/strong><\/p>\n<\/td>\n<td style=\"border-style: solid;border-color: #000000\" width=\"494\">\n<p>Arc-\u00c1llcsont-Fog\u00e1szati \u00e9s Sz\u00e1jseb\u00e9szeti Klinika<\/p>\n<\/td>\n<\/tr>\n<tr>\n<td style=\"border-style: solid;border-color: #000000\" width=\"494\">\n<p>Gyermekgy\u00f3gy\u00e1szati Klinika T\u0171zolt\u00f3 utcai R\u00e9szleg<\/p>\n<\/td>\n<\/tr>\n<tr>\n<td style=\"border-style: solid;border-color: #000000\" width=\"494\">\n<p>B\u0151r-, Nemik\u00f3rtani \u00e9s B\u0151ronkol\u00f3giai Klinika<\/p>\n<\/td>\n<\/tr>\n<tr>\n<td style=\"border-style: solid;border-color: #000000\" width=\"494\">\n<p>Eg\u00e9szs\u00e9gtudom\u00e1nyi Kar<\/p>\n<\/td>\n<\/tr>\n<tr>\n<td style=\"border-style: solid;border-color: #000000\" width=\"494\">\n<p>EOK \u00c1llath\u00e1z<\/p>\n<\/td>\n<\/tr>\n<tr>\n<td style=\"border-style: solid;border-color: #000000\" width=\"494\">\n<p>Epidemiol\u00f3giai \u00e9s Surevillance K\u00f6zpont<\/p>\n<\/td>\n<\/tr>\n<tr>\n<td style=\"border-style: solid;border-color: #000000\" width=\"494\">\n<p>Ortop\u00e9diai Klinika<\/p>\n<\/td>\n<\/tr>\n<tr>\n<td style=\"border-style: solid;border-color: #000000\" rowspan=\"7\" width=\"88\">\n<p><strong>m\u00e1rcius<\/strong><\/p>\n<\/td>\n<td style=\"border-style: solid;border-color: #000000\" width=\"494\">\n<p>Genomikai Medicina \u00e9s Ritka Betegs\u00e9gek Int\u00e9zete<\/p>\n<\/td>\n<\/tr>\n<tr>\n<td style=\"border-style: solid;border-color: #000000\" width=\"494\">\n<p>Oktat\u00e1sigazgat\u00e1si Hivatal<\/p>\n<\/td>\n<\/tr>\n<tr>\n<td style=\"border-style: solid;border-color: #000000\" width=\"494\">\n<p>S\u00fcrg\u0151ss\u00e9gi Orvostani Klinika<\/p>\n<\/td>\n<\/tr>\n<tr>\n<td style=\"border-style: solid;border-color: #000000\" width=\"494\">\n<p>Sz\u00fcl\u00e9szeti \u00e9s N\u0151gy\u00f3gy\u00e1szati Klinika \u00dcll\u0151i \u00fati R\u00e9szleg<\/p>\n<\/td>\n<\/tr>\n<tr>\n<td style=\"border-style: solid;border-color: #000000\" width=\"494\">\n<p>L\u00e9tes\u00edtm\u00e9nyfejleszt\u00e9si \u00e9s \u00dczemeltet\u00e9si Igazgat\u00f3s\u00e1g<\/p>\n<\/td>\n<\/tr>\n<tr>\n<td style=\"border-style: solid;border-color: #000000\" width=\"494\">\n<p>T\u00f6mbigazgat\u00f3s\u00e1g (EOK)<\/p>\n<\/td>\n<\/tr>\n<tr>\n<td style=\"border-style: solid;border-color: #000000\" width=\"494\">\n<p>Traumatol\u00f3giai Klinika<\/p>\n<\/td>\n<\/tr>\n<tr>\n<td style=\"border-style: solid;border-color: #000000\" rowspan=\"5\" width=\"88\">\n<p><strong>\u00e1prilis<\/strong><\/p>\n<\/td>\n<td style=\"border-style: solid;border-color: #000000\" width=\"494\">\n<p>Onkol\u00f3giai R\u00e9szleg<\/p>\n<\/td>\n<\/tr>\n<tr>\n<td style=\"border-style: solid;border-color: #000000\" width=\"494\">\n<p>Emberier\u0151forr\u00e1s-Gazd\u00e1lkod\u00e1si F\u0151igazgat\u00f3s\u00e1g<\/p>\n<\/td>\n<\/tr>\n<tr>\n<td style=\"border-style: solid;border-color: #000000\" width=\"494\">\n<p>Szent R\u00f3kus K\u00f3rh\u00e1z<\/p>\n<\/td>\n<\/tr>\n<tr>\n<td style=\"border-style: solid;border-color: #000000\" width=\"494\">\n<p>V\u00e1rosmajori Klinikai T\u00f6mb<\/p>\n<\/td>\n<\/tr>\n<tr>\n<td style=\"border-style: solid;border-color: #000000\" width=\"494\">\n<p>F\u00fcl-Orr-G\u00e9g\u00e9szeti \u00e9s Fej-Nyakseb\u00e9szeti Klinika<\/p>\n<\/td>\n<\/tr>\n<tr>\n<td style=\"border-style: solid;border-color: #000000\" rowspan=\"5\" width=\"88\">\n<p><strong>m\u00e1jus<\/strong><\/p>\n<\/td>\n<td style=\"border-style: solid;border-color: #000000\" width=\"494\">\n<p>Patol\u00f3giai \u00e9s K\u00eds\u00e9rleti R\u00e1kkutat\u00f3 Int\u00e9zet<\/p>\n<\/td>\n<\/tr>\n<tr>\n<td style=\"border-style: solid;border-color: #000000\" width=\"494\">\n<p>Sz\u00fcl\u00e9szeti \u00e9s N\u0151gy\u00f3gy\u00e1szati Klinika Baross utcai R\u00e9szleg<\/p>\n<\/td>\n<\/tr>\n<tr>\n<td style=\"border-style: solid;border-color: #000000\" width=\"494\">\n<p>Anat\u00f3miai, Sz\u00f6vet-, \u00e9s Fejl\u0151d\u00e9stani Int\u00e9zet<\/p>\n<\/td>\n<\/tr>\n<tr>\n<td style=\"border-style: solid;border-color: #000000\" width=\"494\">\n<p>Koll\u00e9giumok Igazgat\u00f3s\u00e1ga<\/p>\n<\/td>\n<\/tr>\n<tr>\n<td style=\"border-style: solid;border-color: #000000\" width=\"494\">\n<p>Farmakogn\u00f3ziai Int\u00e9zet<\/p>\n<\/td>\n<\/tr>\n<tr>\n<td style=\"border-style: solid;border-color: #000000\" rowspan=\"5\" width=\"88\">\n<p><strong>j\u00fanius<\/strong><\/p>\n<\/td>\n<td style=\"border-style: solid;border-color: #000000\" width=\"494\">\n<p>Laborat\u00f3riumi Medicina Int\u00e9zet<\/p>\n<\/td>\n<\/tr>\n<tr>\n<td style=\"border-style: solid;border-color: #000000\" width=\"494\">\n<p>Fogorvostudom\u00e1nyi Kar Oktat\u00e1si Centrum int\u00e9zetei<\/p>\n<\/td>\n<\/tr>\n<tr>\n<td style=\"border-style: solid;border-color: #000000\" width=\"494\">\n<p>Fog\u00e1szati \u00e9s Sz\u00e1jseb\u00e9szeti Oktat\u00f3 Int\u00e9zet<\/p>\n<\/td>\n<\/tr>\n<tr>\n<td style=\"border-style: solid;border-color: #000000\" width=\"494\">\n<p>K\u00f6zponti Igazgat\u00e1si \u00c9p\u00fclet<\/p>\n<\/td>\n<\/tr>\n<tr>\n<td style=\"border-style: solid;border-color: #000000\" width=\"494\">\n<p>Nagyv\u00e1rad t\u00e9ri Elm\u00e9leti T\u00f6mb int\u00e9zetei + Herceghalom<\/p>\n<\/td>\n<\/tr>\n<tr>\n<td style=\"border-style: solid;border-color: #000000\" width=\"88\">\n<p><strong>j\u00falius<\/strong><\/p>\n<\/td>\n<td style=\"border-style: solid;border-color: #000000\" width=\"494\">\n<p>&#8211;<\/p>\n<\/td>\n<\/tr>\n<tr>\n<td style=\"border-style: solid;border-color: #000000\" rowspan=\"4\" width=\"88\">\n<p><strong>augusztus<\/strong><\/p>\n<\/td>\n<td style=\"border-style: solid;border-color: #000000\" width=\"494\">\n<p>Semmelweis Egyetem Semmelweis Ign\u00e1c T\u00f6bbc\u00e9l\u00fa Szakk\u00e9pz\u0151 Int\u00e9zm\u00e9nye<\/p>\n<\/td>\n<\/tr>\n<tr>\n<td style=\"border-style: solid;border-color: #000000\" width=\"494\">\n<p>Semmelweis Egyetem B\u00f3kay J\u00e1nos T\u00f6bbc\u00e9l\u00fa Szakk\u00e9pz\u0151 Int\u00e9zm\u00e9nye<\/p>\n<\/td>\n<\/tr>\n<tr>\n<td style=\"border-style: solid;border-color: #000000\" width=\"494\">\n<p>Semmelweis Egyetem Raoul Wallenberg T\u00f6bbc\u00e9l\u00fa Szakk\u00e9pz\u0151 Int\u00e9zm\u00e9nye<\/p>\n<\/td>\n<\/tr>\n<tr>\n<td style=\"border-style: solid;border-color: #000000\" width=\"494\">\n<p>Semmelweis Egyetem Kanizsai Dorottya T\u00f6bbc\u00e9l\u00fa Szakk\u00e9pz\u0151 Int\u00e9zm\u00e9nye<\/p>\n<\/td>\n<\/tr>\n<tr>\n<td style=\"border-style: solid;border-color: #000000\" rowspan=\"6\" width=\"88\">\n<p><strong>szeptember<\/strong><\/p>\n<\/td>\n<td style=\"border-style: solid;border-color: #000000\" width=\"494\">\n<p>Belgy\u00f3gy\u00e1szati \u00e9s Onkol\u00f3giai Klinika<\/p>\n<\/td>\n<\/tr>\n<tr>\n<td style=\"border-style: solid;border-color: #000000\" width=\"494\">\n<p>EOK Biok\u00e9miai Tansz\u00e9k<\/p>\n<\/td>\n<\/tr>\n<tr>\n<td style=\"border-style: solid;border-color: #000000\" width=\"494\">\n<p>Alumni Igazgat\u00f3s\u00e1g<\/p>\n<\/td>\n<\/tr>\n<tr>\n<td style=\"border-style: solid;border-color: #000000\" width=\"494\">\n<p>Orvosi K\u00e9palkot\u00f3 Klinika<\/p>\n<\/td>\n<\/tr>\n<tr>\n<td style=\"border-style: solid;border-color: #000000\" width=\"494\">\n<p>Szem\u00e9szeti Klinika<\/p>\n<\/td>\n<\/tr>\n<tr>\n<td style=\"border-style: solid;border-color: #000000\" width=\"494\">\n<p>Pet\u0151 Andr\u00e1s Kar<\/p>\n<\/td>\n<\/tr>\n<tr>\n<td style=\"border-style: solid;border-color: #000000\" rowspan=\"6\" width=\"88\">\n<p><strong>okt\u00f3ber<\/strong><\/p>\n<\/td>\n<td style=\"border-style: solid;border-color: #000000\" width=\"494\">\n<p>Napk\u00f6ziotthonos \u00d3voda<\/p>\n<\/td>\n<\/tr>\n<tr>\n<td style=\"border-style: solid;border-color: #000000\" width=\"494\">\n<p>Neurol\u00f3giai Klinika<\/p>\n<\/td>\n<\/tr>\n<tr>\n<td style=\"border-style: solid;border-color: #000000\" width=\"494\">\n<p>Pszichi\u00e1triai \u00e9s Pszichoter\u00e1pi\u00e1s Klinika<\/p>\n<\/td>\n<\/tr>\n<tr>\n<td style=\"border-style: solid;border-color: #000000\" width=\"494\">\n<p>EOK Transzl\u00e1ci\u00f3s Medicina Int\u00e9zet<\/p>\n<\/td>\n<\/tr>\n<tr>\n<td style=\"border-style: solid;border-color: #000000\" width=\"494\">\n<p>Urol\u00f3giai Klinika<\/p>\n<\/td>\n<\/tr>\n<tr>\n<td style=\"border-style: solid;border-color: #000000\" width=\"494\">\n<p>Ellen\u0151rz\u00e9si Igazgat\u00f3s\u00e1g<\/p>\n<\/td>\n<\/tr>\n<tr>\n<td style=\"border-style: solid;border-color: #000000\" rowspan=\"7\" width=\"88\">\n<p><strong>november<\/strong><\/p>\n<\/td>\n<td style=\"border-style: solid;border-color: #000000\" width=\"494\">\n<p>Seb\u00e9szeti, Transzplant\u00e1ci\u00f3s \u00e9s Gasztroenterol\u00f3giai Klinika<\/p>\n<\/td>\n<\/tr>\n<tr>\n<td style=\"border-style: solid;border-color: #000000\" width=\"494\">\n<p>Szolg\u00e1ltat\u00e1si Igazgat\u00f3s\u00e1g (Parkfenntart\u00e1si Oszt\u00e1ly, Szolg\u00e1ltat\u00e1si Oszt\u00e1ly)<\/p>\n<\/td>\n<\/tr>\n<tr>\n<td style=\"border-style: solid;border-color: #000000\" width=\"494\">\n<p>Beszerz\u00e9si Igazgat\u00f3s\u00e1g<\/p>\n<\/td>\n<\/tr>\n<tr>\n<td style=\"border-style: solid;border-color: #000000\" width=\"494\">\n<p>Pulmonol\u00f3giai Klinika<\/p>\n<\/td>\n<\/tr>\n<tr>\n<td style=\"border-style: solid;border-color: #000000\" width=\"494\">\n<p>K\u00f6zponti K\u00f6nyvt\u00e1r<\/p>\n<\/td>\n<\/tr>\n<tr>\n<td style=\"border-style: solid;border-color: #000000\" width=\"494\">\n<p>Gyermekgy\u00f3gy\u00e1szati Klinika B\u00f3kay utcai R\u00e9szleg<\/p>\n<\/td>\n<\/tr>\n<tr>\n<td style=\"border-style: solid;border-color: #000000\" width=\"494\">\n<p>Biztons\u00e1gtechnikai Igazgat\u00f3s\u00e1g<\/p>\n<\/td>\n<\/tr>\n<tr>\n<td style=\"border-style: solid;border-color: #000000\" width=\"88\">\n<p><strong>december<\/strong><\/p>\n<\/td>\n<td style=\"border-style: solid;border-color: #000000\" width=\"494\">\n<p>&#8211;<\/p>\n<\/td>\n<\/tr>\n<\/tbody>\n<\/table>\n<p>&nbsp;<\/p>\n","protected":false},"excerpt":{"rendered":"<p>T\u00e1j\u00e9koztatom, hogy a Vesz\u00e9lyes \u00c1ruk Nemzetk\u00f6zi K\u00f6z\u00fati Sz\u00e1ll\u00edt\u00e1s\u00e1r\u00f3l sz\u00f3l\u00f3 Eur\u00f3pai Meg\u00e1llapod\u00e1s, valamint az Egyetem 65\/2022. (IX.02.) sz\u00e1m\u00fa K\u00f6rnyezetv\u00e9delmi Szab\u00e1lyzata \u00e1ltal el\u0151\u00edrt\u00a0k\u00f6telez\u0151, dokument\u00e1lt, ismeretfel\u00faj\u00edt\u00f3 ADR oktat\u00e1s megtart\u00e1sa\u00a0sz\u00fcks\u00e9ges az Egyetem vesz\u00e9lyes \u00e1ru- \u00e9s vesz\u00e9lyes hullad\u00e9ksz\u00e1ll\u00edt\u00e1ssal \u00e9rintett szervezeti egys\u00e9geiben dolgoz\u00f3 munkat\u00e1rsak r\u00e9sz\u00e9re. Az ADR oktat\u00e1ssal egybek\u00f6tve megtart\u00e1sra ker\u00fclhet a 1996. \u00e9vi XXXI. t\u00f6rv\u00e9ny \u00e9s az Egyetem 65\/2022. (IX.02.) &hellip;<\/p>\n","protected":false},"author":286,"featured_media":91284,"comment_status":"closed","ping_status":"closed","sticky":false,"template":"","format":"standard","meta":{"_acf_changed":false,"footnotes":""},"categories":[7],"tags":[12],"class_list":["post-91692","post","type-post","status-publish","format-standard","has-post-thumbnail","hentry","category-hirek","tag-bti"],"acf":[],"_links":{"self":[{"href":"https:\/\/semmelweis.hu\/mfi\/wp-json\/wp\/v2\/posts\/91692","targetHints":{"allow":["GET"]}}],"collection":[{"href":"https:\/\/semmelweis.hu\/mfi\/wp-json\/wp\/v2\/posts"}],"about":[{"href":"https:\/\/semmelweis.hu\/mfi\/wp-json\/wp\/v2\/types\/post"}],"author":[{"embeddable":true,"href":"https:\/\/semmelweis.hu\/mfi\/wp-json\/wp\/v2\/users\/286"}],"replies":[{"embeddable":true,"href":"https:\/\/semmelweis.hu\/mfi\/wp-json\/wp\/v2\/comments?post=91692"}],"version-history":[{"count":1,"href":"https:\/\/semmelweis.hu\/mfi\/wp-json\/wp\/v2\/posts\/91692\/revisions"}],"predecessor-version":[{"id":91693,"href":"https:\/\/semmelweis.hu\/mfi\/wp-json\/wp\/v2\/posts\/91692\/revisions\/91693"}],"wp:featuredmedia":[{"embeddable":true,"href":"https:\/\/semmelweis.hu\/mfi\/wp-json\/wp\/v2\/media\/91284"}],"wp:attachment":[{"href":"https:\/\/semmelweis.hu\/mfi\/wp-json\/wp\/v2\/media?parent=91692"}],"wp:term":[{"taxonomy":"category","embeddable":true,"href":"https:\/\/semmelweis.hu\/mfi\/wp-json\/wp\/v2\/categories?post=91692"},{"taxonomy":"post_tag","embeddable":true,"href":"https:\/\/semmelweis.hu\/mfi\/wp-json\/wp\/v2\/tags?post=91692"}],"curies":[{"name":"wp","href":"https:\/\/api.w.org\/{rel}","templated":true}]}}