{"id":91095,"date":"2022-03-10T15:25:22","date_gmt":"2022-03-10T14:25:22","guid":{"rendered":"https:\/\/semmelweis.hu\/mfi\/?p=91095"},"modified":"2022-03-16T14:54:48","modified_gmt":"2022-03-16T13:54:48","slug":"2022-marcius-15-i-unnepi-munkarend-a-textil-raktarban","status":"publish","type":"post","link":"https:\/\/semmelweis.hu\/mfi\/2022\/03\/10\/2022-marcius-15-i-unnepi-munkarend-a-textil-raktarban\/","title":{"rendered":"2022. m\u00e1rcius 15-i \u00fcnnepi munkarend a Textil Rakt\u00e1rban"},"content":{"rendered":"<p>&nbsp;<\/p>\n<p style=\"text-align: right\"><a href=\"https:\/\/semmelweis.hu\/mfi\/files\/2022\/03\/30930-Tajekoztato-marcius-15-ig-unnepi-munkarendrol-a-Textilrak.pdf\" target=\"_blank\" rel=\"noopener\">PDF form\u00e1tum<\/a><\/p>\n<p style=\"text-align: justify\">T\u00e1j\u00e9koztatom \u00d6n\u00f6ket, hogy a Textilrakt\u00e1r 2022. m\u00e1rcius 15-i \u00a0\u00fcnnepi munkarendje a k\u00f6vetkez\u0151k\u00e9ppen alkul:<\/p>\n<p style=\"text-align: justify\"><strong>2022.03.12.,14. \u00e9s15. napokon a Textilrakt\u00e1r z\u00e1rva tart.<\/strong><\/p>\n<p style=\"text-align: justify\"><strong>2022.03.13. (vas\u00e1rnap):<\/strong> a Textilrakt\u00e1r teljes, egym\u0171szakos munkarendben dolgozik. A COVID-ell\u00e1t\u00f3 oszt\u00e1lyok mellett ig\u00e9ny eset\u00e9n az \u00f6sszes t\u00f6bbi szervezeti egys\u00e9gnek is biztos\u00edtjuk a szennyes elsz\u00e1ll\u00edt\u00e1s\u00e1t \u00e9s a tiszta text\u00edli\u00e1val t\u00f6rt\u00e9n\u0151 ell\u00e1t\u00e1st.<\/p>\n<p style=\"text-align: justify\">Az \u00fcnnepi id\u0151szakra text\u00edlia el\u0151leget nem \u00e1ll m\u00f3dunkban biztos\u00edtani.<\/p>\n<p style=\"text-align: justify\">Amennyiben az \u00d6n\u00f6k szervezeti egys\u00e9ge \u00e9lni k\u00edv\u00e1n a szolg\u00e1ltat\u00e1s ig\u00e9nybev\u00e9tel\u00e9nek lehet\u0151s\u00e9g\u00e9vel, \u00fagy azt k\u00e9rem, jelezz\u00e9k <strong>D\u00f6m\u00e9ny Katalin<\/strong> csereruha-rakt\u00e1rvezet\u0151nek, a <strong>+36 20\u00a0663 2044<\/strong>-es telefonsz\u00e1mon.<\/p>\n<p>Budapest, 2022. m\u00e1rcius 07.\u00a0\u00a0\u00a0\u00a0\u00a0\u00a0\u00a0\u00a0\u00a0\u00a0\u00a0\u00a0\u00a0\u00a0\u00a0\u00a0<\/p>\n<p>&nbsp;<\/p>\n<p style=\"text-align: right\">Tisztelettel:<\/p>\n<p style=\"text-align: right\">\u00dcr\u00f6gi Zsolt<br \/>\nigazgat\u00f3<\/p>\n","protected":false},"excerpt":{"rendered":"<p>&nbsp; <a href=\"https:\/\/semmelweis.hu\/mfi\/files\/2022\/03\/30930-Tajekoztato-marcius-15-ig-unnepi-munkarendrol-a-Textilrak.pdf\" target=\"_blank\" rel=\"noopener\">PDF form\u00e1tum<\/a> T\u00e1j\u00e9koztatom \u00d6n\u00f6ket, hogy a Textilrakt\u00e1r 2022. m\u00e1rcius 15-i \u00a0\u00fcnnepi munkarendje a k\u00f6vetkez\u0151k\u00e9ppen alkul: 2022.03.12.,14. \u00e9s15. napokon a Textilrakt\u00e1r z\u00e1rva tart. 2022.03.13. (vas\u00e1rnap): a Textilrakt\u00e1r teljes, egym\u0171szakos munkarendben dolgozik. A COVID-ell\u00e1t\u00f3 oszt\u00e1lyok mellett ig\u00e9ny eset\u00e9n az \u00f6sszes t\u00f6bbi szervezeti egys\u00e9gnek is biztos\u00edtjuk a szennyes elsz\u00e1ll\u00edt\u00e1s\u00e1t \u00e9s a tiszta text\u00edli\u00e1val t\u00f6rt\u00e9n\u0151 ell\u00e1t\u00e1st. Az \u00fcnnepi id\u0151szakra text\u00edlia &hellip;<\/p>\n","protected":false},"author":286,"featured_media":90791,"comment_status":"closed","ping_status":"closed","sticky":false,"template":"","format":"standard","meta":{"_acf_changed":false,"footnotes":""},"categories":[7],"tags":[13],"class_list":["post-91095","post","type-post","status-publish","format-standard","has-post-thumbnail","hentry","category-hirek","tag-szi"],"acf":[],"_links":{"self":[{"href":"https:\/\/semmelweis.hu\/mfi\/wp-json\/wp\/v2\/posts\/91095","targetHints":{"allow":["GET"]}}],"collection":[{"href":"https:\/\/semmelweis.hu\/mfi\/wp-json\/wp\/v2\/posts"}],"about":[{"href":"https:\/\/semmelweis.hu\/mfi\/wp-json\/wp\/v2\/types\/post"}],"author":[{"embeddable":true,"href":"https:\/\/semmelweis.hu\/mfi\/wp-json\/wp\/v2\/users\/286"}],"replies":[{"embeddable":true,"href":"https:\/\/semmelweis.hu\/mfi\/wp-json\/wp\/v2\/comments?post=91095"}],"version-history":[{"count":1,"href":"https:\/\/semmelweis.hu\/mfi\/wp-json\/wp\/v2\/posts\/91095\/revisions"}],"predecessor-version":[{"id":91097,"href":"https:\/\/semmelweis.hu\/mfi\/wp-json\/wp\/v2\/posts\/91095\/revisions\/91097"}],"wp:featuredmedia":[{"embeddable":true,"href":"https:\/\/semmelweis.hu\/mfi\/wp-json\/wp\/v2\/media\/90791"}],"wp:attachment":[{"href":"https:\/\/semmelweis.hu\/mfi\/wp-json\/wp\/v2\/media?parent=91095"}],"wp:term":[{"taxonomy":"category","embeddable":true,"href":"https:\/\/semmelweis.hu\/mfi\/wp-json\/wp\/v2\/categories?post=91095"},{"taxonomy":"post_tag","embeddable":true,"href":"https:\/\/semmelweis.hu\/mfi\/wp-json\/wp\/v2\/tags?post=91095"}],"curies":[{"name":"wp","href":"https:\/\/api.w.org\/{rel}","templated":true}]}}