{"id":90935,"date":"2021-07-09T15:16:43","date_gmt":"2021-07-09T13:16:43","guid":{"rendered":"https:\/\/semmelweis.hu\/mfi\/?p=90935"},"modified":"2021-07-12T11:39:41","modified_gmt":"2021-07-12T09:39:41","slug":"vihar-veszely","status":"publish","type":"post","link":"https:\/\/semmelweis.hu\/mfi\/2021\/07\/09\/vihar-veszely\/","title":{"rendered":"Vihar vesz\u00e9ly!"},"content":{"rendered":"<p style=\"text-align: justify\">A d\u00e9lut\u00e1ni, esti \u00f3r\u00e1kban (07.09) ak\u00e1r harmadfok\u00fa (piros) riaszt\u00e1st is kiadhatnak.<\/p>\n<p style=\"text-align: justify\">Mukics D\u00e1niel, az Orsz\u00e1gos Katasztr\u00f3fav\u00e9delmi F\u0151igazgat\u00f3s\u00e1g sz\u00f3viv\u0151je azt k\u00e9ri, mindenki figyelje a meteorol\u00f3giai szolg\u00e1lat figyelmeztet\u00e9seit, riaszt\u00e1sait. &#8216;Kiemelte, hogy a viharos sz\u00e9lben lehet\u0151s\u00e9g szerint ne parkoljunk f\u00e1k al\u00e1, a k\u00f6z\u00faton pedig a fasorok mellett is kell\u0151 figyelemmel k\u00f6zlekedj\u00fcnk&#8221;<\/p>\n<p style=\"text-align: justify\">K\u00e9rem\u00a0az\u00a0Egyetem\u00a0parkjaiban\u00a0is\u00a0kiemelt\u00a0figyelemmel\u00a0legy\u00fcnk\u00a0a\u00a0baleset\u00a0elker\u00fcl\u00e9se\u00a0\u00e9rdek\u00e9ben!<\/p>\n","protected":false},"excerpt":{"rendered":"<p>A d\u00e9lut\u00e1ni, esti \u00f3r\u00e1kban (07.09) ak\u00e1r harmadfok\u00fa (piros) riaszt\u00e1st is kiadhatnak.<br \/>\nMukics D\u00e1niel, az Orsz\u00e1gos Katasztr\u00f3fav\u00e9delmi F\u0151igazgat\u00f3s\u00e1g sz\u00f3viv\u0151je azt k\u00e9ri, mindenki figyelje a meteorol\u00f3giai szolg\u00e1lat figyelmeztet\u00e9seit, riaszt\u00e1sait. &#8216;Kiemelte, hogy a viharos sz\u00e9lben lehet\u0151s\u00e9g szerint ne parkoljunk f\u00e1k al\u00e1, a k\u00f6z\u00faton pedig a fasorok mellett is kell\u0151 figyelemmel k\u00f6zlekedj\u00fcnk&#8221;<br \/>\nK\u00e9rem\u00a0az\u00a0Egyetem\u00a0parkjaiban\u00a0is\u00a0kiemelt\u00a0figyelemmel\u00a0legy\u00fcnk\u00a0a\u00a0baleset\u00a0elker\u00fcl\u00e9se\u00a0\u00e9rdek\u00e9ben!<\/p>\n","protected":false},"author":286,"featured_media":90937,"comment_status":"closed","ping_status":"closed","sticky":false,"template":"","format":"standard","meta":{"_acf_changed":false,"footnotes":""},"categories":[7],"tags":[19,13],"class_list":["post-90935","post","type-post","status-publish","format-standard","has-post-thumbnail","hentry","category-hirek","tag-mfi","tag-szi"],"acf":[],"_links":{"self":[{"href":"https:\/\/semmelweis.hu\/mfi\/wp-json\/wp\/v2\/posts\/90935","targetHints":{"allow":["GET"]}}],"collection":[{"href":"https:\/\/semmelweis.hu\/mfi\/wp-json\/wp\/v2\/posts"}],"about":[{"href":"https:\/\/semmelweis.hu\/mfi\/wp-json\/wp\/v2\/types\/post"}],"author":[{"embeddable":true,"href":"https:\/\/semmelweis.hu\/mfi\/wp-json\/wp\/v2\/users\/286"}],"replies":[{"embeddable":true,"href":"https:\/\/semmelweis.hu\/mfi\/wp-json\/wp\/v2\/comments?post=90935"}],"version-history":[{"count":4,"href":"https:\/\/semmelweis.hu\/mfi\/wp-json\/wp\/v2\/posts\/90935\/revisions"}],"predecessor-version":[{"id":90941,"href":"https:\/\/semmelweis.hu\/mfi\/wp-json\/wp\/v2\/posts\/90935\/revisions\/90941"}],"wp:featuredmedia":[{"embeddable":true,"href":"https:\/\/semmelweis.hu\/mfi\/wp-json\/wp\/v2\/media\/90937"}],"wp:attachment":[{"href":"https:\/\/semmelweis.hu\/mfi\/wp-json\/wp\/v2\/media?parent=90935"}],"wp:term":[{"taxonomy":"category","embeddable":true,"href":"https:\/\/semmelweis.hu\/mfi\/wp-json\/wp\/v2\/categories?post=90935"},{"taxonomy":"post_tag","embeddable":true,"href":"https:\/\/semmelweis.hu\/mfi\/wp-json\/wp\/v2\/tags?post=90935"}],"curies":[{"name":"wp","href":"https:\/\/api.w.org\/{rel}","templated":true}]}}